{"id":990,"date":"2016-05-30T00:00:00","date_gmt":"2016-05-30T00:00:00","guid":{"rendered":"https:\/\/www.salvatorianas.org.br\/blog\/paroquia-sao-jose-reorganiza-sua-pastoral-familiar\/"},"modified":"2016-05-30T00:00:00","modified_gmt":"2016-05-30T00:00:00","slug":"paroquia-sao-jose-reorganiza-sua-pastoral-familiar","status":"publish","type":"post","link":"https:\/\/www.salvatorianas.org.br\/blog\/paroquia-sao-jose-reorganiza-sua-pastoral-familiar\/","title":{"rendered":"Par\u00f3quia S\u00e3o Jos\u00e9 reorganiza sua Pastoral Familiar"},"content":{"rendered":"<p class=\"MsoNormal\" style=\"text-align: justify;\"><span style=\"font-size:12.0pt;line-height:115%;font-family:\" times=\"\" new=\"\" roman\",\"serif\"\"=\"\">[imagem1]<\/span><\/p>\n<p class=\"MsoNormal\" style=\"text-align: justify;\"><span style=\"font-size:12.0pt;line-height:115%;font-family:\" times=\"\" new=\"\" roman\",\"serif\"\"=\"\"><br \/><\/span><\/p>\n<p class=\"MsoNormal\" style=\"text-align: justify;\"><span style=\"font-size:12.0pt;line-height:115%;font-family:\" times=\"\" new=\"\" roman\",\"serif\"\"=\"\">A fam&iacute;lia sempre foi important&iacute;ssima para a Igreja, pois &eacute; atrav&eacute;s dela que o homem inicia suavida, forma sua base. A Pastoral Familiar surgiu da necessidade de atua&ccedil;&atilde;o daIgreja junto &agrave;s fam&iacute;lias, em virtude das amplas, profundas e r&aacute;pidas transforma&ccedil;&otilde;es sociais e culturais, que p&otilde;em em quest&atilde;o esta institui&ccedil;&atilde;o que &eacute; o cerne da sociedade.<\/span><\/p>\n<p class=\"MsoNormal\" style=\"text-align: justify;\"><span style=\"font-size:12.0pt;line-height:115%;font-family:\" times=\"\" new=\"\" roman\",\"serif\"\"=\"\"><br \/><\/span><\/p>\n<p class=\"MsoNormal\" style=\"text-align: justify;\"><span style=\"font-size: 12pt; line-height: 115%;\">A Pastoral Familiar foi implantada em Duque Bacelar\/MA em meados da d&eacute;cada de 1990. Com o passar dotempo, muitas coisas foram mudando e perdendo vigor, por causa de diversos fatores, como: a desist&ecirc;ncia de membros, a falta de compromisso e de incentivo, o des&acirc;nimo, dentre outros. Mas, um pequeno grupopersistiu.&nbsp;<\/span><\/p>\n<p class=\"MsoNormal\" style=\"text-align: justify;\"><\/p>\n<p class=\"MsoNormal\" style=\"text-align: justify;\"><span style=\"font-size:12.0pt;line-height:115%;font-family:\" times=\"\" new=\"\" roman\",\"serif\"\"=\"\">A partir do <b>II Congresso Diocesano da Pastoral Familiar<\/b>acontecido em novembro de 2015, viu-se a necessidade de reorganizar esta pastoral,devido a sua grande import&acirc;ncia na vida das fam&iacute;lias e no setor paroquial. A partir disso, come&ccedil;aram a surgir nomes de pessoas para assumir lideran&ccedil;as na coordena&ccedil;&atilde;o,atrav&eacute;s de comunicados nas missas e na r&aacute;diocomunit&aacute;ria e de convites personalizados.E em mar&ccedil;o iniciaram os primeirosencontros com os novos membros, tendo a colabora&ccedil;&atilde;o dos membros anteriores e da Ir. Henriqueta Mezzomo, SDS.<\/span><\/p>\n<p class=\"MsoNormal\" style=\"text-align: justify;\"><span style=\"font-size:12.0pt;line-height:115%;font-family:\" times=\"\" new=\"\" roman\",\"serif\"\"=\"\"><br \/><\/span><\/p>\n<p class=\"MsoNormal\" style=\"text-align: justify;\"><span style=\"font-size:12.0pt;line-height:115%;font-family:\" times=\"\" new=\"\" roman\",\"serif\"\"=\"\">Para melhor atua&ccedil;&atilde;o desta pastoral, al&eacute;m da coordena&ccedil;&atilde;o, ela est&aacute; dividida nos pilares: pr&eacute;-matrimonial, p&oacute;s-matrimonial, e de casais com mais forma&ccedil;&atilde;o e preparo.<\/span><\/p>\n<p class=\"MsoNormal\" style=\"text-align: justify;\"><span style=\"font-size:12.0pt;line-height:115%;font-family:\" times=\"\" new=\"\" roman\",\"serif\"\"=\"\"><br \/><\/span><\/p>\n<p class=\"MsoNormal\" style=\"text-align: justify;\"><b><span style=\"font-size:12.0pt;line-height:115%;font-family:\" times=\"\" new=\"\" roman\",\"serif\"\"=\"\">Encontr&atilde;oda Pastoral Familiar<\/span><\/b><\/p>\n<p class=\"MsoNormal\" style=\"text-align: justify;\"><b><span style=\"font-size:12.0pt;line-height:115%;font-family:\" times=\"\" new=\"\" roman\",\"serif\"\"=\"\"><br \/><\/span><\/b><\/p>\n<p class=\"MsoNormal\" style=\"text-align: justify;\"><span style=\"font-size:12.0pt;line-height:115%;font-family:\" times=\"\" new=\"\" roman\",\"serif\"\"=\"\">No dia 29 de maio de 2016 foi realizado um grande encontro da Pastoral Familiar, com a colabora&ccedil;&atilde;o eassessoria da Equipe Diocesana da Pastoral Familiar, que exp&ocirc;s demaneira clara os objetivos de cada um dos pilares. Foi uma manh&atilde; muito rica de estudo, reflex&atilde;o e ora&ccedil;&atilde;o. Ap&oacute;s a reflex&atilde;o, cada participante doencontro ficou livre para decidir emqual dos pilares se sente mais atra&iacute;do para atuar.<\/span><\/p>\n<p class=\"MsoNormal\" style=\"text-align: justify;\"><span style=\"font-size:12.0pt;line-height:115%;font-family:\" times=\"\" new=\"\" roman\",\"serif\"\"=\"\"><br \/><\/span><\/p>\n<p class=\"MsoNormal\" style=\"text-align: justify;\"><span style=\"font-size:12.0pt;line-height:115%;font-family:\" times=\"\" new=\"\" roman\",\"serif\"\"=\"\">O encontro iniciou com aSanta Missa e concluiu com um almo&ccedil;o comunit&aacute;rio. A missa tamb&eacute;m contou com aparticipa&ccedil;&atilde;o dos jovens que fazem parte da quadrilha &ldquo;Explode Cora&ccedil;&atilde;o&rdquo;, que leva a dan&ccedil;a a diversos cantos do Maranh&atilde;o, nos meses de junho e julho. No final da missa,todos receberam a b&ecirc;n&ccedil;&atilde;o do envio. Tantoa Pastoral Familiar, como o grupo jovem, carregam valores que n&atilde;o se podem perder. <\/span><\/p>\n<p class=\"MsoNormal\" style=\"text-align: justify;\"><span style=\"font-size:12.0pt;line-height:115%;font-family:\" times=\"\" new=\"\" roman\",\"serif\"\"=\"\"><i><br \/><\/i><\/span><\/p>\n<p class=\"MsoNormal\" style=\"text-align: justify;\"><span style=\"font-size:12.0pt;line-height:115%;font-family:\" times=\"\" new=\"\" roman\",\"serif\"\"=\"\"><i>&ldquo;A fam&iacute;lia &eacute; ofundamento da pr&oacute;pria sociedade, &eacute; a primeira escola das virtudes sociais&#8221;.<\/i>&nbsp;(Doc. 65, Cole&ccedil;&atilde;o de Estudos da CNBB)<\/span><\/p>\n<p class=\"MsoNormal\" style=\"text-align: justify;\"><span style=\"font-size:12.0pt;line-height:115%;font-family:\" times=\"\" new=\"\" roman\",\"serif\"\"=\"\"><br \/><\/span><\/p>\n<p class=\"MsoNormal\" style=\"text-align: justify;\"><span style=\"font-size:12.0pt;line-height:115%;font-family:\" times=\"\" new=\"\" roman\",\"serif\"\"=\"\"><i>&ldquo;A fam&iacute;lia crist&atilde; &eacute; ac&eacute;lula primeira e vital da sociedade; &eacute; o santu&aacute;rio da vida, &eacute; IgrejaDom&eacute;stica; &eacute; o primeiro espa&ccedil;o de evangeliza&ccedil;&atilde;o e engajamento social&rdquo;.<\/i> (Doc.Santo Domingo n&ordm; 214)<\/span><\/p>\n<p class=\"MsoNormal\" style=\"text-align: justify;\"><span style=\"font-size:12.0pt;line-height:115%;font-family:\" times=\"\" new=\"\" roman\",\"serif\"\"=\"\"><i><br \/><\/i><\/span><\/p>\n<p class=\"MsoNormal\" style=\"text-align: justify;\"><span style=\"font-size:12.0pt;line-height:115%;font-family:\" times=\"\" new=\"\" roman\",\"serif\"\"=\"\"><i>&ldquo;A fam&iacute;lia deve ser avossa grande prioridade pastoral! Sem uma fam&iacute;lia respeit&aacute;vel e est&aacute;vel n&atilde;opode haver organismo social sadio, sem ela n&atilde;o pode haver uma verdadeiracomunidade eclesial&rdquo;.<\/i> &nbsp;(Jo&atilde;o Paulo)<\/span><\/p>\n<p class=\"MsoNormal\" style=\"text-align: justify;\"><span style=\"font-size:12.0pt;line-height:115%;font-family:\" times=\"\" new=\"\" roman\",\"serif\"\"=\"\"><br \/><\/span><\/p>\n<p class=\"MsoNormal\" style=\"text-align: justify;\"><span style=\"font-size:12.0pt;line-height:115%;font-family:\" times=\"\" new=\"\" roman\",\"serif\"\"=\"\"><br \/><\/span><\/p>\n<p class=\"MsoNormal\" style=\"text-align: justify;\"><span style=\"font-size:12.0pt;line-height:115%;font-family:\" times=\"\" new=\"\" roman\",\"serif\"\"=\"\"><br \/><\/span><\/p>\n","protected":false},"excerpt":{"rendered":"<p>[imagem1] A fam&iacute;lia sempre foi important&iacute;ssima para a Igreja, pois &eacute; atrav&eacute;s dela que o homem inicia suavida, forma sua base. A Pastoral Familiar surgiu da necessidade de atua&ccedil;&atilde;o daIgreja junto &agrave;s fam&iacute;lias,&#8230;<\/p>\n","protected":false},"author":1,"featured_media":1605,"comment_status":"open","ping_status":"open","sticky":false,"template":"","format":"standard","meta":[],"categories":[1],"tags":[],"_links":{"self":[{"href":"https:\/\/www.salvatorianas.org.br\/blog\/wp-json\/wp\/v2\/posts\/990"}],"collection":[{"href":"https:\/\/www.salvatorianas.org.br\/blog\/wp-json\/wp\/v2\/posts"}],"about":[{"href":"https:\/\/www.salvatorianas.org.br\/blog\/wp-json\/wp\/v2\/types\/post"}],"author":[{"embeddable":true,"href":"https:\/\/www.salvatorianas.org.br\/blog\/wp-json\/wp\/v2\/users\/1"}],"replies":[{"embeddable":true,"href":"https:\/\/www.salvatorianas.org.br\/blog\/wp-json\/wp\/v2\/comments?post=990"}],"version-history":[{"count":0,"href":"https:\/\/www.salvatorianas.org.br\/blog\/wp-json\/wp\/v2\/posts\/990\/revisions"}],"wp:featuredmedia":[{"embeddable":true,"href":"https:\/\/www.salvatorianas.org.br\/blog\/wp-json\/wp\/v2\/media\/1605"}],"wp:attachment":[{"href":"https:\/\/www.salvatorianas.org.br\/blog\/wp-json\/wp\/v2\/media?parent=990"}],"wp:term":[{"taxonomy":"category","embeddable":true,"href":"https:\/\/www.salvatorianas.org.br\/blog\/wp-json\/wp\/v2\/categories?post=990"},{"taxonomy":"post_tag","embeddable":true,"href":"https:\/\/www.salvatorianas.org.br\/blog\/wp-json\/wp\/v2\/tags?post=990"}],"curies":[{"name":"wp","href":"https:\/\/api.w.org\/{rel}","templated":true}]}}