{"id":986,"date":"2016-06-01T00:00:00","date_gmt":"2016-06-01T00:00:00","guid":{"rendered":"https:\/\/www.salvatorianas.org.br\/blog\/familia-salvatoriana-abre-comemoracoes-do-mes-salvatoriano\/"},"modified":"2016-06-01T00:00:00","modified_gmt":"2016-06-01T00:00:00","slug":"familia-salvatoriana-abre-comemoracoes-do-mes-salvatoriano","status":"publish","type":"post","link":"https:\/\/www.salvatorianas.org.br\/blog\/familia-salvatoriana-abre-comemoracoes-do-mes-salvatoriano\/","title":{"rendered":"Fam\u00edlia Salvatoriana abre comemora\u00e7\u00f5es do M\u00eas Salvatoriano"},"content":{"rendered":"<p class=\"MsoNormal\" align=\"center\" style=\"text-align: justify; margin-bottom: 0.0001pt;\">&nbsp; &nbsp; &nbsp; &nbsp; &nbsp; &nbsp;<b>&nbsp; &nbsp; &nbsp;[imagem2]<\/b><\/p>\n<p class=\"MsoNormal\" align=\"center\" style=\"text-align: justify; margin-bottom: 0.0001pt;\"><b><i><span style=\"font-family:\" arial\",\"sans-serif\"\"=\"\"><br \/><\/span><\/i><\/b><\/p>\n<p class=\"MsoNormal\" align=\"center\" style=\"text-align: justify; margin-bottom: 0.0001pt;\"><b><i><span style=\"font-family:\" arial\",\"sans-serif\"\"=\"\"><br \/><\/span><\/i><\/b><\/p>\n<p class=\"MsoNormal\" align=\"center\" style=\"text-align: center; margin-bottom: 0.0001pt;\"><b style=\"text-align: justify;\"><span arial\",\"sans-serif\"\"=\"\">&nbsp;<\/span><\/b><\/p>\n<p class=\"MsoNormal\" style=\"text-align: justify;\"><span style=\"font-family:\" arial\",\"sans-serif\"\"=\"\">Estamosvivenciando o Ano Mission&aacute;rio Salvatoriano e, com alegria, celebrando nossa presen&ccedil;ano Brasil: 120 dos Padres e Irm&atilde;os, 80 anos das Irm&atilde;s e 30 anos dos Leigos.Nossa gratid&atilde;o a Deus que nos chamou para a vida salvatoriana.<\/span><\/p>\n<p class=\"MsoNormal\" style=\"text-align: justify;\"><span style=\"font-family:\" arial\",\"sans-serif\"\"=\"\"><br \/><\/span><\/p>\n<p class=\"MsoNormal\" style=\"text-align: justify;\"><span style=\"font-family:\" arial\",\"sans-serif\"\"=\"\">Somosrespons&aacute;veis em levar adiante essa miss&atilde;o, legado de Pe. Jordan e da Bem-aventuradaMaria dos Ap&oacute;stolos, como Fam&iacute;lia Salvatoriana atenta aos sinais dos tempos.<\/span><\/p>\n<p class=\"MsoNormal\" style=\"text-align: justify;\"><span style=\"font-family:\" arial\",\"sans-serif\"\"=\"\"><br \/><\/span><\/p>\n<p class=\"MsoNormal\" style=\"text-align: justify;\"><span style=\"font-family:\" arial\",\"sans-serif\"\"=\"\">Porisso, lembramos a todos que temos um documento importante que expressa esseideal comum: a <b>Declara&ccedil;&atilde;o da Fam&iacute;liaSalvatoriana.<\/b> Neste M&ecirc;s Salvatoriano queremos trazer &agrave; tona essa Declara&ccedil;&atilde;o,atrav&eacute;s de alguns t&oacute;picos que expressam mais claramente a Miss&atilde;o Salvatoriana.<\/span><\/p>\n<p class=\"MsoNormal\" style=\"text-align: justify;\"><span style=\"font-family:\" arial\",\"sans-serif\"\"=\"\"><br \/><\/span><\/p>\n<p class=\"MsoNormal\" style=\"text-align: justify;\"><span style=\"font-family:\" arial\",\"sans-serif\"\"=\"\">Nointuito de tornar mais vis&iacute;vel &agrave;s pessoas a nossa Miss&atilde;o e os nossos dons, vimosa necessidade de retomar essa Declara&ccedil;&atilde;o, feita pelos nossos superiores gerais.A ideia &eacute; que nos deixemos provocar pelo seu conte&uacute;do, acolhendo os apelos deDeus na vida &agrave; nossa volta e assumirmos plenamente a Miss&atilde;o.&nbsp; <\/span><\/p>\n<p class=\"MsoNormal\" style=\"text-align:justify\"><span style=\"font-family:\" arial\",\"sans-serif\"\"=\"\">&nbsp;&nbsp;&nbsp;&nbsp;&nbsp;&nbsp;&nbsp;&nbsp;&nbsp;&nbsp;&nbsp;&nbsp;<\/span><\/p>\n<p class=\"MsoNormal\" style=\"text-align:justify\"><span style=\"font-family:\" arial\",\"sans-serif\"\"=\"\"><br \/><\/span><\/p>\n<p class=\"MsoNormal\" style=\"text-align: center;\"><img decoding=\"async\" src=\"http:\/\/i1.wp.com\/salvatorianos.org.br\/wp-content\/uploads\/2016\/05\/declaracao.jpg?resize=768%2C1152\"><span style=\"font-family:\" arial\",\"sans-serif\"\"=\"\"><br \/><\/span><\/p>\n<p class=\"MsoNormal\" style=\"text-align:justify\"><span style=\"font-family:\" arial\",\"sans-serif\"\"=\"\"><br \/><\/span><\/p>\n<p class=\"MsoNormal\" style=\"text-align:justify\"><span style=\"font-family:\" arial\",\"sans-serif\"\"=\"\">Pedimosa intercess&atilde;o de Maria, a m&atilde;e do Salvador, para que nos aben&ccedil;oe naconcretiza&ccedil;&atilde;o da Miss&atilde;o Salvatoriana.<\/span><\/p>\n<p class=\"MsoNormal\" style=\"text-align:justify\"><span style=\"font-family:\" arial\",\"sans-serif\"\"=\"\"><br \/><\/span><\/p>\n<p class=\"MsoNormal\" style=\"text-align:justify\"><span style=\"font-family:\" arial\",\"sans-serif\"\"=\"\"><br \/><\/span><\/p>\n<p class=\"MsoNormal\" align=\"right\" style=\"margin-bottom:0cm;margin-bottom:.0001pt;text-align:right;line-height:115%\"><span style=\"font-family:\" trajan=\"\" pro\",\"serif\";=\"\" mso-bidi-font-family:arial\"=\"\">Equipe do Projeto do <\/span><\/p>\n<p class=\"MsoNormal\" align=\"right\" style=\"margin-bottom:0cm;margin-bottom:.0001pt;text-align:right;line-height:115%\"><span style=\"font-family:\" trajan=\"\" pro\",\"serif\";=\"\" mso-bidi-font-family:arial\"=\"\">Apostolado Salvatoriano &#8211; CIS<\/span><\/p>\n<p class=\"MsoNormal\" align=\"right\" style=\"margin-bottom: 0.0001pt; text-align: right;\"><i><span style=\"font-size:9.0pt;font-family:\" arial\",\"sans-serif\"\"=\"\">Ir. Ana Tooda<\/span><\/i><\/p>\n<p class=\"MsoNormal\" align=\"right\" style=\"margin-bottom: 0.0001pt; text-align: right;\"><i><span style=\"font-size:9.0pt;font-family:\" arial\",\"sans-serif\"\"=\"\">Pe. Ederaldo M. deOliveira<\/span><\/i><\/p>\n<p class=\"MsoNormal\" align=\"right\" style=\"margin-bottom: 0.0001pt; text-align: right;\"><i><span style=\"font-size:9.0pt;font-family:\" arial\",\"sans-serif\"\"=\"\">Sueli e Dorival Zonta<\/span><\/i><\/p>\n<p class=\"MsoNormal\" style=\"text-align:justify\">\n<p class=\"MsoNormal\" align=\"right\" style=\"margin-bottom: 0.0001pt; text-align: right;\"><i><span style=\"font-size:9.0pt;font-family:\" arial\",\"sans-serif\"\"=\"\">Ir. Wanderleia DallaCosta<\/span><\/i><i><span style=\"font-family:\" arial\",\"sans-serif\"\"=\"\">&nbsp;&nbsp;<\/span><\/i><i><span style=\"font-size:12.0pt;font-family:\" arial\",\"sans-serif\"\"=\"\"><\/span><\/i><\/p>\n<p class=\"MsoNormal\" align=\"right\" style=\"margin-bottom: 0.0001pt; text-align: right;\"><i><span style=\"font-family:\" arial\",\"sans-serif\"\"=\"\"><br \/><\/span><\/i><\/p>\n<p class=\"MsoNormal\" align=\"right\" style=\"margin-bottom: 0.0001pt; text-align: right;\"><i><span style=\"font-family:\" arial\",\"sans-serif\"\"=\"\"><br \/><\/span><\/i><\/p>\n<p class=\"MsoNormal\" align=\"right\" style=\"margin-bottom: 0.0001pt; text-align: right;\"><i><span style=\"font-family:\" arial\",\"sans-serif\"\"=\"\"><br \/><\/span><\/i><\/p>\n<p class=\"MsoNormal\" align=\"right\" style=\"margin-bottom: 0.0001pt; text-align: right;\"><i><span style=\"font-family:\" arial\",\"sans-serif\"\"=\"\"><br \/><\/span><\/i><\/p>\n<p class=\"MsoNormal\" style=\"text-align:justify\"><span style=\"font-family:\" arial\",\"sans-serif\"\"=\"\">&nbsp;<\/span><\/p>\n","protected":false},"excerpt":{"rendered":"<p>&nbsp; &nbsp; &nbsp; &nbsp; &nbsp; &nbsp;&nbsp; &nbsp; &nbsp;[imagem2] &nbsp; Estamosvivenciando o Ano Mission&aacute;rio Salvatoriano e, com alegria, celebrando nossa presen&ccedil;ano Brasil: 120 dos Padres e Irm&atilde;os, 80 anos das Irm&atilde;s e 30 anos&#8230;<\/p>\n","protected":false},"author":1,"featured_media":2062,"comment_status":"open","ping_status":"open","sticky":false,"template":"","format":"standard","meta":[],"categories":[1],"tags":[],"_links":{"self":[{"href":"https:\/\/www.salvatorianas.org.br\/blog\/wp-json\/wp\/v2\/posts\/986"}],"collection":[{"href":"https:\/\/www.salvatorianas.org.br\/blog\/wp-json\/wp\/v2\/posts"}],"about":[{"href":"https:\/\/www.salvatorianas.org.br\/blog\/wp-json\/wp\/v2\/types\/post"}],"author":[{"embeddable":true,"href":"https:\/\/www.salvatorianas.org.br\/blog\/wp-json\/wp\/v2\/users\/1"}],"replies":[{"embeddable":true,"href":"https:\/\/www.salvatorianas.org.br\/blog\/wp-json\/wp\/v2\/comments?post=986"}],"version-history":[{"count":0,"href":"https:\/\/www.salvatorianas.org.br\/blog\/wp-json\/wp\/v2\/posts\/986\/revisions"}],"wp:featuredmedia":[{"embeddable":true,"href":"https:\/\/www.salvatorianas.org.br\/blog\/wp-json\/wp\/v2\/media\/2062"}],"wp:attachment":[{"href":"https:\/\/www.salvatorianas.org.br\/blog\/wp-json\/wp\/v2\/media?parent=986"}],"wp:term":[{"taxonomy":"category","embeddable":true,"href":"https:\/\/www.salvatorianas.org.br\/blog\/wp-json\/wp\/v2\/categories?post=986"},{"taxonomy":"post_tag","embeddable":true,"href":"https:\/\/www.salvatorianas.org.br\/blog\/wp-json\/wp\/v2\/tags?post=986"}],"curies":[{"name":"wp","href":"https:\/\/api.w.org\/{rel}","templated":true}]}}