{"id":951,"date":"2016-06-22T00:00:00","date_gmt":"2016-06-22T00:00:00","guid":{"rendered":"https:\/\/www.salvatorianas.org.br\/blog\/comissao-divulga-subsidio-hora-da-familia-2016\/"},"modified":"2016-06-22T00:00:00","modified_gmt":"2016-06-22T00:00:00","slug":"comissao-divulga-subsidio-hora-da-familia-2016","status":"publish","type":"post","link":"https:\/\/www.salvatorianas.org.br\/blog\/comissao-divulga-subsidio-hora-da-familia-2016\/","title":{"rendered":"Comiss\u00e3o divulga subs\u00eddio &#8220;Hora da Fam\u00edlia 2016&#8221;"},"content":{"rendered":"<p class=\"MsoNormal\" style=\"text-align:justify\"><span style=\"font-size:12.0pt;line-height:115%\">[imagem1]<\/span><\/p>\n<p class=\"MsoNormal\" style=\"text-align:justify\"><span style=\"font-size:12.0pt;line-height:115%\"><br \/><\/span><\/p>\n<p class=\"MsoNormal\" style=\"text-align:justify\"><span style=\"font-size:12.0pt;line-height:115%\">No contexto do Ano da Miseric&oacute;rdia e com a proposta demotivar as atividades da Semana Nacional da Fam&iacute;lia (SNF), que acontecer&aacute; de 14a 21 de agosto, a Comiss&atilde;o Nacional da Pastoral Familiar (CNPF) e a Comiss&atilde;oEpiscopal Pastoral para a Vida e a Fam&iacute;lia oferecem o subs&iacute;dio &ldquo;Hora daFam&iacute;lia&rdquo; 2016. <\/span><\/p>\n<p class=\"MsoNormal\" style=\"text-align:justify\"><span style=\"font-size:12.0pt;line-height:115%\"><o:p>&nbsp;<\/o:p><\/span><\/p>\n<p class=\"MsoNormal\" style=\"text-align:justify\"><span style=\"font-size:12.0pt;line-height:115%\">&ldquo;O Hora da Fam&iacute;lia, neste ano, quer nos envolver nesse climada miseric&oacute;rdia divina, com vistas &agrave; miss&atilde;o. N&atilde;o pode ficar unicamente entre osgrupos de Pastoral Familiar. A nossa criatividade pastoral deve nos inspirarpara que esse conte&uacute;do seja partilhado, multiplicado, servido, tamb&eacute;m, emmuitos outros ambientes onde nem sempre a Palavra est&aacute; presente: escolas,centros de sa&uacute;de, meios de comunica&ccedil;&atilde;o, pr&eacute;dios, associa&ccedil;&otilde;es de moradores,periferias&rdquo;, pede o bispo de Osasco (SP) e presidente da Comiss&atilde;o EpiscopalPastoral para a Vida e a Fam&iacute;lia da CNBB, dom Jo&atilde;o Bosco Barbosa. <\/span><\/p>\n<p class=\"MsoNormal\" style=\"text-align:justify\"><span style=\"font-size:12.0pt;line-height:115%\"><o:p>&nbsp;<\/o:p><\/span><\/p>\n<p class=\"MsoNormal\" style=\"text-align:justify\"><span style=\"font-size:12.0pt;line-height:115%\">O material apresenta reflex&atilde;o sobre temas familiares eroteiros de ora&ccedil;&otilde;es e cantos para motivar a celebra&ccedil;&atilde;o. Com o tema&ldquo;Miseric&oacute;rdia na Fam&iacute;lia: Dom e Miss&atilde;o&rdquo;, o subs&iacute;dio &ldquo;Hora da Fam&iacute;lia&rdquo; 2016cont&eacute;m roteiros para sete encontros, al&eacute;m de celebra&ccedil;&otilde;es como via-sacra emfam&iacute;lia, para o Dia dos Pais, dos Av&oacute;s e das M&atilde;es. <\/span><\/p>\n<p class=\"MsoNormal\" style=\"text-align:justify\"><span style=\"font-size:12.0pt;line-height:115%\"><o:p>&nbsp;<\/o:p><\/span><\/p>\n<p class=\"MsoNormal\" style=\"text-align:justify\"><span style=\"font-size:12.0pt;line-height:115%\">O subs&iacute;dio traz proposta moderna e explicativa. &Eacute; organizadode forma interativa, sugere encontros participativos e celebrativos, buscaenvolver a comunidade, fam&iacute;lias, lideran&ccedil;as, crian&ccedil;as, jovens e adultos. <\/span><\/p>\n<p class=\"MsoNormal\" style=\"text-align:justify\"><span style=\"font-size:12.0pt;line-height:115%\"><o:p>&nbsp;<\/o:p><\/span><\/p>\n<p class=\"MsoNormal\" style=\"text-align:justify\"><span style=\"font-size:12.0pt;line-height:115%\">O assessor nacional da Comiss&atilde;o para a Vida e a Fam&iacute;lia,padre Moacir Arantes, comenta que o &ldquo;Hora da Fam&iacute;lia&rdquo; quer ajudar a todos afazerem a experi&ecirc;ncia com a miseric&oacute;rdia de Deus. &ldquo;Este subs&iacute;dio precioso deestudo, reflex&atilde;o e ora&ccedil;&atilde;o, nos convida a realizar nos grupos pastorais, devizinhos, de amigos, ou na intimidade do nosso lar, importante reflex&atilde;o arespeito das obras de miseric&oacute;rdia. Queremos conhecer um pouco melhor o jeitode Deus ser e agir com seus filhos e filhas, para que possamos transformar onosso ser e nosso agir para com os outros&rdquo;, explica.<\/span><\/p>\n<p class=\"MsoNormal\" style=\"text-align:justify\"><span style=\"font-size:12.0pt;line-height:115%\"><br \/><\/span><\/p>\n<p class=\"MsoNormal\" style=\"text-align:justify\">\n<p class=\"MsoNormal\"><b><span style=\"font-size:12.0pt;line-height:115%\">Como adquirir<\/span><\/b><\/p>\n<p class=\"MsoNormal\"><b><span style=\"font-size:12.0pt;line-height:115%\"><br \/><\/span><\/b><\/p>\n<p class=\"MsoNormal\"><span style=\"font-size:12.0pt;line-height:115%\">O subs&iacute;dio &ldquo;Hora da Fam&iacute;lia&rdquo; &eacute; distribu&iacute;do pela SecretariaExecutiva Nacional da Pastoral Familiar &ndash; Secren. Encomendas, com anteced&ecirc;ncia,podem ser feitas pelo telefone (61) 3443-2900 ou pelo e-mail vendas@cnpf.org. Omaterial tamb&eacute;m &eacute; distribu&iacute;do pelos casais coordenadores e agentes da PastoralFamiliar nos regionais e dioceses.<\/span><\/p>\n<p class=\"MsoNormal\"><span style=\"font-size:12.0pt;line-height:115%\"><br \/><\/span><\/p>\n<\/p>\n<p style=\"margin: 0cm 0cm 7.5pt; text-align: justify; line-height: 15pt; background: white;\"><a href=\"http:\/\/www.cnpf.org.br\/downloads\/doc_download\/103-cartaz-snf-2016\" target=\"_blank\" style=\"color: rgb(49, 97, 181); text-decoration: none; transition: color 0.2s ease-in; font-family: Arial, Helvetica, sans-serif; font-size: 13px;\">Baixe o cartaz da SNF 2016.<\/a><\/p>\n<p style=\"margin: 0cm 0cm 7.5pt; text-align: justify; line-height: 15pt; background: white;\">Informa&ccedil;&otilde;es no site:&nbsp;<a href=\"http:\/\/www.cnpf.org.br\/\" target=\"_blank\" style=\"color: rgb(49, 97, 181); text-decoration: none; transition: color 0.2s ease-in; font-family: Arial, Helvetica, sans-serif; font-size: 13px;\">www.cnpf.org.br<\/a><\/p>\n<p style=\"margin: 0cm 0cm 7.5pt; text-align: justify; line-height: 15pt; background: white;\"><\/p>\n<p style=\"margin: 0cm 0cm 7.5pt; text-align: justify; line-height: 15pt; background: white;\"><\/p>\n<p style=\"margin: 0cm 0cm 7.5pt; text-align: justify; line-height: 15pt; background: white;\"><\/p>\n","protected":false},"excerpt":{"rendered":"<p>[imagem1] No contexto do Ano da Miseric&oacute;rdia e com a proposta demotivar as atividades da Semana Nacional da Fam&iacute;lia (SNF), que acontecer&aacute; de 14a 21 de agosto, a Comiss&atilde;o Nacional da Pastoral Familiar&#8230;<\/p>\n","protected":false},"author":1,"featured_media":1951,"comment_status":"open","ping_status":"open","sticky":false,"template":"","format":"standard","meta":[],"categories":[1],"tags":[],"_links":{"self":[{"href":"https:\/\/www.salvatorianas.org.br\/blog\/wp-json\/wp\/v2\/posts\/951"}],"collection":[{"href":"https:\/\/www.salvatorianas.org.br\/blog\/wp-json\/wp\/v2\/posts"}],"about":[{"href":"https:\/\/www.salvatorianas.org.br\/blog\/wp-json\/wp\/v2\/types\/post"}],"author":[{"embeddable":true,"href":"https:\/\/www.salvatorianas.org.br\/blog\/wp-json\/wp\/v2\/users\/1"}],"replies":[{"embeddable":true,"href":"https:\/\/www.salvatorianas.org.br\/blog\/wp-json\/wp\/v2\/comments?post=951"}],"version-history":[{"count":0,"href":"https:\/\/www.salvatorianas.org.br\/blog\/wp-json\/wp\/v2\/posts\/951\/revisions"}],"wp:featuredmedia":[{"embeddable":true,"href":"https:\/\/www.salvatorianas.org.br\/blog\/wp-json\/wp\/v2\/media\/1951"}],"wp:attachment":[{"href":"https:\/\/www.salvatorianas.org.br\/blog\/wp-json\/wp\/v2\/media?parent=951"}],"wp:term":[{"taxonomy":"category","embeddable":true,"href":"https:\/\/www.salvatorianas.org.br\/blog\/wp-json\/wp\/v2\/categories?post=951"},{"taxonomy":"post_tag","embeddable":true,"href":"https:\/\/www.salvatorianas.org.br\/blog\/wp-json\/wp\/v2\/tags?post=951"}],"curies":[{"name":"wp","href":"https:\/\/api.w.org\/{rel}","templated":true}]}}