{"id":948,"date":"2016-06-23T00:00:00","date_gmt":"2016-06-23T00:00:00","guid":{"rendered":"https:\/\/www.salvatorianas.org.br\/blog\/papa-na-audiencia-nao-tenham-medo-de-tocar-o-pobre-e-o-excluido\/"},"modified":"2016-06-23T00:00:00","modified_gmt":"2016-06-23T00:00:00","slug":"papa-na-audiencia-nao-tenham-medo-de-tocar-o-pobre-e-o-excluido","status":"publish","type":"post","link":"https:\/\/www.salvatorianas.org.br\/blog\/papa-na-audiencia-nao-tenham-medo-de-tocar-o-pobre-e-o-excluido\/","title":{"rendered":"Papa na audi\u00eancia: &#8220;N\u00e3o tenham medo de tocar o pobre e o exclu\u00eddo&#8221;"},"content":{"rendered":"<p class=\"MsoNormal\" style=\"text-align:justify\">A catequese do Papa na quarta-feira, dia 22, foi centrada no texto evang&eacute;lico de Lucas que narra omilagre da cura do leproso. Cerca de 20 mil pessoas encheram a pra&ccedil;a S&atilde;o Pedropara a audi&ecirc;ncia semanal, quando Francisco se encontra de perto com fi&eacute;is,peregrinos, turistas e romanos. Antes de tomar posi&ccedil;&atilde;o, o pont&iacute;fice deu ahabitual volta pela pra&ccedil;a com o Papam&oacute;vel, cumprimentando e sorrindo paratodos.<\/p>\n<p class=\"MsoNormal\" style=\"text-align:justify\">A lepra, naquela &eacute;poca, eraconsiderada uma maldi&ccedil;&atilde;o, uma impuridade; e portanto, o leproso tinha que ficarafastado, longe do templo, de Deus e dos homens. Na narra&ccedil;&atilde;o de Lucas, oleproso n&atilde;o aceita estas leis, as desrespeita e entra na cidade, procurandoJesus.<\/p>\n<p class=\"MsoNormal\" style=\"text-align:justify\">&ldquo;Ao ver Jesus, ele caiu com orosto em terra e suplicou-lhe: &lsquo;Senhor, se queres, tens o poder depurificar-me&rsquo;&rdquo;. Descrevendo o epis&oacute;dio, Francisco explicou que com este gesto,o homem reconhece o poder de Jesus. E a sua f&eacute; dizia que Jesus podia cur&aacute;-lo.&ldquo;Esta s&uacute;plica mostra que com Jesus, s&atilde;o suficientes poucas palavras, masacompanhadas pela confian&ccedil;a em sua onipot&ecirc;ncia e bondade. Entregar-nos &agrave;vontade de Deus significa confiar em sua infinita miseric&oacute;rdia&rdquo;, explicou osanto padre.&nbsp; <\/p>\n<p class=\"MsoNormal\" style=\"text-align:justify\"><b>Pai-Nosso<\/b><\/p>\n<p class=\"MsoNormal\" style=\"text-align:justify\">O papa, improvisando, revelou aospresentes que antes de dormir, reza cinco Pai-nosso, pensando nas chagas deJesus, e pede que o purifique.<\/p>\n<p class=\"MsoNormal\" style=\"text-align:justify\">Quando o leproso pede apurifica&ccedil;&atilde;o, Jesus faz algo inconceb&iacute;vel: estende a m&atilde;o e toca o leproso. Opapa fez ent&atilde;o uma compara&ccedil;&atilde;o conosco, nos dias de hoje. &ldquo;Quantas vezesencontramos um pobre e, mesmo sendo generosos e sentindo compaix&atilde;o, n&atilde;o otocamos. Oferecemos uma moeda, mas evitamos tocar sua m&atilde;o. Esquecemos queaquele &eacute; o corpo de Cristo! Jesus nos ensina a n&atilde;o ter medo de tocar o pobre eo exclu&iacute;do, porque Ele est&aacute; neles. Tocar o pobre pode nos purificar dahipocrisia e nos preocupar por sua exclus&atilde;o&rdquo;.<\/p>\n<p class=\"MsoNormal\" style=\"text-align:justify\">Improvisando novamente, Franciscoapresentou alguns jovens que subiram com ele &agrave; tribuna de onde profere acatequese.<\/p>\n<p class=\"MsoNormal\" style=\"text-align:justify\"><b>Refugiados<\/b><\/p>\n<p class=\"MsoNormal\" style=\"text-align:justify\">&ldquo;Muitos pensam que seria melhorque eles tivessem permanecido em suas terras. Mas ali eles estavam sofrendo.S&atilde;o os nossos refugiados, mas muitos os consideram exclu&iacute;dos. Por favor, eless&atilde;o nossos irm&atilde;os!&rdquo;, conclamou Francisco.<\/p>\n<p class=\"MsoNormal\" style=\"text-align:justify\">Enfim, depois de curar o leproso,Jesus recomendou que n&atilde;o o contasse para ningu&eacute;m. &ldquo;Mostra-te ao sacerdote eapresenta por tua purifica&ccedil;&atilde;o a oferenda prescrita por Moi&not;s&eacute;s. Isso lhesservir&aacute; de testemunho&rdquo;. Para o pont&iacute;fice, esta ordem demonstra tr&ecirc;s coisas.<\/p>\n<p class=\"MsoNormal\" style=\"text-align:justify\">A primeira &eacute; que a gra&ccedil;a doSenhor n&atilde;o quer sensacionalismo; age com discri&ccedil;&atilde;o e sem clamor. A segunda &eacute;que ao apresentar oficialmente a sua cura e celebrar um sacrif&iacute;cio, o leprosofoi readmitido na comunidade e na vida social. A sua reintegra&ccedil;&atilde;o completa acura. E enfim, apresentando-se aos sacerdotes, o leproso d&aacute; testemunho do podere da compaix&atilde;o de Jesus. A f&eacute; do homem se abre &agrave; miss&atilde;o. &ldquo;Ele era um exclu&iacute;do ese tornou um de n&oacute;s&rdquo;, ressaltou Francisco.<\/p>\n<p class=\"MsoNormal\" style=\"text-align:justify\">O papa concluiu convidando osfi&eacute;is a acreditarem. &ldquo;Mas pensemos em n&oacute;s, nas nossas mis&eacute;rias, comsinceridade. Quantas vezes as cobrimos com a hipocrisia das &lsquo;boas maneiras&rsquo;. &Eacute;precisamente ent&atilde;o que &eacute; preciso estar a s&oacute;s, ajoelharmo-nos diante de Deus erezar: &lsquo;Senhor, se quiseres, podes purificar-me!&rsquo;&rdquo;.<\/p>\n<p class=\"MsoNormal\" style=\"text-align:justify\">Fonte: R&aacute;dio Vaticano<\/p>\n","protected":false},"excerpt":{"rendered":"<p>A catequese do Papa na quarta-feira, dia 22, foi centrada no texto evang&eacute;lico de Lucas que narra omilagre da cura do leproso. Cerca de 20 mil pessoas encheram a pra&ccedil;a S&atilde;o Pedropara a&#8230;<\/p>\n","protected":false},"author":1,"featured_media":1323,"comment_status":"open","ping_status":"open","sticky":false,"template":"","format":"standard","meta":[],"categories":[1],"tags":[],"_links":{"self":[{"href":"https:\/\/www.salvatorianas.org.br\/blog\/wp-json\/wp\/v2\/posts\/948"}],"collection":[{"href":"https:\/\/www.salvatorianas.org.br\/blog\/wp-json\/wp\/v2\/posts"}],"about":[{"href":"https:\/\/www.salvatorianas.org.br\/blog\/wp-json\/wp\/v2\/types\/post"}],"author":[{"embeddable":true,"href":"https:\/\/www.salvatorianas.org.br\/blog\/wp-json\/wp\/v2\/users\/1"}],"replies":[{"embeddable":true,"href":"https:\/\/www.salvatorianas.org.br\/blog\/wp-json\/wp\/v2\/comments?post=948"}],"version-history":[{"count":0,"href":"https:\/\/www.salvatorianas.org.br\/blog\/wp-json\/wp\/v2\/posts\/948\/revisions"}],"wp:featuredmedia":[{"embeddable":true,"href":"https:\/\/www.salvatorianas.org.br\/blog\/wp-json\/wp\/v2\/media\/1323"}],"wp:attachment":[{"href":"https:\/\/www.salvatorianas.org.br\/blog\/wp-json\/wp\/v2\/media?parent=948"}],"wp:term":[{"taxonomy":"category","embeddable":true,"href":"https:\/\/www.salvatorianas.org.br\/blog\/wp-json\/wp\/v2\/categories?post=948"},{"taxonomy":"post_tag","embeddable":true,"href":"https:\/\/www.salvatorianas.org.br\/blog\/wp-json\/wp\/v2\/tags?post=948"}],"curies":[{"name":"wp","href":"https:\/\/api.w.org\/{rel}","templated":true}]}}