{"id":946,"date":"2016-06-24T00:00:00","date_gmt":"2016-06-24T00:00:00","guid":{"rendered":"https:\/\/www.salvatorianas.org.br\/blog\/pe-jordan-sao-joao-o-precursor-de-cristo-e-uma-lucerna-ardens-et-lucens\/"},"modified":"2016-06-24T00:00:00","modified_gmt":"2016-06-24T00:00:00","slug":"pe-jordan-sao-joao-o-precursor-de-cristo-e-uma-lucerna-ardens-et-lucens","status":"publish","type":"post","link":"https:\/\/www.salvatorianas.org.br\/blog\/pe-jordan-sao-joao-o-precursor-de-cristo-e-uma-lucerna-ardens-et-lucens\/","title":{"rendered":"Pe. Jordan: S\u00e3o Jo\u00e3o, o precursor de Cristo \u00e9 uma &#8220;lucerna ardens et lucens&#8221;"},"content":{"rendered":"<p class=\"MsoNormal\" style=\"margin-bottom: 0.0001pt;\"><span style=\"font-size:6.5pt;font-family:\" timesnewromanpsmt\",\"serif\";mso-bidi-font-family:timesnewromanpsmt\"=\"\"><o:p>&nbsp;<\/o:p><\/span><\/p>\n<p class=\"MsoNormal\" style=\"margin-bottom: 0.0001pt; text-align: justify;\"><font face=\"Tahoma\">[imagem1]<\/font><\/p>\n<p class=\"MsoNormal\" style=\"margin-bottom: 0.0001pt; text-align: justify;\"><font face=\"Tahoma\"><br \/><\/font><\/p>\n<p class=\"MsoNormal\" style=\"margin-bottom: 0.0001pt; text-align: justify;\"><font size=\"4\" face=\"serif\">O Fundador da Fam&iacute;lia Salvatoriana, Pe. Francisco Mariada Cruz Jordan, se dirige &agrave; Comunidade reunida, em 23\/06\/1899, e, referindo-se &agrave; miss&atilde;osalvatoriana, insiste que devemos ser como uma l&acirc;mpada ardente.&nbsp;S&atilde;o Jo&atilde;o, o Precursor deCristo, serve de modelo para todos n&oacute;s. Ele foi uma l&acirc;mpada ardente! NossaSociedade &eacute; inteiramente contemplativa e ativa. O elemento contemplativo tem afinalidade de nos inflamar do fogo do Divino Esp&iacute;rito Santo. O segundo elemento&eacute; o luzir. Sim, voc&ecirc;s foram chamados para irradiar luz sobre o mundo!<\/font><\/p>\n<p class=\"MsoNormal\" style=\"margin-bottom: 0.0001pt; text-align: justify;\"><i><font size=\"4\" face=\"serif\">&nbsp;<\/font><\/i><\/p>\n<p class=\"MsoNormal\" style=\"margin-bottom: 0.0001pt; text-align: justify;\"><b><font size=\"4\" face=\"serif\">Vejamos, na&nbsp;&iacute;ntegra&nbsp;o que ele diz na v&eacute;sperada festa de S&atilde;o Jo&atilde;o Batista &#8211; 23\/06\/1899<\/font><\/b><\/p>\n<p class=\"MsoNormal\" style=\"margin-bottom: 0.0001pt; text-align: justify;\"><i><font size=\"4\" face=\"serif\">&nbsp;<\/font><\/i><\/p>\n<p class=\"MsoNormal\" style=\"margin-bottom: 0.0001pt; text-align: justify;\"><font size=\"4\" face=\"serif\"><b>01. <\/b>O dia de amanh&atilde; nos coloca diante dos olhos um modeloexcelente. &Eacute; um grande exemplo de homem apost&oacute;lico, um ap&oacute;stolo religioso, S&atilde;o Jo&atilde;o,o precursor de Cristo. Ele &eacute; uma <i>&ldquo;lucernaardens et lucens&rdquo;<\/i>,&nbsp;<sup>885<\/sup>e serve de modelo para todos n&oacute;s.<\/font><\/p>\n<p class=\"MsoNormal\" style=\"margin-bottom: 0.0001pt; text-align: justify;\"><font size=\"4\" face=\"serif\">&nbsp;<\/font><\/p>\n<p class=\"MsoNormal\" style=\"margin-bottom: 0.0001pt; text-align: justify;\"><font size=\"4\" face=\"serif\"><b>02. <\/b>Contemplemos primeiro o <i>&ldquo;ardens&rdquo;<\/i>,<sup>886<\/sup>&nbsp;oarder da l&acirc;mpada. Ele <sup>887<\/sup>&nbsp;estava<i>&ldquo;igne Spiritus Santi incensus&rdquo;<\/i>, abrasado pelo fogo do Esp&iacute;rito Santo. Preparara-se,inflamando seu zelo para a miss&atilde;o, por meio de longas medita&ccedil;&otilde;es, no deserto,por meio de grandes obras de penit&ecirc;ncia, de prolongada solid&atilde;o no deserto.<\/font><\/p>\n<p class=\"MsoNormal\" style=\"margin-bottom: 0.0001pt; text-align: justify;\"><font size=\"4\" face=\"serif\">&nbsp;<\/font><\/p>\n<p class=\"MsoNormal\" style=\"margin-bottom: 0.0001pt; text-align: justify;\"><font size=\"4\" face=\"serif\"><b>03. <\/b>Imitemo-lo, enquanto poss&iacute;vel, durante este tempo de prepara&ccedil;&atilde;opara o apostolado, a fim de nutrirmos o <i>&ldquo;ardere&rdquo;<\/i>, o arder, esta chama ardente, para que sejamos todos <i>&ldquo;incensi Spiritu Sancto&rdquo;<\/i>, abrasados pelo fogo do Divino Esp&iacute;rito Santo. E isto voc&ecirc;sdevem procurar, em primeiro lugar, pela medita&ccedil;&atilde;o, pela solid&atilde;o, pela ora&ccedil;&atilde;o,pelo estudo, pela penit&ecirc;ncia, pela mortifica&ccedil;&atilde;o!<\/font><\/p>\n<p class=\"MsoNormal\" style=\"margin-bottom: 0.0001pt; text-align: justify;\"><font size=\"4\" face=\"serif\">&nbsp;<\/font><\/p>\n<p class=\"MsoNormal\" style=\"margin-bottom: 0.0001pt; text-align: justify;\"><font size=\"4\" face=\"serif\"><b>04. <\/b>Oh, existem tantos meios! Oxal&aacute; voc&ecirc;s os utilizem parainflamarem o seu zelo! Mas tamb&eacute;m aqueles que j&aacute; est&atilde;o engajados no apostolado.Sim, cada um de n&oacute;s deve ser <i>&ldquo;ardens&rdquo;<\/i>,&nbsp;&nbsp;devearder de zelo. Nossa Sociedade &eacute; inteiramente contemplativa e ativa. O elementocontemplativo tem por finalidade inflamar-nos do fogo do Divino Esp&iacute;rito Santo.<\/font><\/p>\n<p class=\"MsoNormal\" style=\"margin-bottom: 0.0001pt; text-align: justify;\"><font size=\"4\" face=\"serif\">&nbsp;<\/font><\/p>\n<p class=\"MsoNormal\" style=\"margin-bottom: 0.0001pt; text-align: justify;\"><font size=\"4\" face=\"serif\"><b>05. <\/b>Eu diria que &eacute; a infus&atilde;o de &oacute;leo na l&acirc;mpada para que elaarda e ilumine. Se faltar este &oacute;leo, a l&acirc;mpada se apagar&aacute;. A luz, que devearder, se extinguir&aacute;. Por isso, a primeira, a vida contemplativa, &eacute; t&atilde;oimportante: a ora&ccedil;&atilde;o, a medita&ccedil;&atilde;o, ou seja, a imita&ccedil;&atilde;o de S&atilde;o Jo&atilde;o.<b>Esforcem-se, pois, para seguir o exemplo de S&atilde;o Jo&atilde;o, a fim de que voc&ecirc;s sejam <i>&ldquo;incensi Spiritu Sancto&rdquo;<\/i>, inflamados do Esp&iacute;rito Santo.<\/b><\/font><\/p>\n<p class=\"MsoNormal\" style=\"margin-bottom: 0.0001pt; text-align: justify;\"><font size=\"4\" face=\"serif\">&nbsp;<\/font><\/p>\n<p class=\"MsoNormal\" style=\"margin-bottom: 0.0001pt; text-align: justify;\"><font size=\"4\" face=\"serif\"><b>06. <\/b>O segundo ponto &eacute; o <i>&ldquo;lucere&rdquo;<\/i>, o luzir, emitir claridade. <i>&ldquo;Luceat lux vestra coramhominibus&rdquo;.<\/i><sup>888<\/sup> &nbsp;Sim,voc&ecirc;s foram chamados para alumiar,<i><\/i>para irradiar luz sobre o mundo, parabrilhar. Cada um de voc&ecirc;s deve iluminar,<i><\/i>deve iluminar pelo testemunho de vida,e isto desde j&aacute; na Sociedade.<i><\/i>Oh, quanto bem pode fazer um religioso,iluminando, quando se apresenta<i><\/i>em toda parte como religiosoverdadeiramente observante!<i><\/i><\/font><\/p>\n<p class=\"MsoNormal\" style=\"margin-bottom: 0.0001pt; text-align: justify;\"><font size=\"4\" face=\"serif\">&nbsp;<\/font><\/p>\n<p class=\"MsoNormal\" style=\"margin-bottom: 0.0001pt; text-align: justify;\"><font face=\"serif\"><font size=\"4\"><i>Fonte: Livro Alocu&ccedil;&otilde;es <\/i>112 &#8211; L&acirc;mpada ardente<\/font><\/font><\/p>\n<p class=\"MsoNormal\" style=\"margin-bottom: 0.0001pt; text-align: justify;\"><i><font face=\"serif\">&nbsp;<\/font><\/i><\/p>\n<p class=\"MsoNormal\" style=\"margin-bottom: 0.0001pt;\"><font face=\"serif\">&nbsp;<\/font><\/p>\n<hr>\n<p class=\"MsoNormal\" style=\"margin-bottom: 0.0001pt;\"><i><font face=\"serif\">885&ldquo;L&acirc;mpada ardente e luminosa&rdquo;.<\/font><\/i><\/p>\n<p class=\"MsoNormal\" style=\"margin-bottom: 0.0001pt;\"><i><font face=\"serif\">886&nbsp;&ldquo;Ardente&rdquo;.<\/font><\/i><\/p>\n<p class=\"MsoNormal\" style=\"margin-bottom: 0.0001pt;\"><i><font face=\"serif\">887&nbsp;Jo&atilde;o Batista.<\/font><\/i><\/p>\n<p class=\"MsoNormal\" style=\"margin-bottom: 0.0001pt;\"><i><font face=\"serif\">888 &ldquo;Brilhe a vossa luz diante dos homens&rdquo; (cf. Mt 5,16).<\/font><\/i><\/p>\n<p class=\"MsoNormal\" style=\"margin-bottom: 0.0001pt;\"><\/p>\n<p class=\"MsoNormal\" style=\"margin-bottom: 0.0001pt;\"><span style=\"font-family: TimesNewRomanPSMT, serif;\"><br \/><\/span><\/p>\n<p class=\"MsoNormal\" style=\"margin-bottom: 0.0001pt;\"><span style=\"font-family: TimesNewRomanPSMT, serif;\"><br \/><\/span><\/p>\n<p class=\"MsoNormal\" style=\"text-align: center; margin-bottom: 0.0001pt;\"><img decoding=\"async\" src=\"https:\/\/fhcdnarticles-a.akamaihd.net\/175203\/thumb_585.jpeg\"><span style=\"font-family: TimesNewRomanPSMT, serif;\"><br \/><\/span><\/p>\n<p class=\"MsoNormal\" style=\"text-align: center; margin-bottom: 0.0001pt;\"><\/p>\n<p class=\"MsoNormal\" style=\"text-align: center; margin-bottom: 0.0001pt;\"><\/p>\n<p class=\"MsoNormal\" style=\"text-align: center; margin-bottom: 0.0001pt;\"><\/p>\n","protected":false},"excerpt":{"rendered":"<p>&nbsp; [imagem1] O Fundador da Fam&iacute;lia Salvatoriana, Pe. Francisco Mariada Cruz Jordan, se dirige &agrave; Comunidade reunida, em 23\/06\/1899, e, referindo-se &agrave; miss&atilde;osalvatoriana, insiste que devemos ser como uma l&acirc;mpada ardente.&nbsp;S&atilde;o Jo&atilde;o, o&#8230;<\/p>\n","protected":false},"author":1,"featured_media":1939,"comment_status":"open","ping_status":"open","sticky":false,"template":"","format":"standard","meta":[],"categories":[1],"tags":[],"_links":{"self":[{"href":"https:\/\/www.salvatorianas.org.br\/blog\/wp-json\/wp\/v2\/posts\/946"}],"collection":[{"href":"https:\/\/www.salvatorianas.org.br\/blog\/wp-json\/wp\/v2\/posts"}],"about":[{"href":"https:\/\/www.salvatorianas.org.br\/blog\/wp-json\/wp\/v2\/types\/post"}],"author":[{"embeddable":true,"href":"https:\/\/www.salvatorianas.org.br\/blog\/wp-json\/wp\/v2\/users\/1"}],"replies":[{"embeddable":true,"href":"https:\/\/www.salvatorianas.org.br\/blog\/wp-json\/wp\/v2\/comments?post=946"}],"version-history":[{"count":0,"href":"https:\/\/www.salvatorianas.org.br\/blog\/wp-json\/wp\/v2\/posts\/946\/revisions"}],"wp:featuredmedia":[{"embeddable":true,"href":"https:\/\/www.salvatorianas.org.br\/blog\/wp-json\/wp\/v2\/media\/1939"}],"wp:attachment":[{"href":"https:\/\/www.salvatorianas.org.br\/blog\/wp-json\/wp\/v2\/media?parent=946"}],"wp:term":[{"taxonomy":"category","embeddable":true,"href":"https:\/\/www.salvatorianas.org.br\/blog\/wp-json\/wp\/v2\/categories?post=946"},{"taxonomy":"post_tag","embeddable":true,"href":"https:\/\/www.salvatorianas.org.br\/blog\/wp-json\/wp\/v2\/tags?post=946"}],"curies":[{"name":"wp","href":"https:\/\/api.w.org\/{rel}","templated":true}]}}