{"id":945,"date":"2016-06-24T00:00:00","date_gmt":"2016-06-24T00:00:00","guid":{"rendered":"https:\/\/www.salvatorianas.org.br\/blog\/papa-chega-a-armenia-primeiro-pais-cristao\/"},"modified":"2016-06-24T00:00:00","modified_gmt":"2016-06-24T00:00:00","slug":"papa-chega-a-armenia-primeiro-pais-cristao","status":"publish","type":"post","link":"https:\/\/www.salvatorianas.org.br\/blog\/papa-chega-a-armenia-primeiro-pais-cristao\/","title":{"rendered":"Papa chega \u00e0 Arm\u00eania: primeiro pa\u00eds crist\u00e3o"},"content":{"rendered":"<p class=\"MsoNormal\" style=\"text-align:justify\">O Papa Francisco chegou nestasexta-feira, 24, &agrave; Arm&ecirc;nia, come&ccedil;ando, assim, a 14&ordf; viagem internacional de seupontificado. Ele desembarcou na capital Yerevan &agrave;s 14h49 (hora local).<\/p>\n<p class=\"MsoNormal\" style=\"text-align:justify\">Como &eacute; tradi&ccedil;&atilde;o, na v&eacute;spera daviagem o Pont&iacute;fice foi &agrave; Bas&iacute;lica de Santa Maria Maior para rezar diante da imagemde Nossa Senhora Salus Populi Romani pelo bom &ecirc;xito da visita. As flores que oPapa depositou aos p&eacute;s do altar tinham as cores da bandeira arm&ecirc;nia (vermelho,laranja e azul).<\/p>\n<p class=\"MsoNormal\" style=\"text-align:justify\">Francisco visita a Arm&ecirc;nia aconvite do Patriarca e Catholicos de todos os Arm&ecirc;nios, Karekin II, e dasautoridades pol&iacute;ticas e da Igreja Cat&oacute;lica.<\/p>\n<p class=\"MsoNormal\" style=\"text-align:justify\"><b>Programa&ccedil;&atilde;o<\/b><\/p>\n<p class=\"MsoNormal\" style=\"text-align:justify\">Ap&oacute;s a cerim&ocirc;nia de boas-vindas,o Papa segue para um momento de ora&ccedil;&atilde;o na Catedral Apost&oacute;lica em Etchmiadzin,com sauda&ccedil;&otilde;es de Karekin II e Francisco.<\/p>\n<p class=\"MsoNormal\" style=\"text-align:justify\">&Agrave;s 18 horas locais, est&aacute; previstaa visita de cortesia do Papa Francisco ao Presidente da Rep&uacute;blica, SerzhSargsyan, no Pal&aacute;cio Presidencial, seguido pelo encontro com as autoridadescivis e com o corpo diplom&aacute;tico, meia hora depois. Estes dois eventos ser&atilde;otransmitidos ao vivo pela R&aacute;dio Vaticano, com coment&aacute;rios em portugu&ecirc;s.<\/p>\n<p class=\"MsoNormal\" style=\"text-align:justify\">O &uacute;ltimo compromisso do primeirodia da viagem &agrave; Arm&ecirc;nia ser&aacute; um encontro privado com Karekin II, no Pal&aacute;cioApost&oacute;lico.<\/p>\n<p class=\"MsoNormal\" style=\"text-align:justify\"><b>Arm&ecirc;nia e os Papas<\/b><\/p>\n<p class=\"MsoNormal\" style=\"text-align:justify\">Essa &eacute; a segunda visita de umPapa ao pa&iacute;s. S&atilde;o Jo&atilde;o Paulo II esteve na Arm&ecirc;nia em 2001. Ainda em 2016,Francisco regressa ao C&aacute;ucaso para visitar a Ge&oacute;rgia e o Azerbaij&atilde;o, entre osdias 30 de setembro e 2 de outubro.<\/p>\n<p class=\"MsoNormal\" style=\"text-align:justify\">Como arcebispo de Buenos Aires,Bergoglio teve oportunidade de se reunir com a comunidade arm&ecirc;nia na Argentina,a terceira maior da di&aacute;spora.<\/p>\n<p class=\"MsoNormal\" style=\"text-align:justify\"><b>Primeiro pa&iacute;s crist&atilde;o<\/b><\/p>\n<p class=\"MsoNormal\" style=\"text-align:justify\">A Arm&ecirc;nia &eacute; considerada &ldquo;oprimeiro pa&iacute;s crist&atilde;o&rdquo;, pois o rei Tiridates III proclamou o Cristianismo comoreligi&atilde;o de Estado em 301, ainda antes do Imp&eacute;rio Romano, sob o impulso de S&atilde;oGreg&oacute;rio, o Iluminador.<\/p>\n<p class=\"MsoNormal\" style=\"text-align:justify\">O rito arm&ecirc;nio &eacute; um dos maisantigos do Cristianismo do Oriente, com origens que remontam &agrave; &eacute;poca apost&oacute;licacom Tadeus e Bartolomeu &ndash; considerados os Ap&oacute;stolos do pa&iacute;s.<\/p>\n<p class=\"MsoNormal\" style=\"text-align:justify\">Fonte: R&aacute;dio Vaticano<\/p>\n","protected":false},"excerpt":{"rendered":"<p>O Papa Francisco chegou nestasexta-feira, 24, &agrave; Arm&ecirc;nia, come&ccedil;ando, assim, a 14&ordf; viagem internacional de seupontificado. Ele desembarcou na capital Yerevan &agrave;s 14h49 (hora local). Como &eacute; tradi&ccedil;&atilde;o, na v&eacute;spera daviagem o Pont&iacute;fice&#8230;<\/p>\n","protected":false},"author":1,"featured_media":1321,"comment_status":"open","ping_status":"open","sticky":false,"template":"","format":"standard","meta":[],"categories":[1],"tags":[],"_links":{"self":[{"href":"https:\/\/www.salvatorianas.org.br\/blog\/wp-json\/wp\/v2\/posts\/945"}],"collection":[{"href":"https:\/\/www.salvatorianas.org.br\/blog\/wp-json\/wp\/v2\/posts"}],"about":[{"href":"https:\/\/www.salvatorianas.org.br\/blog\/wp-json\/wp\/v2\/types\/post"}],"author":[{"embeddable":true,"href":"https:\/\/www.salvatorianas.org.br\/blog\/wp-json\/wp\/v2\/users\/1"}],"replies":[{"embeddable":true,"href":"https:\/\/www.salvatorianas.org.br\/blog\/wp-json\/wp\/v2\/comments?post=945"}],"version-history":[{"count":0,"href":"https:\/\/www.salvatorianas.org.br\/blog\/wp-json\/wp\/v2\/posts\/945\/revisions"}],"wp:featuredmedia":[{"embeddable":true,"href":"https:\/\/www.salvatorianas.org.br\/blog\/wp-json\/wp\/v2\/media\/1321"}],"wp:attachment":[{"href":"https:\/\/www.salvatorianas.org.br\/blog\/wp-json\/wp\/v2\/media?parent=945"}],"wp:term":[{"taxonomy":"category","embeddable":true,"href":"https:\/\/www.salvatorianas.org.br\/blog\/wp-json\/wp\/v2\/categories?post=945"},{"taxonomy":"post_tag","embeddable":true,"href":"https:\/\/www.salvatorianas.org.br\/blog\/wp-json\/wp\/v2\/tags?post=945"}],"curies":[{"name":"wp","href":"https:\/\/api.w.org\/{rel}","templated":true}]}}