{"id":93,"date":"2018-03-08T00:00:00","date_gmt":"2018-03-08T00:00:00","guid":{"rendered":"https:\/\/www.salvatorianas.org.br\/blog\/novena-de-padre-jordan-como-itinerario-para-vivenciar-o-ano-centenario-da-morte-ressurreicao-de-pe-jordan\/"},"modified":"2018-04-15T16:32:13","modified_gmt":"2018-04-15T16:32:13","slug":"novena-de-padre-jordan-como-itinerario-para-vivenciar-o-ano-centenario-da-morte-ressurreicao-de-pe-jordan","status":"publish","type":"post","link":"https:\/\/www.salvatorianas.org.br\/blog\/novena-de-padre-jordan-como-itinerario-para-vivenciar-o-ano-centenario-da-morte-ressurreicao-de-pe-jordan\/","title":{"rendered":"Novena de Padre Jordan como itiner\u00e1rio para vivenciar o Ano Centen\u00e1rio da Morte\/Ressurrei\u00e7\u00e3o de Pe. Jordan"},"content":{"rendered":"<p class=\"MsoNormal\" style=\"text-align: justify;\">Neste dia 08 de mar\u00e7o, 2\u00ba Dia da Novena em prepara\u00e7\u00e3o ao Centen\u00e1rio da Morte\/Ressurrei\u00e7\u00e3o do Vener\u00e1vel Servo de Deus,Pe. Francisco Maria da Cruz Jordan traz como tema: &#8220;Padre Jordan Defensor do Apostolado Leigo&#8221;. Novena que est\u00e1 sendo rezada no dia 08 de cada m\u00eas noslugares de miss\u00e3o salvatoriana e se estender\u00e1 at\u00e9 setembro, m\u00eas que marca a celebra\u00e7\u00e3o do Ano Centen\u00e1rio. Reze conosco esta novena!<\/p>\n<p class=\"MsoNormal\" style=\"text-align: center;\" align=\"center\"><b style=\"mso-bidi-font-weight: normal;\">08 de mar\u00e7o de 2018<\/b><\/p>\n<p class=\"MsoNormal\" style=\"text-align: center;\" align=\"center\"><b style=\"mso-bidi-font-weight: normal;\"><span style=\"font-size: 12.0pt; line-height: 107%;\">Vener\u00e1vel Servo de Deus<\/span><\/b><\/p>\n<p class=\"MsoNormal\" style=\"text-align: center;\" align=\"center\"><b style=\"mso-bidi-font-weight: normal;\"><span style=\"font-size: 12.0pt; line-height: 107%;\">Pe. Francisco Maria daCruz Jordan<\/span><\/b><\/p>\n<p class=\"MsoNormal\" style=\"text-align: center;\" align=\"center\"><b style=\"mso-bidi-font-weight: normal;\"><span style=\"font-size: 14.0pt; line-height: 107%;\">DEFENSOR DO APOSTOLADO LEIGO<\/span><\/b><\/p>\n<p class=\"MsoNormal\" style=\"text-align: center;\" align=\"center\"><b style=\"mso-bidi-font-weight: normal;\">SAL DA TERRA E LUZ DO MUNDO<\/b><\/p>\n<p class=\"MsoNormal\" style=\"text-align: center;\" align=\"center\"><b style=\"mso-bidi-font-weight: normal;\">(MT 5,13-14)<\/b><\/p>\n<p class=\"MsoNormal\" style=\"text-align: justify;\">Pe. Jordan foi um homem al\u00e9m doseu tempo. Ele inicia as atividades mission\u00e1rias com a colabora\u00e7\u00e3o dos leigos.No in\u00edcio do seu projeto, dividiu a Sociedade em tr\u00eas graus. Em cada graucontava com a participa\u00e7\u00e3o de leigos. Ele sempre acreditou no protagonismo dosleigos. As suas afirma\u00e7\u00f5es est\u00e3o bem contidas no Conc\u00edlio Vaticano II.<\/p>\n<p class=\"MsoNormal\" style=\"text-align: justify;\">Hoje, passados 100 anos de suap\u00e1scoa definitiva, a Igreja no Brasil celebra o \u201cANO DOLAICATO\u201d. O temaescolhido para animar a m\u00edstica do Ano do Laicato foi: \u201dCrist\u00e3os leigos e leigas,sujeitos na \u2018Igreja em sa\u00edda\u2019, a servi\u00e7o do Reino\u201d e o lema: \u201cSal da terra eluz do mundo\u201d, Mt 5,13-14<\/p>\n<p class=\"MsoNormal\" style=\"text-align: justify;\">&#8211; Se o sal perder o seu gosto,com que se h\u00e1 de salgar? \u201cV\u00f3s sois o sal da terra!\u201d<\/p>\n<p class=\"MsoNormal\" style=\"text-align: justify;\">&#8211; Ningu\u00e9m acende uma luz para coloc\u00e1-la debaixoda mesa, mas sobre a mesa a fim de que ela ilumine a todos que est\u00e3o em casa.\u201cV\u00f3s sois a luz do mundo!\u201d<\/p>\n<p class=\"MsoNormal\" style=\"text-align: justify;\"><b style=\"mso-bidi-font-weight: normal;\">Padre Jordan na Igreja e com a Igreja, atrav\u00e9s dos tempos.<\/b><\/p>\n<p class=\"MsoNormal\" style=\"text-align: justify;\"><b style=\"mso-bidi-font-weight: normal;\">\u00a0<\/b><\/p>\n<p class=\"MsoNormal\" style=\"text-align: justify;\"><b style=\"mso-bidi-font-weight: normal;\">\u00a0<\/b><\/p>\n<p class=\"MsoNormal\" style=\"text-align: center;\" align=\"center\"><b style=\"mso-bidi-font-weight: normal;\"><span style=\"font-size: 12.0pt; line-height: 107%;\">ORA\u00c7\u00c3O INICIAL<\/span><\/b><\/p>\n<p class=\"MsoNormal\" style=\"text-align: center;\" align=\"center\"><b style=\"mso-bidi-font-weight: normal;\"><span style=\"font-size: 12.0pt; line-height: 107%;\">\u00a0<\/span><\/b><\/p>\n<p class=\"MsoNormal\" style=\"text-align: center;\" align=\"center\">Senhor Jesus Cristo,Salvador do mundo,<\/p>\n<p class=\"MsoNormal\" style=\"text-align: center;\" align=\"center\">em todos os temposchamas homens e mulheres<\/p>\n<p class=\"MsoNormal\" style=\"text-align: center;\" align=\"center\">que, a exemplo dosAp\u00f3stolos, se empenham para que<\/p>\n<p class=\"MsoNormal\" style=\"text-align: center;\" align=\"center\">todos te conhe\u00e7am eencontrem em ti a salva\u00e7\u00e3o.<\/p>\n<p class=\"MsoNormal\" style=\"text-align: center;\" align=\"center\">Escolheste FranciscoJordan como zeloso<\/p>\n<p class=\"MsoNormal\" style=\"text-align: center;\" align=\"center\">e fiel servidor doan\u00fancio apost\u00f3lico.<\/p>\n<p class=\"MsoNormal\" style=\"text-align: center;\" align=\"center\">Pela intercess\u00e3o deMaria, M\u00e3e do Salvador<\/p>\n<p class=\"MsoNormal\" style=\"text-align: center;\" align=\"center\">e Rainha dosAp\u00f3stolos, te pedimos:<\/p>\n<p class=\"MsoNormal\" style=\"text-align: center;\" align=\"center\">como concedeste a teuservo Francisco,<\/p>\n<p class=\"MsoNormal\" style=\"text-align: center;\" align=\"center\">d\u00e1 tamb\u00e9m a n\u00f3s, seusfilhos e filhas espirituais,<\/p>\n<p class=\"MsoNormal\" style=\"text-align: center;\" align=\"center\">uma inabal\u00e1velconfian\u00e7a<\/p>\n<p class=\"MsoNormal\" style=\"text-align: center;\" align=\"center\">em tua amorosa Provid\u00eancia,<\/p>\n<p class=\"MsoNormal\" style=\"text-align: center;\" align=\"center\">zelo apost\u00f3lico por teu Reino,<\/p>\n<p class=\"MsoNormal\" style=\"text-align: center;\" align=\"center\">dedica\u00e7\u00e3o no servi\u00e7oaos irm\u00e3os e irm\u00e3s,<\/p>\n<p class=\"MsoNormal\" style=\"text-align: center;\" align=\"center\">e coragem para teseguir.<\/p>\n<p class=\"MsoNormal\" style=\"text-align: center;\" align=\"center\">Pela intercess\u00e3o deteu servo Francisco,<\/p>\n<p class=\"MsoNormal\" style=\"text-align: center;\" align=\"center\">atende nossas preces,<\/p>\n<p class=\"MsoNormal\" style=\"text-align: center;\" align=\"center\">e ajuda-nos em nossasnecessidades. Am\u00e9m.<\/p>\n<p class=\"MsoNormal\" style=\"text-align: center;\" align=\"center\"><b style=\"mso-bidi-font-weight: normal;\"><span style=\"font-size: 12.0pt; line-height: 107%;\">Rezando com a Palavrade Deus:<\/span><\/b><\/p>\n<p class=\"MsoNormal\" style=\"text-align: center;\" align=\"center\"><b style=\"mso-bidi-font-weight: normal;\"><span style=\"font-size: 12.0pt; line-height: 107%;\">\u00a0<\/span><\/b><\/p>\n<p class=\"MsoNormal\" style=\"text-align: justify;\">\u201c\u00abVoc\u00eas s\u00e3o o sal da terra. Ora, se o salperde o gosto, com que poderemos salg\u00e1-lo? N\u00e3o serve para mais nada; serve s\u00f3para ser jogado fora e ser pisado pelos homens.14 Voc\u00eas s\u00e3o a luz do mundo. N\u00e3opode ficar escondida uma cidade constru\u00edda sobre um monte\u201d Mt 5,13,14<\/p>\n<p class=\"MsoNormal\" style=\"text-align: justify;\"><i style=\"mso-bidi-font-style: normal;\">Refletir o que a Palavra de Deus est\u00e1 me dizendo.<\/i><\/p>\n<p class=\"MsoNormal\" style=\"text-align: center;\" align=\"center\"><b style=\"mso-bidi-font-weight: normal;\"><span style=\"font-size: 12.0pt; line-height: 107%;\">Recordando asmedita\u00e7\u00f5es do Pe. Jordan<\/span><\/b><\/p>\n<p class=\"MsoNormal\" style=\"text-align: justify;\">&#8211; Qu\u00e3o poderosa \u00e9 a a\u00e7\u00e3o doap\u00f3stolo inflamado pela caridade! E, pelo contr\u00e1rio, quanto preju\u00edzo causa umpregador que n\u00e3o est\u00e1 animado pela caridade! Ainda que ele troveje, acasopoder\u00e1 inflamar outros, se ele mesmo n\u00e3o arde? Por mais instru\u00eddo que seja, pormais incisiva que seja sua prega\u00e7\u00e3o: ele precisa inflamar pelo amor. (Alocu\u00e7\u00f5es42)<\/p>\n<p class=\"MsoNormal\" style=\"text-align: justify;\">&#8211; E mais: \u00e9 ainda particularmenteimportante que invoquemos o Esp\u00edrito Santo, para que Ele nos ajude a sermos, aexemplo dos Santos Ap\u00f3stolos, un\u00e2nimes, unidos, um s\u00f3 cora\u00e7\u00e3o.367 Que o Esp\u00edritoSanto habite em nossos cora\u00e7\u00f5es!368 Que Ele conserve sempre e em tudo a unidadeentre n\u00f3s. E, onde ela n\u00e3o existe, que Ele a estabele\u00e7a! Isto \u00e9 t\u00e3o importante!(Alocu\u00e7\u00f5es 43)<\/p>\n<p class=\"MsoNormal\" style=\"text-align: justify;\">&#8211; Se voc\u00eas se identificaremfielmente com a miss\u00e3o da Sociedade, empenhando-se, com zelo, no seguimento dosSantos Ap\u00f3stolos, ent\u00e3o haver\u00e3o de encarar e compreender sua nobre miss\u00e3o de maneirabem diferente. Como voc\u00eas ser\u00e3o felizes se procurarem realizar esta miss\u00e3o!(Alocu\u00e7\u00f5es 45)<\/p>\n<p class=\"MsoNormal\" style=\"text-align: justify;\">&#8211; Para que trabalhemos com muitofruto na vinha do Senhor, \u00e9 necess\u00e1rio que tenhamos uma f\u00e9 s\u00f3lida, porque a f\u00e9\u00e9 a raiz e o fundamento de todas as virtudes. Deixemo-nos guiar pela f\u00e9. Deixem-seguiar pela f\u00e9. Todas as atividades da Sociedade sejam orientadas pela f\u00e9.\u201cPermane\u00e7am firmes na f\u00e9\u201d, diz o Ap\u00f3stolo. 491 E, se realizamos grandes coisasna vinha do Senhor, sejamos firmes na f\u00e9 e lutemos contra a arcana serpente!(Alocu\u00e7\u00f5es 64)<\/p>\n<p class=\"MsoNormal\" style=\"text-align: center;\" align=\"center\"><b style=\"mso-bidi-font-weight: normal;\"><span style=\"font-size: 12.0pt; line-height: 107%;\">Rezando com a Fam\u00edliaSalvatoriana hoje<\/span><\/b><\/p>\n<p class=\"MsoNormal\" style=\"text-align: center;\" align=\"center\"><b style=\"mso-bidi-font-weight: normal;\"><span style=\"font-size: 12.0pt; line-height: 107%;\">\u00a0<\/span><\/b><\/p>\n<p class=\"MsoNormal\" style=\"text-align: justify;\">&#8211; \u201cIdeias s\u00e3o sementes que devemser lan\u00e7adas no solo da Hist\u00f3ria, nem sempre brotam de imediato, mas quandochega a &#8220;plenitude do tempo&#8221; brotam com vigor. Foi isto que aconteceucom o Padre Jordan, aproximadamente em 1880. Ele lan\u00e7ou a ideia de unir asfor\u00e7as vivas da Igreja. Nasceram algumas sementes, mas o solo n\u00e3o era prop\u00edcio,logo murcharam. Cem anos mais tarde, surge a ADS, Leigos e LeigasSalvatorianas, esta semente nasceu e est\u00e1 dando muitos frutos.\u201d Irm\u00e3 MariaAdmir Carvalho Cit\u00f3. Religiosa Salvatoriana, Santa B\u00e1rbara D\u2019Oeste,SP.<\/p>\n<p class=\"MsoNormal\" style=\"text-align: justify;\">&#8211; \u201cA miss\u00e3o salvatoriana \u00e9eminentemente apost\u00f3lica. Existimos para promover uma Igreja viva e participativa,focalizando particularmente a forma\u00e7\u00e3o e envolvimento do ap\u00f3stolo leigo. Da\u00ed a import\u00e2nciada promo\u00e7\u00e3o da Associa\u00e7\u00e3o do Divino Salvador, ou seja, do leigo salvatoriano.\u201dPe Arno Boesing, Religioso e Padre Salvatoriano, Rio de Janeiro \u2013 RJ<\/p>\n<p class=\"MsoNormal\" style=\"text-align: justify;\">&#8211; \u201cConfirmando a intui\u00e7\u00e3ooriginal e o sonho de Pe. Jordan os\/as leigos\/as Salvatorianos\/as atrav\u00e9s de suaorganiza\u00e7\u00e3o s\u00e3o chamados\/as a ser ap\u00f3stolos, respondendo ao chamado de Deus eintensificando a sua voca\u00e7\u00e3o crist\u00e3 \u00e0 santidade e a a\u00e7\u00e3o apost\u00f3lica, vivendo nomundo a sua miss\u00e3o, na fam\u00edlia, na vida profissional e num amplo contexto devida eclesial, social e pol\u00edtica.\u201d Francisco Jos\u00e9 Petry, Coordenador Nacionaldos Leigos Salvatorianos, S\u00e3o Miguel do Oeste \u2013 SC<\/p>\n<p class=\"MsoNormal\" style=\"text-align: center;\" align=\"center\"><b style=\"mso-bidi-font-weight: normal;\">Rezando com a CNBB:<\/b><\/p>\n<p class=\"MsoNormal\" style=\"text-align: center;\" align=\"center\"><b style=\"mso-bidi-font-weight: normal;\">\u00a0<\/b><\/p>\n<p class=\"MsoNormal\" style=\"text-align: justify;\">&#8211; \u201cSal da terra e luz do mundo,na Igreja e na sociedade! Os crist\u00e3os leigos e leigas, receberam, pelo Batismoe pela Crisma, a gra\u00e7a de serem Igreja e, por isso, a gra\u00e7a de serem sal daterra e luz do mundo (Mt 5,13-14)\u201d (Dom Leonardo Ulrich Steiner,Secret\u00e1rio-Geral da CNBB).<\/p>\n<p class=\"MsoNormal\" style=\"text-align: justify;\">&#8211; \u201cNa din\u00e2mica amorosa e suave do Esp\u00edrito queanima a e dinamiza a Igreja, os disc\u00edpulos mission\u00e1rios recebem uma variedadede minist\u00e9rios, carismas, voca\u00e7\u00f5es e servi\u00e7os. N\u00e3o s\u00e3o fun\u00e7\u00f5es; n\u00e3o \u00e9organiza\u00e7\u00e3o! S\u00e3o express\u00f5es do modo de os batizados viverem em Cristo,fecundados pelo Esp\u00edrito\u201d. (Dom Leonardo Ulrich Steiner, Secret\u00e1rio-Geral daCNBB).<\/p>\n<p class=\"MsoNormal\" style=\"text-align: justify;\">&#8211; \u201cSer sujeito eclesial significaser maduro na f\u00e9, testemunhar o amor \u00e0 Igreja, servir os irm\u00e3os e irm\u00e3s,permanecer no seguimento de Jesus, na escuta obediente \u00e0 inspira\u00e7\u00e3o do Esp\u00edritosanto e ter coragem, criatividade e ousadia, para dar testemunho de Cristo\u201d(CNBB, Doc. 105, n119).<\/p>\n<p class=\"MsoNormal\" style=\"text-align: justify;\">&#8211; Para encontrar e servir a Deusna sociedade os leigos s\u00e3o iluminados pelo modo de Deus: \u201cEle \u00b4desce\u00b4 e \u00b4entra\u00b4em nosso mundo e em nossa hist\u00f3ria para assumir em tudo a nossa exist\u00eancia. Dessaforma, tamb\u00e9m os crist\u00e3os, para seguir e servir a Deus, devem \u00b4descer\u00b4e\u00b4entrar\u00b4em tudo o que \u00e9 humano, que constr\u00f3i um mundo mais humano e que noshumaniza\u201d (Evangelli Gaudium, n. 24 e CNBB, Doc 105, n. 163)<\/p>\n<p class=\"MsoNormal\" style=\"text-align: center;\" align=\"center\"><b style=\"mso-bidi-font-weight: normal;\"><span style=\"font-size: 12.0pt; line-height: 107%;\">\u00daltimos dias do Pe.Jordan \u2013 Cr\u00f4nicas deixadas pelo Pe. Pancr\u00e1cio<\/span><\/b><\/p>\n<p class=\"MsoNormal\" style=\"text-align: center;\" align=\"center\"><b style=\"mso-bidi-font-weight: normal;\"><span style=\"font-size: 12.0pt; line-height: 107%;\">\u00a0<\/span><\/b><\/p>\n<p class=\"MsoNormal\" style=\"text-align: justify;\">&#8211; Visitei o vener\u00e1vel Pai. Ele est\u00e1 deitado numalinda cama branca, muito bem asseado. Ele elogia muito a bondade das Irm\u00e3s e doenfermeiro. Mostra-se satisfeit\u00edssimo com tudo. Perguntou-me tamb\u00e9m, se seriaposs\u00edvel receber diariamente a santa Comunh\u00e3o.<\/p>\n<p class=\"MsoNormal\" style=\"text-align: justify;\"><b style=\"mso-bidi-font-weight: normal;\"><i style=\"mso-bidi-font-style: normal;\">\u201cCr\u00ea, espera, confia, ama e v\u00e1 em frente\u201d<\/i><\/b>(Padre Jordan)<\/p>\n<p class=\"MsoNormal\" style=\"text-align: justify;\">&#8211; Falei com a Superiora. Ela medisse que, com certeza os Srs. Padres trariam, com a m\u00e1xima satisfa\u00e7\u00e3o, aComunh\u00e3o di\u00e1ria. Observei que, se achasse conveniente, toda a manh\u00e3 um dosnossos padres poderia vir celebrar a santa Missa. Mas, ela achou que, pelomenos de ordin\u00e1rio, n\u00e3o seria necess\u00e1rio.<\/p>\n<p class=\"MsoNormal\" style=\"text-align: justify;\"><b style=\"mso-bidi-font-weight: normal;\"><i style=\"mso-bidi-font-style: normal;\">&#8220;Eis-me aqui, Senhor, Tusabes tudo.&#8221;<\/i><\/b> (Padre Jordan)<\/p>\n<p class=\"MsoNormal\" style=\"text-align: justify;\">&#8211; O vener\u00e1vel Pai tinha consigo, em cima docriado-mudo, seu rel\u00f3gio de bolso. Perguntei-lhe se n\u00e3o lhe deveria comprar umrel\u00f3gio que ficasse em p\u00e9, para que pudesse ver melhor as horas. Respondeume quen\u00e3o era preciso.<\/p>\n<p class=\"MsoNormal\" style=\"text-align: justify;\"><b style=\"mso-bidi-font-weight: normal;\"><i style=\"mso-bidi-font-style: normal;\">&#8220;Reconhe\u00e7o o meu nada,Senhor, mas em Ti, eu posso tudo!&#8221;<\/i><\/b> (Padre Jordan)<\/p>\n<p class=\"MsoNormal\" style=\"text-align: justify;\">&#8211; O seu rel\u00f3gio de bolso agora n\u00e3o valia maisnada. Ele o tinha em uso pessoal desde 1896. Ali\u00e1s, eu o havia recebido depresente por ocasi\u00e3o de minha primeira Missa. Voltando para Roma, eu o haviadado ao vener\u00e1vel Pai, visto que seu rel\u00f3gio n\u00e3o funcionava mais.<\/p>\n<p class=\"MsoNormal\" style=\"text-align: justify;\"><b style=\"mso-bidi-font-weight: normal;\"><i style=\"mso-bidi-font-style: normal;\">&#8220;Contempla tudo \u00e0 luz da f\u00e9.Todo o teu pensar, falar e agir sejam motivados neste sentido.&#8221;<\/i><\/b>(Padre Jordan)<\/p>\n<p class=\"MsoNormal\" style=\"text-align: justify;\">&#8211; Posteriormente mandamos colocarno mostrador do rel\u00f3gio a data de 08\/09\/1918, a data de seu falecimento,colocando os ponteiros em 8 horas e 2 minutos. Na parte interior da tampa,l\u00ea-se agora a inscri\u00e7\u00e3o: <i style=\"mso-bidi-font-style: normal;\">&#8220;ln usuRmi. Nostri Fundatoris, \/ 1896-1918&#8221;<\/i> &#8211; &#8220;Usado por nossoReverend\u00edssimo Fundador: 1896-1918&#8221;. Dessa forma ele nos servir\u00e1 derecorda\u00e7\u00e3o do Fundador, testemunhando seu amor pela santa pobreza.<\/p>\n<p class=\"MsoNormal\" style=\"text-align: center;\" align=\"center\"><b style=\"mso-bidi-font-weight: normal;\">ORA\u00c7\u00c3O FINAL \u2013 DIVINO SALVADOR<\/b><\/p>\n<p class=\"MsoNormal\" style=\"text-align: center;\" align=\"center\">(livro precessalvatorianas, ora\u00e7\u00e3o 06 p\u00e1gina 18)<\/p>\n<p class=\"MsoNormal\" style=\"text-align: justify;\">Divino Salvador, Jesus Cristo,para a gl\u00f3ria do Pai e pela salva\u00e7\u00e3o de todos n\u00f3s, desceste \u00e0 terra, Faze comque todos te reconhe\u00e7am como \u00fanico Salvador do mundo, e que te sirvam com alegria.Tu que vives e reinas com Deus Pai, na unidade do Esp\u00edrito Santo. Am\u00e9m. Gl\u00f3riaao Pai&#8230; Pai Nosso &#8230; Ave Maria&#8230;<\/p>\n","protected":false},"excerpt":{"rendered":"<p>Neste dia 08 de mar\u00e7o, 2\u00ba Dia da Novena em prepara\u00e7\u00e3o ao Centen\u00e1rio da Morte\/Ressurrei\u00e7\u00e3o do Vener\u00e1vel Servo de Deus,Pe. Francisco Maria da Cruz Jordan traz como tema: &#8220;Padre Jordan Defensor do Apostolado&#8230;<\/p>\n","protected":false},"author":1,"featured_media":5579,"comment_status":"open","ping_status":"open","sticky":false,"template":"","format":"standard","meta":[],"categories":[27],"tags":[],"_links":{"self":[{"href":"https:\/\/www.salvatorianas.org.br\/blog\/wp-json\/wp\/v2\/posts\/93"}],"collection":[{"href":"https:\/\/www.salvatorianas.org.br\/blog\/wp-json\/wp\/v2\/posts"}],"about":[{"href":"https:\/\/www.salvatorianas.org.br\/blog\/wp-json\/wp\/v2\/types\/post"}],"author":[{"embeddable":true,"href":"https:\/\/www.salvatorianas.org.br\/blog\/wp-json\/wp\/v2\/users\/1"}],"replies":[{"embeddable":true,"href":"https:\/\/www.salvatorianas.org.br\/blog\/wp-json\/wp\/v2\/comments?post=93"}],"version-history":[{"count":3,"href":"https:\/\/www.salvatorianas.org.br\/blog\/wp-json\/wp\/v2\/posts\/93\/revisions"}],"predecessor-version":[{"id":5582,"href":"https:\/\/www.salvatorianas.org.br\/blog\/wp-json\/wp\/v2\/posts\/93\/revisions\/5582"}],"wp:featuredmedia":[{"embeddable":true,"href":"https:\/\/www.salvatorianas.org.br\/blog\/wp-json\/wp\/v2\/media\/5579"}],"wp:attachment":[{"href":"https:\/\/www.salvatorianas.org.br\/blog\/wp-json\/wp\/v2\/media?parent=93"}],"wp:term":[{"taxonomy":"category","embeddable":true,"href":"https:\/\/www.salvatorianas.org.br\/blog\/wp-json\/wp\/v2\/categories?post=93"},{"taxonomy":"post_tag","embeddable":true,"href":"https:\/\/www.salvatorianas.org.br\/blog\/wp-json\/wp\/v2\/tags?post=93"}],"curies":[{"name":"wp","href":"https:\/\/api.w.org\/{rel}","templated":true}]}}