{"id":929,"date":"2016-07-05T00:00:00","date_gmt":"2016-07-05T00:00:00","guid":{"rendered":"https:\/\/www.salvatorianas.org.br\/blog\/papa-a-paz-na-siria-e-possivel\/"},"modified":"2016-07-05T00:00:00","modified_gmt":"2016-07-05T00:00:00","slug":"papa-a-paz-na-siria-e-possivel","status":"publish","type":"post","link":"https:\/\/www.salvatorianas.org.br\/blog\/papa-a-paz-na-siria-e-possivel\/","title":{"rendered":"Papa: a paz na S\u00edria \u00e9 poss\u00edvel!"},"content":{"rendered":"<p class=\"MsoNormal\" style=\"text-align:justify\">&ldquo;Hoje desejo falar de algo queentristece muito o meu cora&ccedil;&atilde;o: a guerra na S&iacute;ria, que j&aacute; entrou no seu quintoano&rdquo;. O Pont&iacute;fice define como&ldquo;indescrit&iacute;vel&rdquo; o sofrimento da popula&ccedil;&atilde;o, obrigada a sobreviver sob as bombasou a procurar caminhos de fuga para outros pa&iacute;ses ou para zonas da S&iacute;ria menosatingidas pela guerra.<\/p>\n<p class=\"MsoNormal\" style=\"text-align:justify\">\n<p class=\"MsoNormal\" style=\"text-align:justify\">&ldquo;Enquanto o povo sofre, gastam-seincr&iacute;veis somas de dinheiro no fornecimento de armas aos que fazem a guerra&rdquo;,denuncia Francisco, citando tamb&eacute;m o jogo duplo de alguns pa&iacute;ses, que ao mesmotempo em que apelam &agrave; paz, fornecem armas.<\/p>\n<p class=\"MsoNormal\" style=\"text-align:justify\"><b>Paz &eacute; poss&iacute;vel<\/b><\/p>\n<p class=\"MsoNormal\" style=\"text-align:justify\">&ldquo;Como podemos acreditar em algu&eacute;mque nos faz carinho com a m&atilde;o direita e nos golpeia com a esquerda?&nbsp; Encorajo todos, adultos e jovens, a viver oAno Santo da Miseric&oacute;rdia com entusiasmo para vencer a indiferen&ccedil;a e proclamarcom for&ccedil;a que a paz na S&iacute;ria &eacute; poss&iacute;vel&rdquo;, exorta o Papa<\/p>\n<p class=\"MsoNormal\" style=\"text-align:justify\">O convite do Pont&iacute;fice &eacute; rezarpela paz no pa&iacute;s em vig&iacute;lias de ora&ccedil;&atilde;o, em iniciativas de sensibiliza&ccedil;&atilde;ocom&nbsp; grupos, par&oacute;quias e comunidades.Francisco se dirige tamb&eacute;m aos que est&atilde;o envolvidos nas negocia&ccedil;&otilde;es de paz paraque levem a s&eacute;rio os acordos e fa&ccedil;am um esfor&ccedil;o concreto para facilitar oacesso &agrave; ajuda humanit&aacute;ria. &#8220;&Agrave; ora&ccedil;&atilde;o, devem seguir as obras de paz.&#8221;<\/p>\n<p class=\"MsoNormal\" style=\"text-align:justify\"><b>Solu&ccedil;&atilde;o pol&iacute;tica<\/b><\/p>\n<p class=\"MsoNormal\" style=\"text-align:justify\">&ldquo;Todos devemos reconhecer que n&atilde;oexiste uma solu&ccedil;&atilde;o militar para a S&iacute;ria: s&oacute; uma solu&ccedil;&atilde;o pol&iacute;tica. Juntemosfor&ccedil;as, em todos os n&iacute;veis, para garantir que a paz na amada S&iacute;ria sejaposs&iacute;vel. Isto ser&aacute; um grandioso exemplo de miseric&oacute;rdia e de amor para o bemde toda a comunidade internacional!&rdquo;, conclui Francisco.<\/p>\n<p class=\"MsoNormal\" style=\"text-align:justify\">A C&aacute;ritas fornece alimenta&ccedil;&atilde;o,assist&ecirc;ncia de sa&uacute;de, bens de primeira necessidade, instru&ccedil;&atilde;o, ref&uacute;gio,consultoria psicol&oacute;gica, prote&ccedil;&atilde;o na S&iacute;ria e nos pa&iacute;ses que abrigam refugiados.Somente no ano passado, as C&aacute;ritas nacionais levaram ajudas a 1,3 milh&atilde;o depessoas.<\/p>\n<p class=\"MsoNormal\" style=\"text-align:justify\">Para promover esta campanha, aC&aacute;ritas est&aacute; lan&ccedil;ando um <a href=\"http:\/\/syria.caritas.org\/\">novo portal<\/a> no qual &eacute; poss&iacute;vel acessar obras de arte,fotografias premiadas, um filme sobre a guerra, al&eacute;m de testemunhos de s&iacute;riosque permaneceram no pa&iacute;s e de refugiados.<\/p>\n<p class=\"MsoNormal\" style=\"text-align: center;\"><b>Confira a videomensagem do Papa Francisco no &acirc;mbito da campanha promovida pela C&aacute;ritas Internacional<\/b><\/p>\n<p class=\"MsoNormal\" style=\"text-align: center;\"><b>&nbsp;&ldquo;S&iacute;ria: a paz &eacute; poss&iacute;vel&rdquo;.<\/b><\/p>\n<p style=\"text-align: center; padding-top: 20px; padding-bottom: 20px; border: 0px; font-stretch: inherit; font-size: 16px; line-height: 24px; font-family: Verdana, Geneva, sans-serif; vertical-align: baseline; color: rgb(68, 68, 68); background-color: rgb(255, 255, 255);\"><iframe loading=\"lazy\" allowfullscreen=\"\" frameborder=\"0\" height=\"360\" src=\"http:\/\/www.youtube.com\/embed\/GkcsQThCb2Y?rel=0\" width=\"640\" style=\"margin: 0px; padding: 0px; border-width: 0px; border-style: initial; font-style: inherit; font-variant: inherit; font-weight: inherit; font-stretch: inherit; font-size: inherit; line-height: inherit; font-family: inherit; vertical-align: baseline;\"><\/iframe><\/p>\n<p style=\"text-align: center; padding-top: 20px; padding-bottom: 20px; border: 0px; font-stretch: inherit; font-size: 16px; line-height: 24px; font-family: Verdana, Geneva, sans-serif; vertical-align: baseline; color: rgb(68, 68, 68); background-color: rgb(255, 255, 255);\"><\/p>\n<p class=\"MsoNormal\" style=\"text-align:justify\">Fonte: R&aacute;dio Vaticano<\/p>\n","protected":false},"excerpt":{"rendered":"<p>&ldquo;Hoje desejo falar de algo queentristece muito o meu cora&ccedil;&atilde;o: a guerra na S&iacute;ria, que j&aacute; entrou no seu quintoano&rdquo;. O Pont&iacute;fice define como&ldquo;indescrit&iacute;vel&rdquo; o sofrimento da popula&ccedil;&atilde;o, obrigada a sobreviver sob as&#8230;<\/p>\n","protected":false},"author":1,"featured_media":1927,"comment_status":"open","ping_status":"open","sticky":false,"template":"","format":"standard","meta":[],"categories":[1],"tags":[],"_links":{"self":[{"href":"https:\/\/www.salvatorianas.org.br\/blog\/wp-json\/wp\/v2\/posts\/929"}],"collection":[{"href":"https:\/\/www.salvatorianas.org.br\/blog\/wp-json\/wp\/v2\/posts"}],"about":[{"href":"https:\/\/www.salvatorianas.org.br\/blog\/wp-json\/wp\/v2\/types\/post"}],"author":[{"embeddable":true,"href":"https:\/\/www.salvatorianas.org.br\/blog\/wp-json\/wp\/v2\/users\/1"}],"replies":[{"embeddable":true,"href":"https:\/\/www.salvatorianas.org.br\/blog\/wp-json\/wp\/v2\/comments?post=929"}],"version-history":[{"count":0,"href":"https:\/\/www.salvatorianas.org.br\/blog\/wp-json\/wp\/v2\/posts\/929\/revisions"}],"wp:featuredmedia":[{"embeddable":true,"href":"https:\/\/www.salvatorianas.org.br\/blog\/wp-json\/wp\/v2\/media\/1927"}],"wp:attachment":[{"href":"https:\/\/www.salvatorianas.org.br\/blog\/wp-json\/wp\/v2\/media?parent=929"}],"wp:term":[{"taxonomy":"category","embeddable":true,"href":"https:\/\/www.salvatorianas.org.br\/blog\/wp-json\/wp\/v2\/categories?post=929"},{"taxonomy":"post_tag","embeddable":true,"href":"https:\/\/www.salvatorianas.org.br\/blog\/wp-json\/wp\/v2\/tags?post=929"}],"curies":[{"name":"wp","href":"https:\/\/api.w.org\/{rel}","templated":true}]}}