{"id":909,"date":"2016-07-21T00:00:00","date_gmt":"2016-07-21T00:00:00","guid":{"rendered":"https:\/\/www.salvatorianas.org.br\/blog\/conheca-a-nova-coordenacao-nacional-da-crb\/"},"modified":"2016-07-21T00:00:00","modified_gmt":"2016-07-21T00:00:00","slug":"conheca-a-nova-coordenacao-nacional-da-crb","status":"publish","type":"post","link":"https:\/\/www.salvatorianas.org.br\/blog\/conheca-a-nova-coordenacao-nacional-da-crb\/","title":{"rendered":"Conhe\u00e7a a nova coordena\u00e7\u00e3o nacional da CRB"},"content":{"rendered":"<p class=\"MsoNormal\" style=\"text-align:justify\">Durante a 24&ordf; Assembleia GeralEletiva da CRB Nacional, os representantes das congrega&ccedil;&otilde;es associadas daConfer&ecirc;ncia que se somavam cerca de 600, reunidos em Bras&iacute;lia, elegeram a novacoordena&ccedil;&atilde;o da CRB Nacional.<\/p>\n<p class=\"MsoNormal\" style=\"text-align:justify\">Na missa de posse realizada namanh&atilde; da sexta, 15, o arcebispo de Porto Alegre e bispo referencial para a VidaConsagrada,&nbsp; que presidiu a celebra&ccedil;&atilde;o,dom Jaime Spengler pediu que os eleitos e eleitas se ajoelhassem para que fosseaben&ccedil;oados\/as pela mesma assembleia que os elegeu. &#8221; Pe&ccedil;o que se ajoelhem.Este gesto quer significar que voc&ecirc;s est&atilde;o assumindo um servi&ccedil;o para a VidaConsagrada e esta mesma os aben&ccedil;oar&aacute; neste momento.<\/p>\n<p class=\"MsoNormal\" style=\"text-align:justify\"><b>A coordena&ccedil;&atilde;o ficou assim constitu&iacute;da:<\/b><\/p>\n<p class=\"MsoNormal\" style=\"text-align:justify\">Presidente: Irm&atilde; Maria In&ecirc;sVieira Ribeiro, mad<\/p>\n<p class=\"MsoNormal\" style=\"text-align:justify\">Diretores: Irm&atilde; Maria Petronilade Souza Soares (Mission&aacute;ria da Imaculada Concei&ccedil;&atilde;o)<\/p>\n<p class=\"MsoNormal\" style=\"text-align:justify\">Irm&atilde; Paula Francinette da SilvaIrm&atilde;s de Nossa Senhora da Gl&oacute;ria<\/p>\n<p class=\"MsoNormal\" style=\"text-align:justify\">Irm&atilde; Cacilda Mendes PeixotoIrm&atilde;sSacramentinas de Nossa Senhora<\/p>\n<p class=\"MsoNormal\" style=\"text-align:justify\">Irm&atilde;o Joaquim Sperandio<\/p>\n<p class=\"MsoNormal\" style=\"text-align:justify\">Irm&atilde;ozinhos de Maria (Marista)<\/p>\n<p class=\"MsoNormal\" style=\"text-align:justify\">Irm&atilde;o Edgar Genu&iacute;noNicodemInstituto dos Irm&atilde;os das Escolas Crist&atilde;s (Lassalista)<\/p>\n<p class=\"MsoNormal\" style=\"text-align:justify\">Frei Cl&aacute;udio S&eacute;rgio de AbreuOrdemdos Frades Menores Capuchinhos<\/p>\n<p class=\"MsoNormal\" style=\"text-align:justify\"><b>&nbsp; Na ocasi&atilde;o foi eleito, tamb&eacute;m,um novo Conselho Fiscal para CRB Nacional, o qual ficou assim constitu&iacute;do:<\/b><\/p>\n<p class=\"MsoNormal\" style=\"text-align:justify\"><b>&nbsp;<\/b><\/p>\n<p class=\"MsoNormal\" style=\"text-align:justify\"><b>[imagem2]<\/b><\/p>\n<p class=\"MsoNormal\" style=\"text-align:justify\"><b>&nbsp;<\/b><\/p>\n<p class=\"MsoNormal\">Padre Nivaldo Luiz PessinattiSalesiano de Dom Bosco<\/p>\n<p class=\"MsoNormal\">Irm&atilde; Jardelino MenegatIrm&atilde;s das Escolas Crist&atilde;s (Lassalista)<\/p>\n<p class=\"MsoNormal\">Irm&atilde; Adriana CoanIrm&atilde;s do Imaculado Cora&ccedil;&atilde;o de Maria<\/p>\n<p class=\"MsoNormal\">Irm&atilde; Maria Teresa DinizIrm&atilde;s Franciscanas da Penit&ecirc;ncia eCaridade Crist&atilde;<\/p>\n<p class=\"MsoNormal\">Irm&atilde; Maria Soledade Santos FreireCongrega&ccedil;&atilde;o das Religiosasdo Sant&iacute;ssimo Sacramento<\/p>\n<p class=\"MsoNormal\"><\/p>\n<p class=\"MsoNormal\"><\/p>\n<p class=\"MsoNormal\"><b>Acesse &agrave;s palestras e homilias da 24&ordf; Assembleia GeralEletiva que segue abaixo:<\/b><\/p>\n<p class=\"MsoNormal\"><b><br \/><\/b><\/p>\n<table style=\"box-sizing: border-box; border-spacing: 0px; border-collapse: collapse; clear: both; font-size: 12.6px; font-weight: bold; line-height: 20.16px; margin-bottom: 4px; color: rgb(51, 51, 51); font-family: \" open=\"\" sans\",=\"\" sans-serif;=\"\" background:=\"\" rgb(255,=\"\" 255,=\"\" 255);\"=\"\">\n<tbody style=\"box-sizing: border-box; background: transparent;\">\n<tr class=\"odd\" style=\"box-sizing: border-box; background: transparent;\">\n<td class=\"at_filename\" style=\"box-sizing: border-box; padding: 1px 3px; background: transparent;\"><a class=\"at_icon\" href=\"http:\/\/www.crbnacional.org.br\/site2015\/attachments\/article\/3299\/AGE%202016%20Confer%C3%AAncia%20Susin%20Texto.doc\" target=\"_blank\" title=\"Download this file (AGE 2016 Confer&ecirc;ncia Susin Texto.doc)\" style=\"box-sizing: border-box; color: rgb(51, 122, 183); text-decoration: none; padding-right: 4px; background-color: transparent;\"><img decoding=\"async\" src=\"http:\/\/www.crbnacional.org.br\/site2015\/media\/com_attachments\/images\/file_icons\/word.gif\" alt=\"Download this file (AGE 2016 Confer&ecirc;ncia Susin Texto.doc)\" style=\"box-sizing: border-box; border: 0px; vertical-align: text-bottom; margin: 0px;\"><\/a><a class=\"at_url\" href=\"http:\/\/www.crbnacional.org.br\/site2015\/attachments\/article\/3299\/AGE%202016%20Confer%C3%AAncia%20Susin%20Texto.doc\" target=\"_blank\" title=\"Download this file (AGE 2016 Confer&ecirc;ncia Susin Texto.doc)\" style=\"box-sizing: border-box; color: rgb(51, 122, 183); text-decoration: none; background: none transparent;\">AGE 2016 Confer&ecirc;ncia Susin Texto.doc<\/a><\/td>\n<\/tr>\n<tr class=\"even\" style=\"box-sizing: border-box; background: transparent;\">\n<td class=\"at_filename\" style=\"box-sizing: border-box; padding: 1px 3px; background: transparent;\"><a class=\"at_icon\" href=\"http:\/\/www.crbnacional.org.br\/site2015\/attachments\/article\/3299\/AGE%202016%20Mensagem%20Final%20Equipe%20Interdisciplinar.doc\" target=\"_blank\" title=\"Download this file (AGE 2016 Mensagem Final Equipe Interdisciplinar.doc)\" style=\"box-sizing: border-box; color: rgb(51, 122, 183); text-decoration: none; padding-right: 4px; background-color: transparent;\"><img decoding=\"async\" src=\"http:\/\/www.crbnacional.org.br\/site2015\/media\/com_attachments\/images\/file_icons\/word.gif\" alt=\"Download this file (AGE 2016 Mensagem Final Equipe Interdisciplinar.doc)\" style=\"box-sizing: border-box; border: 0px; vertical-align: text-bottom; margin: 0px;\"><\/a><a class=\"at_url\" href=\"http:\/\/www.crbnacional.org.br\/site2015\/attachments\/article\/3299\/AGE%202016%20Mensagem%20Final%20Equipe%20Interdisciplinar.doc\" target=\"_blank\" title=\"Download this file (AGE 2016 Mensagem Final Equipe Interdisciplinar.doc)\" style=\"box-sizing: border-box; color: rgb(51, 122, 183); text-decoration: none; background: none transparent;\">AGE 2016 Mensagem Final Equipe Interdisciplinar.doc<\/a><\/td>\n<\/tr>\n<tr class=\"odd\" style=\"box-sizing: border-box; background: transparent;\">\n<td class=\"at_filename\" style=\"box-sizing: border-box; padding: 1px 3px; background: transparent;\"><a class=\"at_icon\" href=\"http:\/\/www.crbnacional.org.br\/site2015\/attachments\/article\/3299\/confer%C3%AAncia%20D.%20Joao%20Braz%20de%20Aviz.doc\" target=\"_blank\" title=\"Download this file (confer&ecirc;ncia D. Joao Braz de Aviz.doc)\" style=\"box-sizing: border-box; color: rgb(51, 122, 183); text-decoration: none; padding-right: 4px; background-color: transparent;\"><img decoding=\"async\" src=\"http:\/\/www.crbnacional.org.br\/site2015\/media\/com_attachments\/images\/file_icons\/word.gif\" alt=\"Download this file (confer&ecirc;ncia D. Joao Braz de Aviz.doc)\" style=\"box-sizing: border-box; border: 0px; vertical-align: text-bottom; margin: 0px;\"><\/a><a class=\"at_url\" href=\"http:\/\/www.crbnacional.org.br\/site2015\/attachments\/article\/3299\/confer%C3%AAncia%20D.%20Joao%20Braz%20de%20Aviz.doc\" target=\"_blank\" title=\"Download this file (confer&ecirc;ncia D. Joao Braz de Aviz.doc)\" style=\"box-sizing: border-box; color: rgb(51, 122, 183); text-decoration: none; background: none transparent;\">confer&ecirc;ncia D. Joao Braz de Aviz.doc<\/a><\/td>\n<\/tr>\n<tr class=\"even\" style=\"box-sizing: border-box; background: transparent;\">\n<td class=\"at_filename\" style=\"box-sizing: border-box; padding: 1px 3px; background: transparent;\"><a class=\"at_icon\" href=\"http:\/\/www.crbnacional.org.br\/site2015\/attachments\/article\/3299\/VRC%20EM%20PROCESSO%20DE%20TRANSFORMA%C3%87%C3%83O.doc\" target=\"_blank\" title=\"Download this file (VRC EM PROCESSO DE TRANSFORMA&Ccedil;&Atilde;O.doc)\" style=\"box-sizing: border-box; color: rgb(51, 122, 183); text-decoration: none; padding-right: 4px; background-color: transparent;\"><img decoding=\"async\" src=\"http:\/\/www.crbnacional.org.br\/site2015\/media\/com_attachments\/images\/file_icons\/word.gif\" alt=\"Download this file (VRC EM PROCESSO DE TRANSFORMA&Ccedil;&Atilde;O.doc)\" style=\"box-sizing: border-box; border: 0px; vertical-align: text-bottom; margin: 0px;\"><\/a><a class=\"at_url\" href=\"http:\/\/www.crbnacional.org.br\/site2015\/attachments\/article\/3299\/VRC%20EM%20PROCESSO%20DE%20TRANSFORMA%C3%87%C3%83O.doc\" target=\"_blank\" title=\"Download this file (VRC EM PROCESSO DE TRANSFORMA&Ccedil;&Atilde;O.doc)\" style=\"box-sizing: border-box; color: rgb(51, 122, 183); text-decoration: none; background: none transparent;\">VRC EM PROCESSO DE TRANSFORMA&Ccedil;&Atilde;O.doc<\/a><\/td>\n<\/tr>\n<\/tbody>\n<\/table>\n<p class=\"MsoNormal\">&nbsp; &nbsp; &nbsp;<b style=\"text-align: center;\"><a href=\"https:\/\/www.salvatorianas.org.br\/blog\/painel\/arquivos\/salvato1_blog\/596_Esperancas-e-Caminhos-da-Vida-Consagrada.docx\">Esperan&ccedil;as e Caminhos da Vida Consagrada&nbsp;<\/a><\/b><\/p>\n<p class=\"MsoNormal\">&nbsp; &nbsp; &nbsp;<a href=\"https:\/\/www.salvatorianas.org.br\/blog\/painel\/arquivos\/salvato1_blog\/596_esperanasecaminhosdavidaconsagradaemtemposdefrancisco-160713010359.pdf\">Esperan&ccedil;as e Caminhos da Vida Consagrada em tempos de Francisco<\/a><\/p>\n<p class=\"MsoNormal\"><\/p>\n<p class=\"MsoNormal\"><\/p>\n<p class=\"MsoNormal\"><\/p>\n<p class=\"MsoNormal\">Fonte: CRB<\/p>\n<p class=\"MsoNormal\"><\/p>\n<p class=\"MsoNormal\"><\/p>\n<p class=\"MsoNormal\"><\/p>\n<p class=\"MsoNormal\"><o:p>&nbsp;<\/o:p><\/p>\n","protected":false},"excerpt":{"rendered":"<p>Durante a 24&ordf; Assembleia GeralEletiva da CRB Nacional, os representantes das congrega&ccedil;&otilde;es associadas daConfer&ecirc;ncia que se somavam cerca de 600, reunidos em Bras&iacute;lia, elegeram a novacoordena&ccedil;&atilde;o da CRB Nacional. Na missa de posse&#8230;<\/p>\n","protected":false},"author":1,"featured_media":1282,"comment_status":"open","ping_status":"open","sticky":false,"template":"","format":"standard","meta":[],"categories":[1],"tags":[],"_links":{"self":[{"href":"https:\/\/www.salvatorianas.org.br\/blog\/wp-json\/wp\/v2\/posts\/909"}],"collection":[{"href":"https:\/\/www.salvatorianas.org.br\/blog\/wp-json\/wp\/v2\/posts"}],"about":[{"href":"https:\/\/www.salvatorianas.org.br\/blog\/wp-json\/wp\/v2\/types\/post"}],"author":[{"embeddable":true,"href":"https:\/\/www.salvatorianas.org.br\/blog\/wp-json\/wp\/v2\/users\/1"}],"replies":[{"embeddable":true,"href":"https:\/\/www.salvatorianas.org.br\/blog\/wp-json\/wp\/v2\/comments?post=909"}],"version-history":[{"count":0,"href":"https:\/\/www.salvatorianas.org.br\/blog\/wp-json\/wp\/v2\/posts\/909\/revisions"}],"wp:featuredmedia":[{"embeddable":true,"href":"https:\/\/www.salvatorianas.org.br\/blog\/wp-json\/wp\/v2\/media\/1282"}],"wp:attachment":[{"href":"https:\/\/www.salvatorianas.org.br\/blog\/wp-json\/wp\/v2\/media?parent=909"}],"wp:term":[{"taxonomy":"category","embeddable":true,"href":"https:\/\/www.salvatorianas.org.br\/blog\/wp-json\/wp\/v2\/categories?post=909"},{"taxonomy":"post_tag","embeddable":true,"href":"https:\/\/www.salvatorianas.org.br\/blog\/wp-json\/wp\/v2\/tags?post=909"}],"curies":[{"name":"wp","href":"https:\/\/api.w.org\/{rel}","templated":true}]}}