{"id":905,"date":"2016-07-26T00:00:00","date_gmt":"2016-07-26T00:00:00","guid":{"rendered":"https:\/\/www.salvatorianas.org.br\/blog\/missa-de-abertura-da-jmj-2016-cracovia-vive-do-misterio-da-divina-misericordia\/"},"modified":"2016-07-26T00:00:00","modified_gmt":"2016-07-26T00:00:00","slug":"missa-de-abertura-da-jmj-2016-cracovia-vive-do-misterio-da-divina-misericordia","status":"publish","type":"post","link":"https:\/\/www.salvatorianas.org.br\/blog\/missa-de-abertura-da-jmj-2016-cracovia-vive-do-misterio-da-divina-misericordia\/","title":{"rendered":"Missa de abertura da JMJ 2016: Crac\u00f3via vive do mist\u00e9rio da Divina Miseric\u00f3rdia"},"content":{"rendered":"<p class=\"MsoNormal\" style=\"text-align: center;\"><img decoding=\"async\" src=\"http:\/\/media02.radiovaticana.va\/photo\/2016\/07\/26\/EPA2154498_Articolo.jpg\"><\/p>\n<p class=\"MsoNormal\" style=\"text-align:justify\">Com o tema &ldquo;Bem-aventurados osmisericordiosos, porque eles alcan&ccedil;ar&atilde;o miseric&oacute;rdia&rdquo;, o maior evento dajuventude cat&oacute;lica come&ccedil;ou hoje. Jovens do mundo inteiro se re&uacute;nem em Crac&oacute;via,na Pol&ocirc;nia, para a 31&ordm; edi&ccedil;&atilde;o da Jornada Mundial da Juventude (JMJ). OArcebispo de Crac&oacute;via, Cardeal Stanislaw Dziwisz, celebrou a missa de aberturada Jornada Mundial da Juventude (JMJ), na tarde desta ter&ccedil;a-feira (26\/07), noParque de Blonia situado nesta cidade polonesa. <\/p>\n<p class=\"MsoNormal\" style=\"text-align:justify\">Em sua homilia, o purpurado sedeteve no di&aacute;logo de Jesus ressuscitado com Sim&atilde;o Pedro &agrave;s margem do Lago deTiber&iacute;ades, onde Jesus pergunta tr&ecirc;s vezes a Pedro se ele o ama, e diz aoap&oacute;stolo para apascentar as suas ovelhas. <\/p>\n<p class=\"MsoNormal\" style=\"text-align:justify\">&ldquo;Hoje, Jesus&nbsp; Cristo&nbsp;fala-nos em Crac&oacute;via, &agrave;s margens do rio Vistola, que atravessa toda aPol&ocirc;nia, desde os montes at&eacute; ao mar.&nbsp; Aexperi&ecirc;ncia&nbsp; de Pedro pode transformar-seem nossa experi&ecirc;ncia e dispor-nos para a reflex&atilde;o&rdquo;, disse o Cardeal Dziwisz.<\/p>\n<p class=\"MsoNormal\" style=\"text-align:justify\">Coloquemo-nos tr&ecirc;s perguntas eprocuremos as respostas.&nbsp; Antes de maisperguntemo-nos: de onde viemos at&eacute; chegar a este encontro? Como segunda: ondeestamos hoje, neste momento da nossa vida? Como terceira coisa, perguntemo-nos:a partir deste momento, em que dire&ccedil;&atilde;o colocaremos o resto da nossa vida? O que&eacute; que vamos levar este lugar?<\/p>\n<p class=\"MsoNormal\" style=\"text-align:justify\">Trazemos&nbsp; conosco&nbsp;medos e desilus&otilde;es, mas tamb&eacute;m as nossas recorda&ccedil;&otilde;es e esperan&ccedil;as, osnossos desejos de vida&nbsp; num mundo maishumano mais fraterno e solid&aacute;rio. Damo-nos conta das nossas fraquezas, masacreditamos que &ldquo;tudo podemos naquele&nbsp;que d&aacute; for&ccedil;a&rdquo;. Podemos enfrentar os desafios do mundo&nbsp; de hoje,&nbsp;no qual o homem faz as suas escolhas&nbsp;entre f&eacute;&nbsp; e n&atilde;o cren&ccedil;a, entre obem e o mal, entre o amor e o seu contr&aacute;rio.<\/p>\n<p class=\"MsoNormal\" style=\"text-align:justify\">&ldquo;Muitos de voc&ecirc;s percorreram&nbsp; milhares de quil&ocirc;metros e&nbsp; investiram muito na viagem, para poder estarhoje aqui. Estamos em Crac&oacute;via que j&aacute; foi capital&nbsp; daquela Pol&ocirc;nia&nbsp; onde h&aacute; qual mil e cinquenta anos chegou aluz da f&eacute;. A hist&oacute;ria da Pol&ocirc;nia n&atilde;o foi f&aacute;cil, mas procuramos semprepermanecer fi&eacute;is a Deus e ao Evangelho.&rdquo;<\/p>\n<p class=\"MsoNormal\" style=\"text-align:justify\">&ldquo;Hoje, estamos aqui, porque nosreuniu com Jesus&nbsp; Cristo. Ele &eacute; a luz domundo. Amanh&atilde;, chegar&aacute; at&eacute; n&oacute;s o Pedro dos nossos tempos &ndash; o Santo PadreFrancisco. A presen&ccedil;a do Papa nas Jornadas Mundiais da Juventude &eacute; tamb&eacute;m umabela nota caracter&iacute;stica desta festa da f&eacute;.&rdquo;<\/p>\n<p class=\"MsoNormal\" style=\"text-align:justify\">O purpurado disse ainda que&ldquo;Crac&oacute;via vive do mist&eacute;rio da Divina Miseric&oacute;rdia, tamb&eacute;m gra&ccedil;as &agrave; humilde Irm&atilde;Faustina e Jo&atilde;o Paulo II que sensibilizaram a Igreja e o mundo a esteparticular car&aacute;ter de Deus. Regressando aos seus pa&iacute;ses, &agrave;s suas casas ecomunidades, levem a chama da miseric&oacute;rdia, recordando a todos que&#8221;bem-aventurados os misericordiosos, porque alcan&ccedil;ar&atilde;o miseric&oacute;rdia&#8221;.Levem aos outros a chama de sua f&eacute; e acendam com ela outras chamas, para que oscora&ccedil;&otilde;es humanos batam no ritmo do Cora&ccedil;&atilde;o de Jesus, que &eacute; &#8220;fonte ardentede caridade&#8221;. <\/p>\n<p class=\"MsoNormal\" style=\"text-align:justify\">&ldquo;Que a chama do amor envolva todoo nosso mundo, para que nele n&atilde;o haja mais ego&iacute;smo, viol&ecirc;ncia e injusti&ccedil;a, eque em nossa terra se reforcem a civiliza&ccedil;&atilde;o do bem, da reconcilia&ccedil;&atilde;o, do amore da paz&rdquo;, concluiu. <\/p>\n<p class=\"MsoNormal\" style=\"text-align:justify\"><img decoding=\"async\" src=\"https:\/\/scontent.ffln1-1.fna.fbcdn.net\/v\/t1.0-9\/13654402_1002505453190835_8297645723584274301_n.jpg?oh=2b6f491024aabeedade78ab8828eae80&amp;oe=583345C7\"><b><br \/><\/b><\/p>\n<p class=\"MsoNormal\" style=\"text-align:justify\"><b><br \/><\/b><\/p>\n<p class=\"MsoNormal\" style=\"text-align:justify\"><b>Segue, na &iacute;ntegra, a homilia do Arcebispo de Crac&oacute;via, CardealStanislaw Dziwisz.<\/b><\/p>\n<p class=\"MsoNormal\" style=\"text-align:justify\"><b>Queridos jovens amigos!<\/b><\/p>\n<p class=\"MsoNormal\" style=\"text-align:justify\"><b><br \/><\/b><\/p>\n<p class=\"MsoNormal\" style=\"text-align:justify\">Ao escutarmos o di&aacute;logo de Jesusressuscitado com Sim&atilde;o Pedro &agrave; margem do lago de Tiber&iacute;ades, ao escutarmos a tr&iacute;plicepergunta sobre o amor e a resposta que a ela se segue, v&ecirc;m &agrave; nossa mente osacontecimentos da vida do pescador da Galileia, que precedem esta conversadecisiva. Sabemos que um dia ele havia deixado tudo, fam&iacute;lia, barco e redes, etinha se colocado na sequela do extraordin&aacute;rio Mestre de Nazar&eacute;. Tinha setornado seu disc&iacute;pulo. Tinha aprendido dele a olhar para as coisas de Deus edos homens. Tinha vivido a paix&atilde;o e morte dele e tamb&eacute;m os momentos pessoais defraqueza e trai&ccedil;&atilde;o. E depois havia provado a maravilha e a alegria daressurrei&ccedil;&atilde;o de Jesus, que tinha se manifestado aos disc&iacute;pulos mais pr&oacute;ximos,antes de subir ao c&eacute;u.<\/p>\n<p class=\"MsoNormal\" style=\"text-align:justify\">Conhecemos tamb&eacute;m a passagem dodi&aacute;logo sucessivo, e precisamente do exame sobre o amor de que fala o Evangelhode hoje. Sim&atilde;o Pedro, fortalecido pelo Esp&iacute;rito Santo, tornou-se testemunhacorajosa de Jesus Cristo. Tornou-se a rocha da Igreja nascente. Por tudo isto,ele pagou com a vida na capital do Imp&eacute;rio Romano, pregado numa cruz como o seuMestre. O sangue de Pedro, uma vez derramado, tornou-se semente para a f&eacute; epara o crescimento da Igreja, que abra&ccedil;a toda a terra.<\/p>\n<p class=\"MsoNormal\" style=\"text-align:justify\">Hoje, Jesus&nbsp; Cristo&nbsp;fala-nos em Crac&oacute;via, &agrave;s margens do rio Vistola, que atravessa toda aPol&ocirc;nia, desde os montes at&eacute; ao mar.&nbsp; Aexperi&ecirc;ncia&nbsp; de Pedro pode transformar-seem nossa experi&ecirc;ncia e dispor-nos para a reflex&atilde;o.<\/p>\n<p class=\"MsoNormal\" style=\"text-align:justify\">Coloquemo-nos tr&ecirc;s perguntas eprocuremos as respostas.&nbsp;&nbsp; Antes de maisperguntemo-nos: donde viemos at&eacute; chegar a este&nbsp;encontro? Como segunda: onde&nbsp;estamos hoje,&nbsp; neste momento danossa vida? Como terceira coisa, perguntemo-nos: a partir deste momento, em quedire&ccedil;&atilde;o colocaremos o resto da nossa vida? O que &eacute; que vamos&nbsp; levar, deste lugar?<\/p>\n<p class=\"MsoNormal\" style=\"text-align:justify\">De onde veimos? Viemos &ldquo;de todasas na&ccedil;&otilde;es debaixo do sol&rdquo; (At. 2,5),&nbsp;como os que chegaram em multid&atilde;o a Jerusal&eacute;m aglomerados no dia daDescida do Espirito Santo,&nbsp; mas n&oacute;ssomos, sem compara&ccedil;&atilde;o, muito mais do que naquele tempo de h&aacute; dois mil anos,porque por tr&aacute;s de n&oacute;s est&atilde;o s&eacute;culos&nbsp; es&eacute;culos de an&uacute;ncio do Evangelho que chegou at&eacute; aos &acirc;ngulos mais long&iacute;nquos daterra. Trazemos&nbsp; conosco&nbsp; a riqueza das nossas culturas, tradi&ccedil;&otilde;es&nbsp; e l&iacute;nguas. Trazemos&nbsp; conosco as experi&ecirc;ncias das nossas Igrejaslocais. Trazemos conosco os testemunhos de f&eacute;&nbsp;e de santidade&nbsp; das precedentesgera&ccedil;&otilde;es e das gera&ccedil;&otilde;es atuais dos nossos irm&atilde;os e irm&atilde;s, disc&iacute;pulos do Senhorressuscitado. Viemos de regi&otilde;es do mundo onde a gente vive em paz, onde asfam&iacute;lias s&atilde;o comunidades de amor e de vida e onde os jovens podem realizar osseus sonhos. Mas est&atilde;o tamb&eacute;m entre n&oacute;s jovens de pa&iacute;ses em que a gente sofrepor causa de conflitos e de guerras, em que as crian&ccedil;as&nbsp; morrem de fome,&nbsp; em que&nbsp;os crist&atilde;os s&atilde;o cruelmente perseguidos.&nbsp;Est&atilde;o&nbsp; entre n&oacute;s rapazesprovenientes de regi&otilde;es do mundo onde existem viol&ecirc;ncias e cego terrorismo,onde os governantes se rogam o direito&nbsp;sobre homens e sobre na&ccedil;&otilde;es,&nbsp;deixando-se guiar&nbsp; por ideologiasloucas.<\/p>\n<p class=\"MsoNormal\" style=\"text-align:justify\">No encontro com Jesus, nestesdias, viemos com experi&ecirc;ncias pessoais de vida, segundo o Evangelho&nbsp; no nosso mundo complicado. Trazemosconosco&nbsp; medos e desilus&otilde;es, mas tamb&eacute;mas nossas recorda&ccedil;&otilde;es e esperan&ccedil;as, os nossos desejos de vida&nbsp; num mundo mais humano mais fraterno esolid&aacute;rio. Damo-nos conta das nossas fraquezas, mas acreditamos que &ldquo;tudopodemos&nbsp; naquele&nbsp; que d&aacute; for&ccedil;a&rdquo; (Cfr. Fl 4, 13). Podemosenfrentar os desafios do mundo&nbsp; de hoje,no qual o homem faz as suas escolhas entre f&eacute;&nbsp;e n&atilde;o cren&ccedil;a, entre o bem e o mal, entre o amor e o seu contr&aacute;rio.<\/p>\n<p class=\"MsoNormal\" style=\"text-align:justify\">Onde&nbsp; estamos hoje,&nbsp;em que lugar&nbsp; e momento da nossavida? Viemos de perto e de longe. Muitos de v&oacute;s percorreram&nbsp; milhares de quil&ocirc;metros e&nbsp; investiram muito&nbsp; na viagem, para poder estar hoje aqui.Estamos em Crac&oacute;via,&nbsp; que j&aacute; foicapital&nbsp; daquela Pol&ocirc;nia&nbsp; onde h&aacute; mil e cinquenta anos&nbsp; chegou a luz da f&eacute;. A hist&oacute;ria da Pol&ocirc;nia&nbsp; n&atilde;o foi f&aacute;cil, mas procuramos semprepermanecer&nbsp; fi&eacute;is a Deus e ao Evangelho.<\/p>\n<p class=\"MsoNormal\" style=\"text-align:justify\">Hoje, estamos aqui porquereuniu-nos com Jesus&nbsp; Cristo. Ele &eacute; a luzdo mundo. Quem o segue n&atilde;o caminhar&aacute; nas trevas (cfr. Jo 8, 12).&nbsp; Ele &eacute; caminho e verdade e vida (cfr. Jo 6, 68).Somente Ele, Jesus Cristo, pode satisfazer os desejos mais profundos&nbsp; do nosso cora&ccedil;&atilde;o.&nbsp; Foi Ele&nbsp;Quem nos conduziu at&eacute; aqui. Ele est&aacute; presente entre n&oacute;s.&nbsp; Ele nos acompanha como os disc&iacute;pulos&nbsp; no caminho para Ema&uacute;s. Consagremos a Ele,nestes dias, as nossas coisas, os receios e as nossas esperan&ccedil;as. Ele, nestesdias,&nbsp; vai interrogar-nos sobre&nbsp; o amor, como interrogou a Sim&atilde;o Pedro.&nbsp; N&atilde;o&nbsp;nos furtemos&nbsp; de dar respostas aestas perguntas.<\/p>\n<p class=\"MsoNormal\" style=\"text-align:justify\">Encontrando-nos com Jesus,provamos, ao mesmo tempo, que todos juntos formamos uma grande comunidade, isto&eacute;, a Igreja que&nbsp; ultrapassa osconfins&nbsp; tra&ccedil;ados por homens e quedividem as pessoas.&nbsp; Somos todos filhosde Deus, redimidos&nbsp; pelo sangue do seuFilho, Jesus Cristo.&nbsp; Experimentar&nbsp; a universalidade da Igreja &eacute; uma experi&ecirc;nciamaravilhosa&nbsp; ligada&nbsp; &agrave;s Jornadas&nbsp;Mundiais da Juventude.&nbsp; De n&oacute;sdepende a Sua possibilidade de chegar com o Evangelho &agrave;queles que ainda n&atilde;oconhecem Cristo&nbsp; ou&nbsp; que&nbsp;n&atilde;o O conhecem&nbsp; suficientemente.<\/p>\n<p class=\"MsoNormal\" style=\"text-align:justify\">Amanh&atilde;, chegar&aacute; at&eacute; n&oacute;s o Pedrodos nossos tempos &ndash; o Santo Padre Francisco. Depois de amanh&atilde; o saudaremosneste mesmo lugar. Nos dias sucessivos escutaremos&nbsp; as suas palavras e rezaremos&nbsp; juntamente com ele.&nbsp; A presen&ccedil;a do Papa nas Jornadas Mundiais daJuventude &eacute; uma bela nota caracter&iacute;stica desta festa da f&eacute;.<\/p>\n<p class=\"MsoNormal\" style=\"text-align:justify\">E, enfim, a terceira, &uacute;ltimapergunta: para que coisa temos tend&ecirc;ncia, e o que queremos levar conosco daqui?O nosso encontro dura apenas alguns dias. Vai ser uma experi&ecirc;ncia intensa,espiritual, que tamb&eacute;m requer algum esfor&ccedil;o. Depois, voltamos para as nossascasas, aos nossos entes queridos, &agrave;s escolas, universidades e locais detrabalho. Talvez nestes dias faremos prop&oacute;sitos importantes? Talvez vamos nosimpor novos objetivos na vida? Talvez ouviremos com clareza a voz de Jesus paradeixarmos tudo e segui-Lo?<\/p>\n<p class=\"MsoNormal\" style=\"text-align:justify\">O que levaremos daqui de retorno&agrave;s nossas casas? &Eacute; melhor n&atilde;o antecipar a resposta a esta pergunta. Masaceitemos o desafio. Partilhemos nestes dias aquilo que temos de mais precioso.Partilhamos a nossa f&eacute;, as nossas experi&ecirc;ncias, as nossas esperan&ccedil;as. Queridosjovens amigos, modelem nestes dias os seus pensamentos e seus cora&ccedil;&otilde;es. Escutemas catequeses que os bispos v&atilde;o fazer para voc&ecirc;s. Escutem a voz do PapaFrancisco. Participem com emo&ccedil;&atilde;o da santa liturgia. Experimentem o amormisericordioso do Senhor no sacramento da reconcilia&ccedil;&atilde;o. Procurai igualmentetomar conhecimento das igrejas de Crac&oacute;via, da riqueza da cultura desta cidade,bem como da hospitalidade dos seus habitantes e das outras localidadespr&oacute;ximas, onde encontrar&atilde;o repouso depois das fadigas do dia.<\/p>\n<p class=\"MsoNormal\" style=\"text-align:justify\">Crac&oacute;via vive do mist&eacute;rio daDivina Miseric&oacute;rdia, tamb&eacute;m gra&ccedil;as &agrave; humilde Irm&atilde; Faustina e gra&ccedil;as a Jo&atilde;oPaulo II, que sensibilizaram a Igreja e o mundo a este particular car&aacute;ter deDeus. Regressando aos seus pa&iacute;ses, &agrave;s suas casas e comunidades, levem a chamada miseric&oacute;rdia, recordando a todos que &#8220;bem-aventurados osmisericordiosos, porque alcan&ccedil;ar&atilde;o miseric&oacute;rdia&#8221; (Mt 5: 7). Levem&nbsp; aos outros a chama de sua f&eacute; e acendam comela outras chamas, para que os cora&ccedil;&otilde;es humanos batam no ritmo do Cora&ccedil;&atilde;o deJesus, que &eacute; &#8220;fonte ardente de caridade&#8221;. Que a chama do amor envolvatodo o nosso mundo, para que nele n&atilde;o haja mais ego&iacute;smo, viol&ecirc;ncia e injusti&ccedil;a,mas que em nossa terra se reforcem a civiliza&ccedil;&atilde;o do bem, da reconcilia&ccedil;&atilde;o, doamor e da paz.<\/p>\n<p class=\"MsoNormal\" style=\"text-align:justify\">O profeta Isa&iacute;as fala-nos hojedos &#8220;p&eacute;s cheios de encanto do mensageiro da boa nova&#8221; (cfr. Is 52,7). Tal mensageiro foi Jo&atilde;o Paulo II, iniciador das Jornadas Mundiais daJuventude, amigo dos jovens e das fam&iacute;lias. Sejam tamb&eacute;m voc&ecirc;s taismensageiros. Levem ao mundo a boa nova de Jesus Cristo. Testemunhem que vale apena confiar a Ele o nosso destino e que devemos fazer. Escancarem as portas deseus cora&ccedil;&otilde;es a Cristo. Anunciem com convic&ccedil;&atilde;o, como o Ap&oacute;stolo Paulo, que&#8221;nem a morte, nem a vida [&#8230;], nem nenhuma outra criatura, poder&aacute;separar-nos do amor de Deus, em Cristo Jesus nosso Senhor&#8221; (Rm 8:, 38-39).<\/p>\n<p class=\"MsoNormal\" style=\"text-align:justify\">Fonte: R&aacute;dio Vaticano<\/p>\n","protected":false},"excerpt":{"rendered":"<p>Com o tema &ldquo;Bem-aventurados osmisericordiosos, porque eles alcan&ccedil;ar&atilde;o miseric&oacute;rdia&rdquo;, o maior evento dajuventude cat&oacute;lica come&ccedil;ou hoje. Jovens do mundo inteiro se re&uacute;nem em Crac&oacute;via,na Pol&ocirc;nia, para a 31&ordm; edi&ccedil;&atilde;o da Jornada Mundial da&#8230;<\/p>\n","protected":false},"author":1,"featured_media":1280,"comment_status":"open","ping_status":"open","sticky":false,"template":"","format":"standard","meta":[],"categories":[1],"tags":[],"_links":{"self":[{"href":"https:\/\/www.salvatorianas.org.br\/blog\/wp-json\/wp\/v2\/posts\/905"}],"collection":[{"href":"https:\/\/www.salvatorianas.org.br\/blog\/wp-json\/wp\/v2\/posts"}],"about":[{"href":"https:\/\/www.salvatorianas.org.br\/blog\/wp-json\/wp\/v2\/types\/post"}],"author":[{"embeddable":true,"href":"https:\/\/www.salvatorianas.org.br\/blog\/wp-json\/wp\/v2\/users\/1"}],"replies":[{"embeddable":true,"href":"https:\/\/www.salvatorianas.org.br\/blog\/wp-json\/wp\/v2\/comments?post=905"}],"version-history":[{"count":0,"href":"https:\/\/www.salvatorianas.org.br\/blog\/wp-json\/wp\/v2\/posts\/905\/revisions"}],"wp:featuredmedia":[{"embeddable":true,"href":"https:\/\/www.salvatorianas.org.br\/blog\/wp-json\/wp\/v2\/media\/1280"}],"wp:attachment":[{"href":"https:\/\/www.salvatorianas.org.br\/blog\/wp-json\/wp\/v2\/media?parent=905"}],"wp:term":[{"taxonomy":"category","embeddable":true,"href":"https:\/\/www.salvatorianas.org.br\/blog\/wp-json\/wp\/v2\/categories?post=905"},{"taxonomy":"post_tag","embeddable":true,"href":"https:\/\/www.salvatorianas.org.br\/blog\/wp-json\/wp\/v2\/tags?post=905"}],"curies":[{"name":"wp","href":"https:\/\/api.w.org\/{rel}","templated":true}]}}