{"id":898,"date":"2016-07-29T00:00:00","date_gmt":"2016-07-29T00:00:00","guid":{"rendered":"https:\/\/www.salvatorianas.org.br\/blog\/papa-francisco-em-auschwitz-oracao-e-silencio\/"},"modified":"2016-07-29T00:00:00","modified_gmt":"2016-07-29T00:00:00","slug":"papa-francisco-em-auschwitz-oracao-e-silencio","status":"publish","type":"post","link":"https:\/\/www.salvatorianas.org.br\/blog\/papa-francisco-em-auschwitz-oracao-e-silencio\/","title":{"rendered":"Papa Francisco em Auschwitz: ora\u00e7\u00e3o e sil\u00eancio"},"content":{"rendered":"<p class=\"MsoNormal\" style=\"text-align: center;\"><img decoding=\"async\" src=\"https:\/\/scontent.ffln1-1.fna.fbcdn.net\/v\/t1.0-9\/13892139_1004191506355563_5292035253980652374_n.jpg?oh=b19adc412eb2a6598db83e07bdd175e4&amp;oe=5812A656\"><\/p>\n<p class=\"MsoNormal\" style=\"text-align:justify\">Nesta sexta-feira, dia 29, oPont&iacute;fice fez uma pausa na festa da juventude mundial para se interrogar sobreo sofrimento humano, ao visitar os campos de exterm&iacute;nio de Auschwitz e Birkenauem sil&ecirc;ncio e ora&ccedil;&atilde;o.<\/p>\n<p class=\"MsoNormal\" style=\"text-align: center;\"><b><font size=\"6\">Auschwitz<\/font><\/b><\/p>\n<p class=\"MsoNormal\" style=\"text-align:justify\"><b><br \/><\/b><\/p>\n<p class=\"MsoNormal\" style=\"text-align: center;\"><img decoding=\"async\" src=\"https:\/\/scontent.ffln1-1.fna.fbcdn.net\/v\/t1.0-9\/13880321_1004191289688918_944737210507878185_n.jpg?oh=33282742f27d72c185b9d08d428e4ce0&amp;oe=5813DFC5\"><b><br \/><\/b><\/p>\n<p class=\"MsoNormal\" style=\"text-align:justify\">A p&eacute;, Francisco atravessou o arcode ingresso com a escrita em alem&atilde;o Arbeit Macht Frei (o trabalho liberta) e sedirigiu ao chamado &ldquo;Bloco 11&rdquo;, onde se deteve em ora&ccedil;&atilde;o silenciosa na pra&ccedil;adiante do edif&iacute;cio &ndash; local em que S. Maximiliano Kolbe ofereceu a sua vida parasalvar outro prisioneiro, um pai de fam&iacute;lia.<\/p>\n<p class=\"MsoNormal\" style=\"text-align:justify\">Diante do pr&eacute;dio, o Papa foiacolhido pela Primeira-Ministra, Beata Maria Szydlo, e cumprimentouindividualmente 10 sobreviventes do campo de concentra&ccedil;&atilde;o. O &uacute;ltimo delesentregou uma vela ao Pont&iacute;fice, que ele acendeu e ofereceu como dom ao local,detendo-se mais uma vez em ora&ccedil;&atilde;o diante do muro usado para o fuzilamento dosprisioneiros.<\/p>\n<p class=\"MsoNormal\" style=\"text-align:justify\">Na sequ&ecirc;ncia, Francisco entrou noedif&iacute;cio para rezar na &ldquo;cela 18&rdquo;, onde S. Maximiliano Kolbe pagou a penadestinada ao pai de fam&iacute;lia, que consistia na morte lenta, atrav&eacute;s da priva&ccedil;&atilde;ode &aacute;gua e comida. Depois de duas semanas de agonia e diante da obstina&ccedil;&atilde;o dofranciscano em rezar e entoar hinos a Maria, o sacerdote polon&ecirc;s morreu porenvenenamento no dia 14 de agosto de 75 anos atr&aacute;s, em 1941. Na sa&iacute;da, oPont&iacute;fice assinou o Livro de Ouro e escreveu: &ldquo;Senhor, tem piedade do teu povo.Senhor, perd&atilde;o por tanta crueldade&rdquo;.<\/p>\n<p class=\"MsoNormal\" style=\"text-align: center;\"><b><font size=\"6\">Birkenau<\/font><\/b><\/p>\n<p class=\"MsoNormal\" style=\"text-align:justify\"><b><br \/><\/b><\/p>\n<p class=\"MsoNormal\" style=\"text-align: center;\"><img decoding=\"async\" src=\"https:\/\/scontent.ffln1-1.fna.fbcdn.net\/v\/t1.0-9\/13626973_1004191116355602_2346664362878754870_n.jpg?oh=63bbff7251c63e53232948828facc433&amp;oe=5813F535\"><b><br \/><\/b><\/p>\n<p class=\"MsoNormal\" style=\"text-align:justify\">Tr&ecirc;s quil&ocirc;metros separamAuschwitz de Birkenau. Ao chegar na entrada principal deste segundo campo,Francisco percorreu de carro el&eacute;trico a ferrovia at&eacute; a pra&ccedil;a do Monumento &agrave;sV&iacute;timas das Na&ccedil;&otilde;es. Ali o aguardavam cerca de mil convidados, aPrimeira-Ministra e o Diretor do Museu de Auschwitz-Birkenau.<\/p>\n<p class=\"MsoNormal\" style=\"text-align:justify\">O Pont&iacute;fice passou diante dasl&aacute;pides comemorativas nas v&aacute;rias l&iacute;nguas dos prisioneiros e depois de umaora&ccedil;&atilde;o silenciosa, depositou uma vela. A seguir, encontrou 25 &ldquo;Justos entre asna&ccedil;&otilde;es&rdquo;, isto &eacute;, pessoas n&atilde;o judias que receberam um reconhecimento porarriscarem suas vidas durante o Holocausto para salvar judeus do exterm&iacute;nionazista. Um rabino entoou o Salmo 130 em hebraico, que depois foi lido empolon&ecirc;s por um sobrevivente.<\/p>\n<p class=\"MsoNormal\" style=\"text-align:justify\">\n<p class=\"MsoNormal\" style=\"text-align: center; \"><b>Papa reza na Cela 18, onde esteve S&atilde;o Maximiliano Kolbe<\/b><\/p>\n<\/p>\n<p class=\"MsoNormal\" style=\"text-align:justify\"><img decoding=\"async\" src=\"https:\/\/scontent.ffln1-1.fna.fbcdn.net\/v\/t1.0-9\/13882398_1004191229688924_1729135372149720673_n.jpg?oh=5e9aab32576c6d89723168fbfdbeaca0&amp;oe=583248F1\"><\/p>\n<p class=\"MsoNormal\" style=\"text-align:justify\">\n<p class=\"MsoNormal\" style=\"text-align: center; \"><b>Mensagem do Papa no Livro de Honra<\/b><i>: &#8220;Senhor, tem piedade de teu povo! Senhor, perd&atilde;o por tantacrueldade!&#8221;<\/i><\/p>\n<\/p>\n<p class=\"MsoNormal\" style=\"text-align:justify\"><img decoding=\"async\" src=\"https:\/\/scontent.ffln1-1.fna.fbcdn.net\/v\/t1.0-9\/13876254_1004190976355616_2242993897200361172_n.jpg?oh=393fb61431de03c747387b37923d167f&amp;oe=58153C76\"><\/p>\n<p class=\"MsoNormal\" style=\"text-align:justify\">\n<p class=\"MsoNormal\" align=\"center\" style=\"text-align:center\"><b><br \/><\/b><\/p>\n<p class=\"MsoNormal\" align=\"center\" style=\"text-align:center\"><b>Papa encontrou um grupo de sobreviventes de Auschwitz<\/b><\/p>\n<\/p>\n<p class=\"MsoNormal\" style=\"text-align:justify\"><img decoding=\"async\" src=\"https:\/\/scontent.ffln1-1.fna.fbcdn.net\/v\/t1.0-9\/13895228_1004191819688865_7592068057618173688_n.jpg?oh=130d2c71250698eace8b55f1ed66d271&amp;oe=5817CC93\"><\/p>\n<p class=\"MsoNormal\" style=\"text-align:justify\">Fonte: R&aacute;dio Vaticano e Jovens Conectados<\/p>\n","protected":false},"excerpt":{"rendered":"<p>Nesta sexta-feira, dia 29, oPont&iacute;fice fez uma pausa na festa da juventude mundial para se interrogar sobreo sofrimento humano, ao visitar os campos de exterm&iacute;nio de Auschwitz e Birkenauem sil&ecirc;ncio e ora&ccedil;&atilde;o. Auschwitz&#8230;<\/p>\n","protected":false},"author":1,"featured_media":1274,"comment_status":"open","ping_status":"open","sticky":false,"template":"","format":"standard","meta":[],"categories":[1],"tags":[],"_links":{"self":[{"href":"https:\/\/www.salvatorianas.org.br\/blog\/wp-json\/wp\/v2\/posts\/898"}],"collection":[{"href":"https:\/\/www.salvatorianas.org.br\/blog\/wp-json\/wp\/v2\/posts"}],"about":[{"href":"https:\/\/www.salvatorianas.org.br\/blog\/wp-json\/wp\/v2\/types\/post"}],"author":[{"embeddable":true,"href":"https:\/\/www.salvatorianas.org.br\/blog\/wp-json\/wp\/v2\/users\/1"}],"replies":[{"embeddable":true,"href":"https:\/\/www.salvatorianas.org.br\/blog\/wp-json\/wp\/v2\/comments?post=898"}],"version-history":[{"count":0,"href":"https:\/\/www.salvatorianas.org.br\/blog\/wp-json\/wp\/v2\/posts\/898\/revisions"}],"wp:featuredmedia":[{"embeddable":true,"href":"https:\/\/www.salvatorianas.org.br\/blog\/wp-json\/wp\/v2\/media\/1274"}],"wp:attachment":[{"href":"https:\/\/www.salvatorianas.org.br\/blog\/wp-json\/wp\/v2\/media?parent=898"}],"wp:term":[{"taxonomy":"category","embeddable":true,"href":"https:\/\/www.salvatorianas.org.br\/blog\/wp-json\/wp\/v2\/categories?post=898"},{"taxonomy":"post_tag","embeddable":true,"href":"https:\/\/www.salvatorianas.org.br\/blog\/wp-json\/wp\/v2\/tags?post=898"}],"curies":[{"name":"wp","href":"https:\/\/api.w.org\/{rel}","templated":true}]}}