{"id":888,"date":"2016-08-01T00:00:00","date_gmt":"2016-08-01T00:00:00","guid":{"rendered":"https:\/\/www.salvatorianas.org.br\/blog\/peregrinacao-do-ano-santo-da-misericordia\/"},"modified":"2016-08-01T00:00:00","modified_gmt":"2016-08-01T00:00:00","slug":"peregrinacao-do-ano-santo-da-misericordia","status":"publish","type":"post","link":"https:\/\/www.salvatorianas.org.br\/blog\/peregrinacao-do-ano-santo-da-misericordia\/","title":{"rendered":"PEREGRINA\u00c7\u00c3O DO ANO SANTO DA MISERIC\u00d3RDIA"},"content":{"rendered":"<p class=\"MsoNormal\" style=\"text-align:justify\">[imagem2]<\/p>\n<p class=\"MsoNormal\" style=\"text-align:justify\">Atendendo ao pedido do Papa Francisco, para que todos osfi&eacute;is passam passar pela <b>Porta Santa daMiseric&oacute;rdia<\/b>, a Par&oacute;quia de Duque Bacelar, realizou, no &uacute;ltimo s&aacute;bado, 30de julho, &nbsp;a Peregrina&ccedil;&atilde;o do Ano Santo,indo at&eacute; a Igreja de Nossa Senhora dos Milagres, na &Aacute;rea Pastoral de Milagres -MA. A porta Santa &eacute; uma porta pela qual o peregrino deve passar, simboliza aentrada em uma nova dimens&atilde;o de vida segundo a miseric&oacute;rdia.<\/p>\n<p class=\"MsoNormal\" style=\"text-align:justify\">A peregrina&ccedil;&atilde;o &agrave; Porta Santa &eacute; um sinal peculiar do AnoSanto, e &eacute; sinal de que a pr&oacute;pria miseric&oacute;rdia &eacute; uma meta a alcan&ccedil;ar e queexige empenho e sacrif&iacute;cio. Deve ser acompanhada de uma peregrina&ccedil;&atilde;o interior -&ldquo;n&atilde;o julgueis,&nbsp; n&atilde;o condeneis, mas,perdoai&rdquo; (Lc 6,37-38).&nbsp; <\/p>\n<p class=\"MsoNormal\" style=\"text-align:justify\">A figura do Bom Samaritano (cf. Lc 10,29) deve ser vividopor cada crist&atilde;o.&nbsp; Bonito de ver edif&iacute;cil de fazer&#8230;<\/p>\n<p class=\"MsoNormal\" style=\"text-align:justify\">Al&eacute;m da caminhada, celebra&ccedil;&atilde;o do Sacramento da Penitencia,da Santa Missa, o povo teve oportunidade de visitar a pedra milagrosa como &eacute;conhecida na regi&atilde;o. &Eacute; uma pedra muito grande e conta &agrave; hist&oacute;ria que uma mo&ccedil;ateria resvalado e ca&iacute;do no precip&iacute;cio. No momento da queda invocou NossaSenhora e foi salva. <\/p>\n<p class=\"MsoNormal\" style=\"text-align:justify\">Por isso, at&eacute; hoje &eacute; conhecida como &ldquo;Pedra dos Milagres&rdquo;,tornando-se um lugar de peregrina&ccedil;&atilde;o onde os fi&eacute;is fazem suas promessas, e aopagar as mesmas deixam no lugar diversos tipos de amuletos. A subida &eacute; &iacute;ngreme,mas tem como acessar. Abaixo da pedra, passa o Rio Parna&iacute;ba. <a name=\"_GoBack\"><\/a>AsIrm&atilde;s Salvatorianas Emirian Oliveira da Assun&ccedil;&atilde;o e Henriqueta Mezzomoacompanharam o grupo.<\/p>\n<p class=\"MsoNormal\" style=\"text-align:justify\">[imagem3]<\/p>\n<p class=\"MsoNormal\" style=\"text-align:justify\">[imagem4]<\/p>\n","protected":false},"excerpt":{"rendered":"<p>[imagem2] Atendendo ao pedido do Papa Francisco, para que todos osfi&eacute;is passam passar pela Porta Santa daMiseric&oacute;rdia, a Par&oacute;quia de Duque Bacelar, realizou, no &uacute;ltimo s&aacute;bado, 30de julho, &nbsp;a Peregrina&ccedil;&atilde;o do Ano Santo,indo&#8230;<\/p>\n","protected":false},"author":1,"featured_media":1259,"comment_status":"open","ping_status":"open","sticky":false,"template":"","format":"standard","meta":[],"categories":[1],"tags":[],"_links":{"self":[{"href":"https:\/\/www.salvatorianas.org.br\/blog\/wp-json\/wp\/v2\/posts\/888"}],"collection":[{"href":"https:\/\/www.salvatorianas.org.br\/blog\/wp-json\/wp\/v2\/posts"}],"about":[{"href":"https:\/\/www.salvatorianas.org.br\/blog\/wp-json\/wp\/v2\/types\/post"}],"author":[{"embeddable":true,"href":"https:\/\/www.salvatorianas.org.br\/blog\/wp-json\/wp\/v2\/users\/1"}],"replies":[{"embeddable":true,"href":"https:\/\/www.salvatorianas.org.br\/blog\/wp-json\/wp\/v2\/comments?post=888"}],"version-history":[{"count":0,"href":"https:\/\/www.salvatorianas.org.br\/blog\/wp-json\/wp\/v2\/posts\/888\/revisions"}],"wp:featuredmedia":[{"embeddable":true,"href":"https:\/\/www.salvatorianas.org.br\/blog\/wp-json\/wp\/v2\/media\/1259"}],"wp:attachment":[{"href":"https:\/\/www.salvatorianas.org.br\/blog\/wp-json\/wp\/v2\/media?parent=888"}],"wp:term":[{"taxonomy":"category","embeddable":true,"href":"https:\/\/www.salvatorianas.org.br\/blog\/wp-json\/wp\/v2\/categories?post=888"},{"taxonomy":"post_tag","embeddable":true,"href":"https:\/\/www.salvatorianas.org.br\/blog\/wp-json\/wp\/v2\/tags?post=888"}],"curies":[{"name":"wp","href":"https:\/\/api.w.org\/{rel}","templated":true}]}}