{"id":886,"date":"2016-08-02T00:00:00","date_gmt":"2016-08-02T00:00:00","guid":{"rendered":"https:\/\/www.salvatorianas.org.br\/blog\/agosto-o-mes-das-vocacoes\/"},"modified":"2016-08-02T00:00:00","modified_gmt":"2016-08-02T00:00:00","slug":"agosto-o-mes-das-vocacoes","status":"publish","type":"post","link":"https:\/\/www.salvatorianas.org.br\/blog\/agosto-o-mes-das-vocacoes\/","title":{"rendered":"Agosto: o m\u00eas das voca\u00e7\u00f5es"},"content":{"rendered":"<p class=\"MsoNormal\" style=\"text-align: center;\"><img decoding=\"async\" src=\"https:\/\/scontent.ffln1-1.fna.fbcdn.net\/v\/t1.0-9\/13924900_1725954664324108_6543373457889051378_n.png?oh=f755689ef90201833f952109d1e67ab0&amp;oe=582939D6\"><\/p>\n<p class=\"MsoNormal\" style=\"text-align:justify\">No m&ecirc;s de agosto, a Igrejacelebra as voca&ccedil;&otilde;es. <b>&ldquo;Voca&ccedil;&atilde;o: dom daMiseric&oacute;rdia Divina&rdquo;<\/b> &eacute; o tema para o M&ecirc;s Vocacional deste ano. O M&ecirc;sVocacional &eacute; um tempo prop&iacute;cio para que as comunidades, par&oacute;quias, fam&iacute;lias seempenhem na ora&ccedil;&atilde;o por todos os vocacionados\/as, todas as voca&ccedil;&otilde;es, pois asrespostas ao chamado de Deus podem vir de muitas formas, e conhecer os diversosestilos de vida faz com que os nossos horizontes se abram ao Pai que nos ama enos chama. <\/p>\n<p class=\"MsoNormal\" style=\"text-align:justify\">Todavia, ser chamado\/a n&atilde;o deveser motivo de vantagem, afinal, o compromisso existe, e a messe precisa de bonse eficientes trabalhadores. O essencial &eacute; que as pessoas chamadas pela gra&ccedil;a deDeus possam dar testemunho atrav&eacute;s da miss&atilde;o recebida. Levar a Palavra,testemunhar e trabalhar s&atilde;o atitudes fundamentais do ap&oacute;stolo com o cora&ccedil;&atilde;oinflamado de amor e de alegria no seguimento de Jesus Cristo.<\/p>\n<p class=\"MsoNormal\" style=\"text-align:justify\">Para animar o M&ecirc;s Vocacional, aComiss&atilde;o Episcopal Pastoral para os Minist&eacute;rios Ordenados (CMOVIC) e apresid&ecirc;ncia nacional da Pastoral Vocacional\/SAV prop&otilde;em subs&iacute;dio, editado pelasEdi&ccedil;&otilde;es CNBB, com roteiros catequ&eacute;ticos, <a href=\"http:\/\/www.cnbb.org.br\/index.php?option=com_docman&amp;view=document&amp;layout=default&amp;alias=2292-subsidio-mes-vocacional-2016&amp;category_slug=pastoral-vocacional&amp;Itemid=252\">dispon&iacute;vel para download<\/a>.<\/p>\n<p class=\"MsoNormal\" style=\"text-align:justify\">Ao todo, o subs&iacute;dio cont&eacute;m tr&ecirc;ssugest&otilde;es de encontros com os temas: 1&ordm;) &ldquo;A Voca&ccedil;&atilde;o Nasce na Igreja&rdquo;, 2&ordm;) &ldquo;AVoca&ccedil;&atilde;o Cresce na Igreja&rdquo; e 3&ordm;) &ldquo;A Voca&ccedil;&atilde;o &eacute; Cultivada na Igreja&rdquo;.<\/p>\n<p class=\"MsoNormal\" style=\"text-align:justify\">O material traz, ainda, roteirooracional, cantos e reflex&otilde;es do papa Francisco sobre as voca&ccedil;&otilde;es e indica,tamb&eacute;m, tr&ecirc;s roteiros para auxiliar nas missas dominicais do M&ecirc;s Vocacional: 7de agosto &ndash; voca&ccedil;&atilde;o minist&eacute;rio ordenado: di&aacute;conos, padres e bispos; 14 deagosto &ndash; voca&ccedil;&atilde;o matrimonial; 21 de agosto &ndash; voca&ccedil;&atilde;o &agrave; vida consagrada; 28 deagosto &ndash; voca&ccedil;&atilde;o dos leigos.<\/p>\n<p class=\"MsoNormal\" style=\"text-align:justify\">O presidente nacional da PastoralVocacional, padre Elias Aparecido da Silva, ressalta que a data &eacute; um importantemomento para a promo&ccedil;&atilde;o vocacional nas comunidades.<\/p>\n<p class=\"MsoNormal\" style=\"text-align:justify\">&ldquo;Precisamos aproveitar nossasassembleias reunidas, grupos j&aacute; formados, momentos de ora&ccedil;&atilde;o comunit&aacute;ria e at&eacute;mesmo os atos devocionais para insistentemente propor que todos rezem pelasvoca&ccedil;&otilde;es, para que o Senhor da messe envie santas e numerosas voca&ccedil;&otilde;es, e aindaprovocar nossos adolescentes e jovens para que respondam com generosidade aochamamento de Deus&rdquo;, sugere o sacerdote.<\/p>\n<p class=\"MsoNormal\" style=\"text-align:justify\">Baixe o subs&iacute;dio do <a href=\"http:\/\/www.cnbb.org.br\/index.php?option=com_docman&amp;view=document&amp;layout=default&amp;alias=2292-subsidio-mes-vocacional-2016&amp;category_slug=pastoral-vocacional&amp;Itemid=252\">M&ecirc;sVocacional<\/a> 2016 e <a href=\"http:\/\/www.cnbb.org.br\/index.php?option=com_docman&amp;view=document&amp;layout=default&amp;alias=2293-cartaz-mes-vocacional-2016&amp;category_slug=pastoral-vocacional&amp;Itemid=252\">Cartaz<\/a>.<\/p>\n<p class=\"MsoNormal\" style=\"text-align: center;\">Rezamos juntos pelas voca&ccedil;&otilde;es: <b>&ldquo;Enviai, Senhor, oper&aacute;rios e oper&aacute;rias &agrave;vossa messe!&rdquo;.<\/b><\/p>\n<p class=\"MsoNormal\" style=\"text-align: center;\"><b><br \/><\/b><\/p>\n<p class=\"MsoNormal\" style=\"text-align: center;\"><b><br \/><\/b><\/p>\n<p class=\"MsoNormal\" style=\"text-align: center;\"><b><br \/><\/b><\/p>\n","protected":false},"excerpt":{"rendered":"<p>No m&ecirc;s de agosto, a Igrejacelebra as voca&ccedil;&otilde;es. &ldquo;Voca&ccedil;&atilde;o: dom daMiseric&oacute;rdia Divina&rdquo; &eacute; o tema para o M&ecirc;s Vocacional deste ano. O M&ecirc;sVocacional &eacute; um tempo prop&iacute;cio para que as comunidades, par&oacute;quias, fam&iacute;lias&#8230;<\/p>\n","protected":false},"author":1,"featured_media":1862,"comment_status":"open","ping_status":"open","sticky":false,"template":"","format":"standard","meta":[],"categories":[1],"tags":[],"_links":{"self":[{"href":"https:\/\/www.salvatorianas.org.br\/blog\/wp-json\/wp\/v2\/posts\/886"}],"collection":[{"href":"https:\/\/www.salvatorianas.org.br\/blog\/wp-json\/wp\/v2\/posts"}],"about":[{"href":"https:\/\/www.salvatorianas.org.br\/blog\/wp-json\/wp\/v2\/types\/post"}],"author":[{"embeddable":true,"href":"https:\/\/www.salvatorianas.org.br\/blog\/wp-json\/wp\/v2\/users\/1"}],"replies":[{"embeddable":true,"href":"https:\/\/www.salvatorianas.org.br\/blog\/wp-json\/wp\/v2\/comments?post=886"}],"version-history":[{"count":0,"href":"https:\/\/www.salvatorianas.org.br\/blog\/wp-json\/wp\/v2\/posts\/886\/revisions"}],"wp:featuredmedia":[{"embeddable":true,"href":"https:\/\/www.salvatorianas.org.br\/blog\/wp-json\/wp\/v2\/media\/1862"}],"wp:attachment":[{"href":"https:\/\/www.salvatorianas.org.br\/blog\/wp-json\/wp\/v2\/media?parent=886"}],"wp:term":[{"taxonomy":"category","embeddable":true,"href":"https:\/\/www.salvatorianas.org.br\/blog\/wp-json\/wp\/v2\/categories?post=886"},{"taxonomy":"post_tag","embeddable":true,"href":"https:\/\/www.salvatorianas.org.br\/blog\/wp-json\/wp\/v2\/tags?post=886"}],"curies":[{"name":"wp","href":"https:\/\/api.w.org\/{rel}","templated":true}]}}