{"id":874,"date":"2016-08-13T00:00:00","date_gmt":"2016-08-13T00:00:00","guid":{"rendered":"https:\/\/www.salvatorianas.org.br\/blog\/encontro-do-comite-de-educacao\/"},"modified":"2016-08-13T00:00:00","modified_gmt":"2016-08-13T00:00:00","slug":"encontro-do-comite-de-educacao","status":"publish","type":"post","link":"https:\/\/www.salvatorianas.org.br\/blog\/encontro-do-comite-de-educacao\/","title":{"rendered":"ENCONTRO DO COMIT\u00ca DE EDUCA\u00c7\u00c3O"},"content":{"rendered":"<p class=\"MsoNormal\" style=\"text-align:justify\">Nos dias 09 e 10 de agosto de 2016, aconteceuem Lages\/SC, na Sede da Mantenedora do Instituto de Ensino e Assist&ecirc;ncia Social oEncontro do Comit&ecirc; de Educa&ccedil;&atilde;o que contou com a participa&ccedil;&atilde;o das dire&ccedil;&otilde;es eassistentes sociais das tr&ecirc;s Unidades Educativas Salvatorianas: Col&eacute;gio Salvatoriano Imaculada Concei&ccedil;&atilde;o,&nbsp;Col&eacute;gio Salvatoriano&nbsp;Bom Conselho e&nbsp;Col&eacute;gio Salvatoriano&nbsp;Nossa Senhora de F&aacute;tima.<\/p>\n<p class=\"MsoNormal\" style=\"text-align:justify\">Oencontro teve por objetivos: encaminhar e organizar o processo de matr&iacute;cula eBolsas de Estudos 2017; fortalecer a unidade de a&ccedil;&atilde;o em nossas Institui&ccedil;&otilde;es Salvatorianas;dar continuidade ao Planejamento Estrat&eacute;gico; &nbsp;apresentar e encaminhar quest&otilde;espertinentes ao processo de gest&atilde;o. <\/p>\n<p class=\"MsoNormal\" style=\"text-align:justify\">Na ocasi&atilde;o, tivemos momentos de ora&ccedil;&atilde;o ereflex&atilde;o, trocas de experi&ecirc;ncias, debate de ideias e muito aprendizado em prolda consolida&ccedil;&atilde;o da miss&atilde;o Salvatoriana. Contamos com a assessoria de Rodinei Balbinot, Escrit&oacute;rio Beninc&aacute; e Dr. Walter Wolff.<\/p>\n<p class=\"MsoNormal\" style=\"text-align:justify\">[imagem2]<\/p>\n<p class=\"MsoNormal\" style=\"text-align:justify\">[imagem3]<\/p>\n<p class=\"MsoNormal\" style=\"text-align:justify\">[imagem4]<\/p>\n","protected":false},"excerpt":{"rendered":"<p>Nos dias 09 e 10 de agosto de 2016, aconteceuem Lages\/SC, na Sede da Mantenedora do Instituto de Ensino e Assist&ecirc;ncia Social oEncontro do Comit&ecirc; de Educa&ccedil;&atilde;o que contou com a participa&ccedil;&atilde;o das&#8230;<\/p>\n","protected":false},"author":1,"featured_media":1241,"comment_status":"open","ping_status":"open","sticky":false,"template":"","format":"standard","meta":[],"categories":[1],"tags":[],"_links":{"self":[{"href":"https:\/\/www.salvatorianas.org.br\/blog\/wp-json\/wp\/v2\/posts\/874"}],"collection":[{"href":"https:\/\/www.salvatorianas.org.br\/blog\/wp-json\/wp\/v2\/posts"}],"about":[{"href":"https:\/\/www.salvatorianas.org.br\/blog\/wp-json\/wp\/v2\/types\/post"}],"author":[{"embeddable":true,"href":"https:\/\/www.salvatorianas.org.br\/blog\/wp-json\/wp\/v2\/users\/1"}],"replies":[{"embeddable":true,"href":"https:\/\/www.salvatorianas.org.br\/blog\/wp-json\/wp\/v2\/comments?post=874"}],"version-history":[{"count":0,"href":"https:\/\/www.salvatorianas.org.br\/blog\/wp-json\/wp\/v2\/posts\/874\/revisions"}],"wp:featuredmedia":[{"embeddable":true,"href":"https:\/\/www.salvatorianas.org.br\/blog\/wp-json\/wp\/v2\/media\/1241"}],"wp:attachment":[{"href":"https:\/\/www.salvatorianas.org.br\/blog\/wp-json\/wp\/v2\/media?parent=874"}],"wp:term":[{"taxonomy":"category","embeddable":true,"href":"https:\/\/www.salvatorianas.org.br\/blog\/wp-json\/wp\/v2\/categories?post=874"},{"taxonomy":"post_tag","embeddable":true,"href":"https:\/\/www.salvatorianas.org.br\/blog\/wp-json\/wp\/v2\/tags?post=874"}],"curies":[{"name":"wp","href":"https:\/\/api.w.org\/{rel}","templated":true}]}}