{"id":864,"date":"2016-08-18T00:00:00","date_gmt":"2016-08-18T00:00:00","guid":{"rendered":"https:\/\/www.salvatorianas.org.br\/blog\/convivio-vocacional-2\/"},"modified":"2018-04-17T11:46:25","modified_gmt":"2018-04-17T11:46:25","slug":"convivio-vocacional-2","status":"publish","type":"post","link":"https:\/\/www.salvatorianas.org.br\/blog\/convivio-vocacional-2\/","title":{"rendered":"Conv\u00edvio Vocacional"},"content":{"rendered":"<p class=\"MsoNormal\" style=\"text-align: justify;\">A proposta de Jesus ainda hoje encanta muitos jovens para a vida religiosa, mas s\u00e3o necess\u00e1rias media\u00e7\u00f5es para que esses sonhos se concretizem. Assim, nos dias 15 a 17 de agosto, a equipe de Anima\u00e7\u00e3o Vocacional Salvatoriana de Mo\u00e7ambique realizou um encontro de conv\u00edvio vocacional com um grupo de oito novas jovens, juntamente com as 10 vocacionadas que j\u00e1 est\u00e3o em nossas casas de forma\u00e7\u00e3o.<\/p>\n<p class=\"MsoNormal\" style=\"text-align: justify;\">Foram abordados e refletidos osseguintes temas: <i>&#8220;O Plano de Deus&#8221;<\/i>; <i>&#8220;O chamado \u00e0 vida, \u00e0 vida crist\u00e3 e \u00e0 vidareligiosa&#8221;<\/i> e especialmente \u00e0 vida religiosa Salvatoriana. Os dias forampermeados por muitas reflex\u00f5es, partilhas, alegria, dinamismo, espiritualidade econviv\u00eancia.<\/p>\n<p class=\"MsoNormal\" style=\"text-align: justify;\">Que o Divino Salvador continue aben\u00e7oando e fortalecendo a nossa voca\u00e7\u00e3o-miss\u00e3o!<\/p>\n<p class=\"MsoNormal\" style=\"text-align: justify;\">\n","protected":false},"excerpt":{"rendered":"<p>A proposta de Jesus ainda hoje encanta muitos jovens para a vida religiosa, mas s\u00e3o necess\u00e1rias media\u00e7\u00f5es para que esses sonhos se concretizem. Assim, nos dias 15 a 17 de agosto, a equipe&#8230;<\/p>\n","protected":false},"author":1,"featured_media":5670,"comment_status":"open","ping_status":"open","sticky":false,"template":"","format":"standard","meta":[],"categories":[28],"tags":[],"_links":{"self":[{"href":"https:\/\/www.salvatorianas.org.br\/blog\/wp-json\/wp\/v2\/posts\/864"}],"collection":[{"href":"https:\/\/www.salvatorianas.org.br\/blog\/wp-json\/wp\/v2\/posts"}],"about":[{"href":"https:\/\/www.salvatorianas.org.br\/blog\/wp-json\/wp\/v2\/types\/post"}],"author":[{"embeddable":true,"href":"https:\/\/www.salvatorianas.org.br\/blog\/wp-json\/wp\/v2\/users\/1"}],"replies":[{"embeddable":true,"href":"https:\/\/www.salvatorianas.org.br\/blog\/wp-json\/wp\/v2\/comments?post=864"}],"version-history":[{"count":1,"href":"https:\/\/www.salvatorianas.org.br\/blog\/wp-json\/wp\/v2\/posts\/864\/revisions"}],"predecessor-version":[{"id":5671,"href":"https:\/\/www.salvatorianas.org.br\/blog\/wp-json\/wp\/v2\/posts\/864\/revisions\/5671"}],"wp:featuredmedia":[{"embeddable":true,"href":"https:\/\/www.salvatorianas.org.br\/blog\/wp-json\/wp\/v2\/media\/5670"}],"wp:attachment":[{"href":"https:\/\/www.salvatorianas.org.br\/blog\/wp-json\/wp\/v2\/media?parent=864"}],"wp:term":[{"taxonomy":"category","embeddable":true,"href":"https:\/\/www.salvatorianas.org.br\/blog\/wp-json\/wp\/v2\/categories?post=864"},{"taxonomy":"post_tag","embeddable":true,"href":"https:\/\/www.salvatorianas.org.br\/blog\/wp-json\/wp\/v2\/tags?post=864"}],"curies":[{"name":"wp","href":"https:\/\/api.w.org\/{rel}","templated":true}]}}