{"id":863,"date":"2016-08-19T00:00:00","date_gmt":"2016-08-19T00:00:00","guid":{"rendered":"https:\/\/www.salvatorianas.org.br\/blog\/este-sistema-e-insuportavel-exclui-degrada-mata-e-tema-do-grito-dos-excluidos\/"},"modified":"2016-08-19T00:00:00","modified_gmt":"2016-08-19T00:00:00","slug":"este-sistema-e-insuportavel-exclui-degrada-mata-e-tema-do-grito-dos-excluidos","status":"publish","type":"post","link":"https:\/\/www.salvatorianas.org.br\/blog\/este-sistema-e-insuportavel-exclui-degrada-mata-e-tema-do-grito-dos-excluidos\/","title":{"rendered":"&#8220;Este sistema \u00e9 insuport\u00e1vel: exclui, degrada, mata!&#8221; \u00e9 tema do Grito dos Exclu\u00eddos"},"content":{"rendered":"<p class=\"MsoNormal\" style=\"text-align:justify\">&ldquo;Este sistema &eacute; insuport&aacute;vel:exclui, degrada, mata!&rdquo; &eacute; lema da 22&ordf; edi&ccedil;&atilde;o do Grito dos Exclu&iacute;dos, que temcomo tema &ldquo;Vida em primeiro lugar&rdquo;. A mobiliza&ccedil;&atilde;o, com auge em 7 de Setembro,dia da Independ&ecirc;ncia do Brasil, questiona e denuncia as v&aacute;rias formas dedesigualdades do pa&iacute;s, apontando qual o real papel do Estado diante dasexclus&otilde;es.<\/p>\n<p class=\"MsoNormal\" style=\"text-align:justify\">O lema escolhido para a ocasi&atilde;oest&aacute; fundamentado em uma das falas do papa Francisco, durante o EncontroMundial dos Movimentos Populares, na Bol&iacute;via, em julho de 2015. Na ocasi&atilde;o,Francisco falou da urg&ecirc;ncia em romper o sil&ecirc;ncio e lutar por mudan&ccedil;as reaisdentro do sistema capitalista, que n&atilde;o compreende o sentido do &ldquo;cuidar da CasaComum&rdquo;.<\/p>\n<p class=\"MsoNormal\" style=\"text-align:justify\">O evento marca o Dia daIndepend&ecirc;ncia em diversas localidades do pa&iacute;s, com o objetivo de &ldquo;valorizar avida e anunciar a esperan&ccedil;a de um mundo melhor, construindo a&ccedil;&otilde;es a fim defortalecer e mobilizar pessoas para atuar nas lutas populares e denunciar as injusti&ccedil;ase os males causados por este modelo econ&ocirc;mico excludente, que degrada e mata&rdquo;.A organiza&ccedil;&atilde;o do Grito acontece nos estados brasileiros, em parceria com asentidades e movimentos sociais.<\/p>\n<p class=\"MsoNormal\" style=\"text-align:justify\">De acordo com a coordena&ccedil;&atilde;onacional da articula&ccedil;&atilde;o, &ldquo;o Grito precisa continuar acontecendo e manifestandoindigna&ccedil;&atilde;o diante de um sistema pol&iacute;tico e econ&ocirc;mico que exclui e descarta amaioria da popula&ccedil;&atilde;o da participa&ccedil;&atilde;o e decis&atilde;o dos rumos do pa&iacute;s,independentemente de partidos e governos. O desafio do Grito &eacute; estar no meio dopovo como espa&ccedil;o de organiza&ccedil;&atilde;o e mobiliza&ccedil;&atilde;o, como um pequeno grande professorque contribui levando informa&ccedil;&atilde;o e forma&ccedil;&atilde;o e incentivando a participa&ccedil;&atilde;opopular, condi&ccedil;&atilde;o essa para construirmos as mudan&ccedil;as&rdquo;.<\/p>\n<p class=\"MsoNormal\" style=\"text-align:justify\">O bispo de Ipameri (GO) e presidenteda Comiss&atilde;o Episcopal Pastoral para o Servi&ccedil;o da Caridade, da Justi&ccedil;a e da Pazda Confer&ecirc;ncia Nacional dos Bispos do Brasil (CNBB), dom Guilherme Ant&ocirc;nioWerlang, enviou uma carta de apoio ao 22&ordm; Grito dos Exclu&iacute;dos aos bispos eagentes de pastorais, na qual agradeceu o apoio recebido ao longo destes anos eressaltou o comprometimento &ldquo;a continuar gritando pela vida em primeiro lugar&rdquo;.Dom Guilherme ainda solicitou &ldquo;o efetivo apoio &agrave; essa iniciativa que renova aesperan&ccedil;a dos pobres e os torna sujeitos de uma nova sociedade, sinal do Reinode Deus&rdquo;.<\/p>\n<p class=\"MsoNormal\" style=\"text-align:justify\"><b>Subs&iacute;dios<\/b><\/p>\n<p class=\"MsoNormal\" style=\"text-align:justify\">Para garantir a forma&ccedil;&atilde;o da base,desde in&iacute;cio de agosto foram oferecidos textos, divididos em eixos, que s&atilde;osubs&iacute;dios informativos que interagem com o lema &ldquo;Este sistema &eacute; insuport&aacute;vel:Exclui, degrada, mata!&rdquo;. O primeiro disponibilizado, &ldquo;Unir os generosos e asgenerosas&rdquo;, foi escrito pelo assessor da Comiss&atilde;o Episcopal Pastoral para oServi&ccedil;o da Caridade, da Justi&ccedil;a e da Paz da CNBB, frei Ol&aacute;vio Dotto. Nestasemana, o segundo texto, do eixo &ldquo;Desmentir a m&iacute;dia&rdquo;, j&aacute; foi enviado aosarticuladores. Nos pr&oacute;ximos dias, ser&atilde;o trabalhados os eixos &ldquo;Direitos B&aacute;sicose Fun&ccedil;&atilde;o do Estado&rdquo;; &ldquo;As v&aacute;rias formas de viol&ecirc;ncia&rdquo;; &ldquo;Participa&ccedil;&atilde;o pol&iacute;tica&rdquo; e&ldquo;a Rua &eacute; o lugar&rdquo;.<\/p>\n<p class=\"MsoNormal\" style=\"text-align:justify\">O material, de acordo com asecretaria do Grito, deve contribuir na realiza&ccedil;&atilde;o de reuni&otilde;es e os pr&eacute;-Gritos,al&eacute;m de facilitar a organiza&ccedil;&atilde;o de agendas, defini&ccedil;&atilde;o de trajetos e locais paraas atividades e manifesta&ccedil;&otilde;es por parte dos articuladores de v&aacute;rias cidadesbrasileiras. As a&ccedil;&otilde;es dever&atilde;o acontecer no per&iacute;odo da Semana da P&aacute;tria, tendocomo ponto m&aacute;ximo o dia 7 de Setembro.<\/p>\n<p class=\"MsoNormal\" style=\"text-align:justify\"><b>Dar voz a quem precisa<\/b><\/p>\n<p class=\"MsoNormal\" style=\"text-align:justify\">O Grito dos Exclu&iacute;dos nasceu danecessidade de dar voz ao povo, &agrave;s minorias e &agrave; popula&ccedil;&atilde;o historicamenteexclu&iacute;da pelo Estado, que elege uma &ldquo;engrenagem de negocia&ccedil;&otilde;es financeiras quesomente obedecem aos interesses dos que j&aacute; t&ecirc;m, dos ricos, das empresas, dosbancos&rdquo;. A organiza&ccedil;&atilde;o da mobiliza&ccedil;&atilde;o analisa que o direito &agrave; sa&uacute;de, moradia,transporte, trabalho, informa&ccedil;&atilde;o e vida digna ficam comprometidos, aumentando adesigualdade social no pa&iacute;s. Desde 1995, o Grito &eacute; um espa&ccedil;o para quemovimentos sociais organizados se manifestem e cobrem direitos j&aacute; asseguradosem nossa Constitui&ccedil;&atilde;o Federal. A coordena&ccedil;&atilde;o ressalta que a realiza&ccedil;&atilde;o &eacute; umprocesso que n&atilde;o come&ccedil;a, nem termina no dia 7 de Setembro.<\/p>\n<p class=\"MsoNormal\" style=\"text-align:justify\">Acesse o Hino do Grito dosExclu&iacute;dos 2016 e outros materiais no site <a href=\"http:\/\/www.gritodosexcluidos.org\/cartazes\/\">http:\/\/www.gritodosexcluidos.org\/<\/a><\/p>\n<p class=\"MsoNormal\" style=\"text-align:justify\">Fonte: CNBB<\/p>\n","protected":false},"excerpt":{"rendered":"<p>&ldquo;Este sistema &eacute; insuport&aacute;vel:exclui, degrada, mata!&rdquo; &eacute; lema da 22&ordf; edi&ccedil;&atilde;o do Grito dos Exclu&iacute;dos, que temcomo tema &ldquo;Vida em primeiro lugar&rdquo;. A mobiliza&ccedil;&atilde;o, com auge em 7 de Setembro,dia da Independ&ecirc;ncia do&#8230;<\/p>\n","protected":false},"author":1,"featured_media":1296,"comment_status":"open","ping_status":"open","sticky":false,"template":"","format":"standard","meta":[],"categories":[1],"tags":[],"_links":{"self":[{"href":"https:\/\/www.salvatorianas.org.br\/blog\/wp-json\/wp\/v2\/posts\/863"}],"collection":[{"href":"https:\/\/www.salvatorianas.org.br\/blog\/wp-json\/wp\/v2\/posts"}],"about":[{"href":"https:\/\/www.salvatorianas.org.br\/blog\/wp-json\/wp\/v2\/types\/post"}],"author":[{"embeddable":true,"href":"https:\/\/www.salvatorianas.org.br\/blog\/wp-json\/wp\/v2\/users\/1"}],"replies":[{"embeddable":true,"href":"https:\/\/www.salvatorianas.org.br\/blog\/wp-json\/wp\/v2\/comments?post=863"}],"version-history":[{"count":0,"href":"https:\/\/www.salvatorianas.org.br\/blog\/wp-json\/wp\/v2\/posts\/863\/revisions"}],"wp:featuredmedia":[{"embeddable":true,"href":"https:\/\/www.salvatorianas.org.br\/blog\/wp-json\/wp\/v2\/media\/1296"}],"wp:attachment":[{"href":"https:\/\/www.salvatorianas.org.br\/blog\/wp-json\/wp\/v2\/media?parent=863"}],"wp:term":[{"taxonomy":"category","embeddable":true,"href":"https:\/\/www.salvatorianas.org.br\/blog\/wp-json\/wp\/v2\/categories?post=863"},{"taxonomy":"post_tag","embeddable":true,"href":"https:\/\/www.salvatorianas.org.br\/blog\/wp-json\/wp\/v2\/tags?post=863"}],"curies":[{"name":"wp","href":"https:\/\/api.w.org\/{rel}","templated":true}]}}