{"id":861,"date":"2016-08-19T00:00:00","date_gmt":"2016-08-19T00:00:00","guid":{"rendered":"https:\/\/www.salvatorianas.org.br\/blog\/congresso-eucaristico-nacional-destaca-eucaristia-e-partilha-na-amazonia-missionaria\/"},"modified":"2016-08-19T00:00:00","modified_gmt":"2016-08-19T00:00:00","slug":"congresso-eucaristico-nacional-destaca-eucaristia-e-partilha-na-amazonia-missionaria","status":"publish","type":"post","link":"https:\/\/www.salvatorianas.org.br\/blog\/congresso-eucaristico-nacional-destaca-eucaristia-e-partilha-na-amazonia-missionaria\/","title":{"rendered":"Congresso Eucar\u00edstico Nacional destaca Eucaristia e partilha na Amaz\u00f4nia Mission\u00e1ria"},"content":{"rendered":"<p class=\"MsoNormal\" style=\"text-align: center;\"><o:p>&nbsp;<\/o:p><img decoding=\"async\" src=\"http:\/\/www.pom.org.br\/images\/stories\/Noticias_15\/02\/0%200%200%200%20a%20cen.jpg\" border=\"0\" width=\"512\" style=\"margin: 0px; padding: 0px; border: none; color: rgb(25, 25, 25); font-family: Helvetica, Helvetica, Arial, sans-serif; font-size: 12px; line-height: 16.8px; text-align: center; vertical-align: middle; background-color: rgb(255, 255, 255);\"><\/p>\n<p class=\"MsoNormal\" style=\"text-align:justify\">Promovido pela arquidiocese deBel&eacute;m, o XVII Congresso Eucar&iacute;stico Nacional (CEN) 2016 tem como tema&ldquo;Eucaristia e Partilha na Amaz&ocirc;nia Mission&aacute;ria&rdquo;, transformando Bel&eacute;m na CapitalEucar&iacute;stica do Brasil at&eacute; o pr&oacute;ximo domingo, dia 21.<\/p>\n<p class=\"MsoNormal\" style=\"text-align:justify\">A programa&ccedil;&atilde;o na capital paraenseque abriu na segunda-feira, 15, &eacute; diversificada incluindo celebra&ccedil;&otilde;es,simp&oacute;sios, apresenta&ccedil;&otilde;es, feira e shows. Todas as manh&atilde;s &eacute; celebrada uma missapor um cardeal. As grandes celebra&ccedil;&otilde;es s&atilde;o realizadas no Est&aacute;dio Mangueir&atilde;o, naS&eacute; Catedral, na bas&iacute;lica Nossa Senhora de Nazar&eacute; e nas seis regi&otilde;es episcopaiscom suas 86 par&oacute;quias. <\/p>\n<p class=\"MsoNormal\" style=\"text-align:justify\"><b>Missa com os moradores de rua<\/b><\/p>\n<p class=\"MsoNormal\" style=\"text-align:justify\"><b><br \/><\/b><\/p>\n<p class=\"MsoNormal\" style=\"text-align:justify\">Padre Maur&iacute;cio da Silva Jardim,diretor nacional das Pontif&iacute;cias Obras Mission&aacute;rias (POM), participa do Congressoe destaca a missa celebrada, nesta quarta-feira, 17, na S&eacute; Catedral, com 600moradores de rua que foi presidida pelo legado pontif&iacute;cio, cardeal dom Cl&aacute;udioHummes, nomeado pelo papa Francisco para represent&aacute;-lo no evento. &ldquo;Os pobress&atilde;o a riqueza da Igreja. Devemos priorizar a proximidade com os pobres. Ocentro de nossas op&ccedil;&otilde;es devem ser os pobres&rdquo;, sublinhou dom Cl&aacute;udio em suareflex&atilde;o.<\/p>\n<p class=\"MsoNormal\" style=\"text-align:justify\">\n<p class=\"MsoNormal\" style=\"text-align:justify\">Ap&oacute;s a missa, as pastoraissociais da arquidiocese de Bel&eacute;m ofereceram, na Pra&ccedil;a do Carmo, 600 refei&ccedil;&otilde;espara os moradores de rua. Dom Cl&aacute;udio Hummes e dom Alberto Taveira, com umgrupo de padres tomaram refei&ccedil;&atilde;o com os mais pobres. Padre Maur&iacute;cio tamb&eacute;mesteve no almo&ccedil;o. &ldquo;O sentido profundo da tem&aacute;tica do Congresso, Eucaristia epartilha, foi experimentado naquele almo&ccedil;o fraterno. Esta &eacute; a dimens&atilde;o socialdo mist&eacute;rio Eucar&iacute;stico. O ac&uacute;mulo que gera pobreza e exclus&otilde;es contradiz overdadeiro sentido da Eucaristia, ainda mais quando ficamos apenas no aspectocelebrativo ou na adora&ccedil;&atilde;o do mist&eacute;rio&rdquo;, explicou o diretor das POM.<\/p>\n<p class=\"MsoNormal\" style=\"text-align:justify\"><b>Prociss&atilde;o fluvial<\/b><\/p>\n<p class=\"MsoNormal\" style=\"text-align:justify\">Ainda na quarta-feira, umaprociss&atilde;o fluvial chegou na Escadinha do Cais do Porto de Bel&eacute;m ap&oacute;s sair deManaus (AM) no dia 8 de agosto e percorrer v&aacute;rias prelazias e dioceses. Amultid&atilde;o de fi&eacute;is entoava cantos e louvores enquanto aguardava a chegada doSant&iacute;ssimo Sacramento que desembarcou do navio pelas m&atilde;os do arcebispo deBel&eacute;m, dom Alberto Taveira Correa acompanhado do bispo auxiliar, dom IrineuRoman no Portal.<\/p>\n<p class=\"MsoNormal\" style=\"text-align:justify\">Dona Maria de Nazar&eacute; Meireles, 70anos, estava desde cedo esperando com ansiedade o grande momento. &ldquo;Eu estourevivendo tudo o que a minha av&oacute; viveu no Congresso de 1953, por isso quisparticipar para entender tudo o que ela sentiu&rdquo;, contou Dona Nazar&eacute;.<\/p>\n<p class=\"MsoNormal\" style=\"text-align:justify\">Durante a ben&ccedil;&atilde;o solene, ocardeal dom Cl&aacute;udio Hummes exortou a popula&ccedil;&atilde;o para o uso consciente dosrecursos naturais da regi&atilde;o amaz&ocirc;nica. &ldquo;A samaumeira &eacute; a &aacute;rvore mais alta daAmaz&ocirc;nia e o Cristo colocado no seu topo lembra o que o papa Francisco disse queo Jesus &eacute; o ponto alto da cria&ccedil;&atilde;o. Cristo sobre essa &aacute;rvore nos ensina a cuidare esperar a certeza que um dia a natureza ser&aacute; redimida por ele&rdquo;, destacou domCl&aacute;udio.<\/p>\n<p class=\"MsoNormal\" style=\"text-align:justify\"><b>Primeira Eucaristia<\/b><\/p>\n<p class=\"MsoNormal\" style=\"text-align:justify\">Nesta quinta-feira, 18, cerca de1.200 crian&ccedil;as de todas as par&oacute;quias da arquidiocese de Bel&eacute;m receberam pelaprimeira vez a Santa Eucaristia em uma celebra&ccedil;&atilde;o presidida pelo dom AlbertoTaveira. O arcebispo de Bel&eacute;m convidou os fi&eacute;is a reviverem o dia que receberama Primeira Eucaristia e se espelharem nas crian&ccedil;as, que s&atilde;o capazes de colocartudo o que tem e o que s&atilde;o com simplicidade &agrave; disposi&ccedil;&atilde;o de Jesus.<\/p>\n<p class=\"MsoNormal\" style=\"text-align:justify\">&ldquo;&Eacute; uma grande honra misturada coma ansiedade e felicidade porque vou receber Jesus pela primeira vez. Eu semprevou permanecer no caminho de Deus e nunca vou desistir&rdquo;, comentou ReginaldoSouza, 12 anos, par&oacute;quia Santo In&aacute;cio de Loyola.<\/p>\n<p class=\"MsoNormal\" style=\"text-align:justify\"><b>Simp&oacute;sio Teol&oacute;gico<\/b><\/p>\n<p class=\"MsoNormal\" style=\"text-align:justify\">Como meio de promover oconhecimento da doutrina crist&atilde; cat&oacute;lica sobre a Eucaristia, o Congressopromove, no Hangar Centro de Conven&ccedil;&otilde;es da Amaz&ocirc;nia, o Simp&oacute;sio Teol&oacute;gico emquatro abordagem: lit&uacute;rgico-celebrativa, b&iacute;blico-teol&oacute;gica, moral e can&ocirc;nica.Participam dos debates mais de 2 mil delegados, entre os quais 170 bispos e 700padres.<\/p>\n<p class=\"MsoNormal\" style=\"text-align:justify\">Esta sexta-feira, 19, &eacute; o Diadedicado &agrave; Amaz&ocirc;nia. Dom Cl&aacute;udio Hummes, presidente da Comiss&atilde;o para a Amaz&ocirc;niada CNBB, explica que &ldquo;o primeiro objetivo &eacute; divulgar melhor e informar osnossos bispos brasileiros sobre tudo o que &eacute; esta realidade mission&aacute;ria aqui daAmaz&ocirc;nia e a nossa corresponsabilidade com os outros pa&iacute;ses que t&ecirc;m parcelas damata amaz&ocirc;nica: os 9 pa&iacute;ses que formam parte da Rede Eclesial Pan-amaz&ocirc;nica(REPAM)&rdquo;.<\/p>\n<p class=\"MsoNormal\" style=\"text-align:justify\">Fonte: POM<\/p>\n","protected":false},"excerpt":{"rendered":"<p>&nbsp; Promovido pela arquidiocese deBel&eacute;m, o XVII Congresso Eucar&iacute;stico Nacional (CEN) 2016 tem como tema&ldquo;Eucaristia e Partilha na Amaz&ocirc;nia Mission&aacute;ria&rdquo;, transformando Bel&eacute;m na CapitalEucar&iacute;stica do Brasil at&eacute; o pr&oacute;ximo domingo, dia 21. A&#8230;<\/p>\n","protected":false},"author":1,"featured_media":1083,"comment_status":"open","ping_status":"open","sticky":false,"template":"","format":"standard","meta":[],"categories":[1],"tags":[],"_links":{"self":[{"href":"https:\/\/www.salvatorianas.org.br\/blog\/wp-json\/wp\/v2\/posts\/861"}],"collection":[{"href":"https:\/\/www.salvatorianas.org.br\/blog\/wp-json\/wp\/v2\/posts"}],"about":[{"href":"https:\/\/www.salvatorianas.org.br\/blog\/wp-json\/wp\/v2\/types\/post"}],"author":[{"embeddable":true,"href":"https:\/\/www.salvatorianas.org.br\/blog\/wp-json\/wp\/v2\/users\/1"}],"replies":[{"embeddable":true,"href":"https:\/\/www.salvatorianas.org.br\/blog\/wp-json\/wp\/v2\/comments?post=861"}],"version-history":[{"count":0,"href":"https:\/\/www.salvatorianas.org.br\/blog\/wp-json\/wp\/v2\/posts\/861\/revisions"}],"wp:featuredmedia":[{"embeddable":true,"href":"https:\/\/www.salvatorianas.org.br\/blog\/wp-json\/wp\/v2\/media\/1083"}],"wp:attachment":[{"href":"https:\/\/www.salvatorianas.org.br\/blog\/wp-json\/wp\/v2\/media?parent=861"}],"wp:term":[{"taxonomy":"category","embeddable":true,"href":"https:\/\/www.salvatorianas.org.br\/blog\/wp-json\/wp\/v2\/categories?post=861"},{"taxonomy":"post_tag","embeddable":true,"href":"https:\/\/www.salvatorianas.org.br\/blog\/wp-json\/wp\/v2\/tags?post=861"}],"curies":[{"name":"wp","href":"https:\/\/api.w.org\/{rel}","templated":true}]}}