{"id":855,"date":"2016-08-23T00:00:00","date_gmt":"2016-08-23T00:00:00","guid":{"rendered":"https:\/\/www.salvatorianas.org.br\/blog\/paroquia-sao-jose-celebra-seu-padroeiro\/"},"modified":"2016-08-23T00:00:00","modified_gmt":"2016-08-23T00:00:00","slug":"paroquia-sao-jose-celebra-seu-padroeiro","status":"publish","type":"post","link":"https:\/\/www.salvatorianas.org.br\/blog\/paroquia-sao-jose-celebra-seu-padroeiro\/","title":{"rendered":"Par\u00f3quia S\u00e3o Jos\u00e9 celebra seu Padroeiro"},"content":{"rendered":"<p class=\"MsoNormal\" style=\"text-align:justify\">Entre os dias 11 a 21 de agostode 2016, a par&oacute;quia S&atilde;o Jos&eacute; , de Duque Bacelar, MA, realizou o Festejo de seupadroeiro S&atilde;o Jos&eacute;,&nbsp; com o tema <b>&#8220;Com S&atilde;o Jos&eacute; contemplamos o RostoMisericordioso de Jesus&#8221;<\/b>. E o lema: &ldquo;Sede Misericordiosos como VossoPai &eacute; misericordioso&#8221; (Lc 6,36) e a cada dia da novena seguia um subtema.<\/p>\n<p class=\"MsoNormal\" style=\"text-align:justify\">A feste de S&atilde;o Jos&eacute; &eacute; realizadaem agosto, devido o m&ecirc;s de mar&ccedil;o ser o per&iacute;odo das chuvas na regi&atilde;o o queimpossibilita a realiza&ccedil;&atilde;o dos eventos ao ar livre, considerando tamb&eacute;m a datada funda&ccedil;&atilde;o da Par&oacute;quia que &eacute; dia 05 de agosto. &Eacute; uma festa religiosa e socialonde durante os 11 dias s&atilde;o promovidos diversos eventos como caminhadas, missascom novena,&nbsp; leil&otilde;es, shows , venda debebidas e outros produtos, na festa deste ano contou tamb&eacute;m com parquedivers&otilde;es.<\/p>\n<p class=\"MsoNormal\" style=\"text-align:justify\">[imagem2]<\/p>\n<p class=\"MsoNormal\" style=\"text-align:justify\">\n<p class=\"MsoNormal\" style=\"text-align:justify\">O festejo Iniciou com a caminhadae hasteamento do Mastro e conclu&iacute;do com Prociss&atilde;o e ben&ccedil;&atilde;o de S&atilde;o Jos&eacute;. Durantea semana, a cidade era acordada com a alvorada, onde eram executados os cantosde S&atilde;o Jos&eacute;. Participaram do festejo alguns padres da diocese: Pe. Adalberto,Pe. Ala&ocirc;r, Pe. Jos&eacute; Carlos, Pe. James e Pe. Charles.<\/p>\n<p class=\"MsoNormal\" style=\"text-align:justify\">[imagem3]<\/p>\n<p class=\"MsoNormal\" style=\"text-align:justify\">No s&aacute;bado (20\/08), na &uacute;ltimanoite do Festejo contou com a participa&ccedil;&atilde;o do Bispo Diocesano de Brejo, DomValdeci que presidiu a Santa Missa. Na noite dos vaqueiros, teve como tema: <b>&#8220;No servi&ccedil;o dos humildes, Deusmanifesto sua miseric&oacute;rdia&#8221;<\/b>.<\/p>\n<p class=\"MsoNormal\" style=\"text-align:justify\">[imagem4]<\/p>\n<p class=\"MsoNormal\" style=\"text-align:justify\">Em sua homilia dom Valdeci falousobre o S&atilde;o Jos&eacute; e sobre a mudan&ccedil;a de vida que cada um de n&oacute;s deve fazer nesteano da Miseric&oacute;rdia. &#8220;Jos&eacute; que a b&iacute;blia fala muito pouco, no entanto, compoucas palavras nos diz tudo sobre ele.&nbsp;Nos diz que ele foi um homem justo, se ajustou ao plano de Deus. Setornou protetor do filho de Deus, Nosso Senhor Jesus Cristo. Por isso, ele ouvea voz de Deus, e ele se deixa conduzir pelo pr&oacute;prio Deus, neste sentido ele nosensina, ele nos ajudar tamb&eacute;m nos dias de hoje a temos essa aten&ccedil;&atilde;o para ouvira palavra de Deus, ouvirmos a sua voz&#8230; e procura colocar em pr&aacute;tica em nossasvidas. Sejamos misericordiosos como o Pai &eacute; misericordioso, esse &eacute; o convite queo ano da miseric&oacute;rdia nos motiva tamb&eacute;m a caminharmos segundo a vontade deDeus&#8230;&rdquo; <\/p>\n<p class=\"MsoNormal\" style=\"text-align:justify\">&nbsp;<\/p>\n<p class=\"MsoNormal\" style=\"text-align:justify\">A festa de S&atilde;o Jos&eacute; encerrou nodomingo (21\/08), com a prociss&atilde;o &agrave;s 17h, pelas ruas da cidade terminando nop&aacute;tio da Igreja com a ben&ccedil;&atilde;o. <\/p>\n<p class=\"MsoNormal\" style=\"text-align:justify\">[imagem5]<\/p>\n<p class=\"MsoNormal\" align=\"center\" style=\"text-align:center\"><b>S&atilde;o Jos&eacute; a v&oacute;s nosso amor, sede nosso bom protetor!<\/b><\/p>\n<p class=\"MsoNormal\" style=\"text-align:justify\">Confira as fotos na Galeria deImagens.<\/p>\n","protected":false},"excerpt":{"rendered":"<p>Entre os dias 11 a 21 de agostode 2016, a par&oacute;quia S&atilde;o Jos&eacute; , de Duque Bacelar, MA, realizou o Festejo de seupadroeiro S&atilde;o Jos&eacute;,&nbsp; com o tema &#8220;Com S&atilde;o Jos&eacute; contemplamos o&#8230;<\/p>\n","protected":false},"author":1,"featured_media":1072,"comment_status":"open","ping_status":"open","sticky":false,"template":"","format":"standard","meta":[],"categories":[1],"tags":[],"_links":{"self":[{"href":"https:\/\/www.salvatorianas.org.br\/blog\/wp-json\/wp\/v2\/posts\/855"}],"collection":[{"href":"https:\/\/www.salvatorianas.org.br\/blog\/wp-json\/wp\/v2\/posts"}],"about":[{"href":"https:\/\/www.salvatorianas.org.br\/blog\/wp-json\/wp\/v2\/types\/post"}],"author":[{"embeddable":true,"href":"https:\/\/www.salvatorianas.org.br\/blog\/wp-json\/wp\/v2\/users\/1"}],"replies":[{"embeddable":true,"href":"https:\/\/www.salvatorianas.org.br\/blog\/wp-json\/wp\/v2\/comments?post=855"}],"version-history":[{"count":0,"href":"https:\/\/www.salvatorianas.org.br\/blog\/wp-json\/wp\/v2\/posts\/855\/revisions"}],"wp:featuredmedia":[{"embeddable":true,"href":"https:\/\/www.salvatorianas.org.br\/blog\/wp-json\/wp\/v2\/media\/1072"}],"wp:attachment":[{"href":"https:\/\/www.salvatorianas.org.br\/blog\/wp-json\/wp\/v2\/media?parent=855"}],"wp:term":[{"taxonomy":"category","embeddable":true,"href":"https:\/\/www.salvatorianas.org.br\/blog\/wp-json\/wp\/v2\/categories?post=855"},{"taxonomy":"post_tag","embeddable":true,"href":"https:\/\/www.salvatorianas.org.br\/blog\/wp-json\/wp\/v2\/tags?post=855"}],"curies":[{"name":"wp","href":"https:\/\/api.w.org\/{rel}","templated":true}]}}