{"id":835,"date":"2016-09-01T00:00:00","date_gmt":"2016-09-01T00:00:00","guid":{"rendered":"https:\/\/www.salvatorianas.org.br\/blog\/encontros-vocacionais\/"},"modified":"2018-05-21T10:59:36","modified_gmt":"2018-05-21T10:59:36","slug":"encontros-vocacionais","status":"publish","type":"post","link":"https:\/\/www.salvatorianas.org.br\/blog\/encontros-vocacionais\/","title":{"rendered":"ENCONTROS VOCACIONAIS"},"content":{"rendered":"<p class=\"MsoNormal\">O M\u00eas Vocacional nos proporciona aprofundar a m\u00edstica dochamado e da resposta que damos todos os dias frente a nossa op\u00e7\u00e3o de vida. Sendoassim, nos dias 6 e 7 de agosto, em Morpar\u00e1\/BA , realizou-se um encontrovocacional com as vocacionadas j\u00e1 acompanhada por nossa miss\u00e3o salvatoriana.<\/p>\n<p class=\"MsoNormal\">O encontro foi dinamizado pela Ir. Van\u00facia Silva, queressaltou para os jovens e adolescentes participantes a import\u00e2ncia de ouviratentamente o chamado de Jesus Salvador, que nos leva a sair de si e ir aoencontro de outros que tamb\u00e9m desejam conhecer Aquele que nos chama e discernira optar por uma vida de seguimento radical.<\/p>\n<p class=\"MsoNormal\" style=\"text-align: center;\"><b><span style=\"font-size: x-large;\">II Despertar Vocacionalem Xique-Xique\/BA<\/span><\/b><\/p>\n<p class=\"MsoNormal\"><b><img decoding=\"async\" loading=\"lazy\" class=\"size-medium wp-image-5686 aligncenter\" src=\"https:\/\/www.salvatorianas.org.br\/blog\/wp-content\/uploads\/2016\/09\/644_post_9655-300x169.jpg\" alt=\"\" width=\"300\" height=\"169\" srcset=\"https:\/\/www.salvatorianas.org.br\/blog\/wp-content\/uploads\/2016\/09\/644_post_9655-300x169.jpg 300w, https:\/\/www.salvatorianas.org.br\/blog\/wp-content\/uploads\/2016\/09\/644_post_9655.jpg 640w\" sizes=\"(max-width: 300px) 100vw, 300px\" \/><\/b><\/p>\n<p class=\"MsoNormal\"><b>\u00a0<\/b><\/p>\n<p class=\"MsoNormal\" style=\"text-align: justify;\">\u00a0No dia 28 de agosto, na Par\u00f3quia Senhor do Bonfim, em Xique-Xique\/BA, Ir. Van\u00facia e a aspirante T\u00e2mara participaram do II Despertar Vocacional, em unidade com o tema sugerido pela CNBB: &#8220;<b>Voca\u00e7\u00e3o, dom da miseric\u00f3rdia divina<\/b>&#8220;.O encontro contou com a participa\u00e7\u00e3o da Equipe da Pastoral Vocacional da Par\u00f3quia formada pelas Irm\u00e3s salvatorianas e Irm\u00e3s Murialdinas, Pe. Claudio nogueira,seminarista Bruno Romulo e leigos e leigas.<\/p>\n<p class=\"MsoNormal\" style=\"text-align: justify;\">Muitos jovens que est\u00e3o buscandodescobrir a sua voca\u00e7\u00e3o compareceram para participarem do II Despertar Vocacional.Para os participantes, o encontro foi muito produtivo, din\u00e2mico e provocativo.<\/p>\n<p class=\"MsoNormal\">\n","protected":false},"excerpt":{"rendered":"<p>O M\u00eas Vocacional nos proporciona aprofundar a m\u00edstica dochamado e da resposta que damos todos os dias frente a nossa op\u00e7\u00e3o de vida. Sendoassim, nos dias 6 e 7 de agosto, em Morpar\u00e1\/BA&#8230;<\/p>\n","protected":false},"author":1,"featured_media":5685,"comment_status":"open","ping_status":"open","sticky":false,"template":"","format":"standard","meta":[],"categories":[28],"tags":[32],"_links":{"self":[{"href":"https:\/\/www.salvatorianas.org.br\/blog\/wp-json\/wp\/v2\/posts\/835"}],"collection":[{"href":"https:\/\/www.salvatorianas.org.br\/blog\/wp-json\/wp\/v2\/posts"}],"about":[{"href":"https:\/\/www.salvatorianas.org.br\/blog\/wp-json\/wp\/v2\/types\/post"}],"author":[{"embeddable":true,"href":"https:\/\/www.salvatorianas.org.br\/blog\/wp-json\/wp\/v2\/users\/1"}],"replies":[{"embeddable":true,"href":"https:\/\/www.salvatorianas.org.br\/blog\/wp-json\/wp\/v2\/comments?post=835"}],"version-history":[{"count":3,"href":"https:\/\/www.salvatorianas.org.br\/blog\/wp-json\/wp\/v2\/posts\/835\/revisions"}],"predecessor-version":[{"id":6134,"href":"https:\/\/www.salvatorianas.org.br\/blog\/wp-json\/wp\/v2\/posts\/835\/revisions\/6134"}],"wp:featuredmedia":[{"embeddable":true,"href":"https:\/\/www.salvatorianas.org.br\/blog\/wp-json\/wp\/v2\/media\/5685"}],"wp:attachment":[{"href":"https:\/\/www.salvatorianas.org.br\/blog\/wp-json\/wp\/v2\/media?parent=835"}],"wp:term":[{"taxonomy":"category","embeddable":true,"href":"https:\/\/www.salvatorianas.org.br\/blog\/wp-json\/wp\/v2\/categories?post=835"},{"taxonomy":"post_tag","embeddable":true,"href":"https:\/\/www.salvatorianas.org.br\/blog\/wp-json\/wp\/v2\/tags?post=835"}],"curies":[{"name":"wp","href":"https:\/\/api.w.org\/{rel}","templated":true}]}}