{"id":831,"date":"2016-09-02T00:00:00","date_gmt":"2016-09-02T00:00:00","guid":{"rendered":"https:\/\/www.salvatorianas.org.br\/blog\/celebracao-do-ano-jubilar-da-familia-salvatoriana-no-brasil\/"},"modified":"2016-09-02T00:00:00","modified_gmt":"2016-09-02T00:00:00","slug":"celebracao-do-ano-jubilar-da-familia-salvatoriana-no-brasil","status":"publish","type":"post","link":"https:\/\/www.salvatorianas.org.br\/blog\/celebracao-do-ano-jubilar-da-familia-salvatoriana-no-brasil\/","title":{"rendered":"Celebra\u00e7\u00e3o do Ano Jubilar da Fam\u00edlia Salvatoriana no Brasil"},"content":{"rendered":"<p class=\"MsoNormal\" style=\"text-align:justify\">A Fam&iacute;lia Salvatoriana est&aacute;vivendo um ano de muitas b&ecirc;n&ccedil;&atilde;os: Ano da Miseric&oacute;rdia proclamado pelo PapaFrancisco, ano Mission&aacute;rio Salvatoriano e a Celebra&ccedil;&atilde;o dos 120 anos da presen&ccedil;ados Padres e Irm&atilde;os Salvatorianos, 80 anos das Irm&atilde;s e 30 anos dos leigos&nbsp; Salvatorianos no Brasil. <\/p>\n<p class=\"MsoNormal\" style=\"text-align:justify\">Para marcar e celebrarmos maisintensamente todos esses acontecimentos, est&aacute; passando em todas as comunidades,institui&ccedil;&otilde;es e casas dos leigos Salvatorianos a Bandeira do Divino Salvador,que n&atilde;o nos deixa esquecer o time o qual torcemos e pertencemos &ldquo;JesusSalvador&rdquo;, torn&aacute;-Lo conhecido e Amado, eis a nossa miss&atilde;o. <\/p>\n<p class=\"MsoNormal\" style=\"text-align:justify\">No dia 6 de agosto, acolhemos comalegria a Bandeira de Jesus Salvador da Comunidade Alian&ccedil;a de Joinville\/SC. Naocasi&atilde;o reuniram-se as Irm&atilde;s das quatro comunidades do Regional na Capela daComunidade Maria de Nazar&eacute; de Campo Alegre\/SC para uma celebra&ccedil;&atilde;o da Palavra. <\/p>\n<p class=\"MsoNormal\" style=\"text-align:justify\">A Bandeira percorreu asComunidades e resid&ecirc;ncias dos Leigos Salvatorianos, onde aconteceram vig&iacute;lias,adora&ccedil;&atilde;o ao Sant&iacute;ssimo Sacramento, celebra&ccedil;&otilde;es da Palavra e Celebra&ccedil;&atilde;oEucar&iacute;stica. <\/p>\n<p class=\"MsoNormal\" style=\"text-align:justify\">No dia 28 de agosto, na IgrejaMatriz de Campo Alegre, aconteceu uma festiva Celebra&ccedil;&atilde;o Eucar&iacute;stica presididapor Padre Fernando Sartori, SDS, com a presen&ccedil;a da Fam&iacute;lia Salvatoriana doRegional, estava presente as Irm&atilde;s da Comunidade Padre Jordan de S&atilde;o Jos&eacute; dosPinhais\/PR, que na oportunidade acolheram a Bandeira. <\/p>\n<p class=\"MsoNormal\" style=\"text-align:justify\">Para n&oacute;s Irm&atilde;s e leigosSalvatorianos do Regional foi um momento muito significativo de a&ccedil;&atilde;o de gra&ccedil;as,gratid&atilde;o ao Divino Salvador pela presen&ccedil;a Salvatoriana no Brasil. Ap&oacute;s aCelebra&ccedil;&atilde;o Eucar&iacute;stica, no sal&atilde;o paroquial a fam&iacute;lia reunida, partilhou o caf&eacute;e juntos preparamos o almo&ccedil;o de confraterniza&ccedil;&atilde;o. <\/p>\n<p class=\"MsoNormal\" style=\"text-align:justify\">Por tudo damos gra&ccedil;as e louvamoso Divino Salvador.<\/p>\n","protected":false},"excerpt":{"rendered":"<p>A Fam&iacute;lia Salvatoriana est&aacute;vivendo um ano de muitas b&ecirc;n&ccedil;&atilde;os: Ano da Miseric&oacute;rdia proclamado pelo PapaFrancisco, ano Mission&aacute;rio Salvatoriano e a Celebra&ccedil;&atilde;o dos 120 anos da presen&ccedil;ados Padres e Irm&atilde;os Salvatorianos, 80 anos das&#8230;<\/p>\n","protected":false},"author":1,"featured_media":1030,"comment_status":"open","ping_status":"open","sticky":false,"template":"","format":"standard","meta":[],"categories":[1],"tags":[],"_links":{"self":[{"href":"https:\/\/www.salvatorianas.org.br\/blog\/wp-json\/wp\/v2\/posts\/831"}],"collection":[{"href":"https:\/\/www.salvatorianas.org.br\/blog\/wp-json\/wp\/v2\/posts"}],"about":[{"href":"https:\/\/www.salvatorianas.org.br\/blog\/wp-json\/wp\/v2\/types\/post"}],"author":[{"embeddable":true,"href":"https:\/\/www.salvatorianas.org.br\/blog\/wp-json\/wp\/v2\/users\/1"}],"replies":[{"embeddable":true,"href":"https:\/\/www.salvatorianas.org.br\/blog\/wp-json\/wp\/v2\/comments?post=831"}],"version-history":[{"count":0,"href":"https:\/\/www.salvatorianas.org.br\/blog\/wp-json\/wp\/v2\/posts\/831\/revisions"}],"wp:featuredmedia":[{"embeddable":true,"href":"https:\/\/www.salvatorianas.org.br\/blog\/wp-json\/wp\/v2\/media\/1030"}],"wp:attachment":[{"href":"https:\/\/www.salvatorianas.org.br\/blog\/wp-json\/wp\/v2\/media?parent=831"}],"wp:term":[{"taxonomy":"category","embeddable":true,"href":"https:\/\/www.salvatorianas.org.br\/blog\/wp-json\/wp\/v2\/categories?post=831"},{"taxonomy":"post_tag","embeddable":true,"href":"https:\/\/www.salvatorianas.org.br\/blog\/wp-json\/wp\/v2\/tags?post=831"}],"curies":[{"name":"wp","href":"https:\/\/api.w.org\/{rel}","templated":true}]}}