{"id":81,"date":"2018-03-17T00:00:00","date_gmt":"2018-03-17T00:00:00","guid":{"rendered":"https:\/\/www.salvatorianas.org.br\/blog\/o-legado-de-padre-jordan-para-o-mundo\/"},"modified":"2018-05-24T12:21:17","modified_gmt":"2018-05-24T12:21:17","slug":"o-legado-de-padre-jordan-para-o-mundo","status":"publish","type":"post","link":"https:\/\/www.salvatorianas.org.br\/blog\/o-legado-de-padre-jordan-para-o-mundo\/","title":{"rendered":"O legado de Padre Jordan para o mundo"},"content":{"rendered":"<p class=\"MsoNormal\" style=\"text-align: center;\" align=\"center\"><b style=\"mso-bidi-font-weight: normal;\">\u00a0<\/b><\/p>\n<p><span style=\"text-align: justify;\">O Centen\u00e1rio da Morte\/Ressurrei\u00e7\u00e3o de Padre Jordan, \u00e9 um tempo oportuno para refletir o legado que\u00a0<\/span><span style=\"text-align: justify;\">\u00a0<\/span><span style=\"text-align: justify;\">ele deixou para o mundo, bem como a import\u00e2ncia de n\u00f3s como Fam\u00edlia Salvatoriana dar continuidade aos seus ideais. Quem nos ajudar a refletir esta tem\u00e1tica \u00e9 Ir. Dulcelene Ceccato (SDS), que destaca, entre muitos, dois aspectos fundamentais do seu legado: O di\u00e1logo constante com Deus e a sua vida &#8220;em miss\u00e3o\u201d com todos os povos da terra. Confira!<\/span><\/p>\n<p class=\"MsoNormal\" style=\"text-align: justify;\">&gt;&gt;&gt;&gt;&gt;&gt;&gt;&gt;<\/p>\n<p class=\"MsoNormal\" style=\"text-align: justify;\">Como \u00e9 poss\u00edvel que um jovem defam\u00edlia pobre, oper\u00e1rio de uma pequena vila no extremo-sul da Alemanha como foiFrancisco Jordan, com dificuldades para seguir com os estudos por causa dosistema pol\u00edtico de seu pa\u00eds, tenha conseguido alcan\u00e7ar milhares de pessoas emtantos lugares do planeta j\u00e1 por mais de um s\u00e9culo e meio atrav\u00e9s de suasfunda\u00e7\u00f5es?<\/p>\n<p class=\"MsoNormal\" style=\"text-align: justify;\">A resposta est\u00e1 no modo comoviveu e deu significado \u00e0 sua vida. E nisto consiste o seu legado para n\u00f3s e omundo hoje e, certamente, para o futuro. Quero destacar, entre muitos, apenasdois aspectos fundamentais:<\/p>\n<p class=\"MsoNormal\" style=\"text-align: justify;\"><span style=\"font-size: x-large;\"><b style=\"mso-bidi-font-weight: normal;\">Viveu em di\u00e1logo constante com Deus:<\/b> <\/span>Jordan teve uma rela\u00e7\u00e3oextremamente \u00edntima e pessoal com Deus. Trabalhando, estudando, rezando,viajando&#8230; ele estava sempre conectado com a presen\u00e7a de Deus. Desde seus 27anos ele anotou suas conversas com Deus e s\u00f3 parou de anotar aos 70. Essesdi\u00e1logos foram publicados como um <i style=\"mso-bidi-font-style: normal;\">Di\u00e1rioEspiritual<\/i>. Nele lemos um caminho de duas m\u00e3os: uma \u00e9 a da experi\u00eanciainterior mais \u00edntima que uma pessoa pode haver que \u00e9 o de abrir-se com seuDeus; a outra \u00e9 a das consequ\u00eancias desta intimidade que s\u00e3o vis\u00edveis nas a\u00e7\u00f5esexteriores. <b style=\"mso-bidi-font-weight: normal;\">Disso adv\u00e9m doisensinamentos para n\u00f3s hoje:<\/b> <b style=\"mso-bidi-font-weight: normal;\">Oprimeiro<\/b>, \u00e9 que n\u00f3s tamb\u00e9m temos sede de Deus. Muitas vezes buscamossaci\u00e1-la com coisas exteriores: trabalho, estudo, consumismo, conversas,divers\u00f5es, religi\u00e3o domingueira, etc. Outras vezes, n\u00f3s nos refugiamos emespiritualidades intimistas ou seculares, que n\u00e3o nos levam \u00e0 segunda via deJordan: \u00e0s a\u00e7\u00f5es. <b style=\"mso-bidi-font-weight: normal;\">O segundo<\/b>ensinamento \u00e9 que toda rela\u00e7\u00e3o confiante e sincera com Deus resulta num chamadoa ser solid\u00e1rio com os outros. Ao derramarmos nossa alma para Deus, Ele nosresponde, fortalece, consola, cura&#8230; e tamb\u00e9m nos envia em miss\u00e3o. \u00c9 aexperi\u00eancia de Jordan que se estende \u00e0 n\u00f3s hoje.<\/p>\n<p class=\"MsoNormal\" style=\"text-align: justify;\"><b style=\"mso-bidi-font-weight: normal;\"><span style=\"font-size: x-large;\">Viveu \u201cem miss\u00e3o\u201d com todos os povos da terra:<\/span><\/b> Jordan formou eenviou muitos homens e mulheres de muitas nacionalidades a diferentes pa\u00edses,com a miss\u00e3o de instruir o povo na f\u00e9 e anunciar a salva\u00e7\u00e3o que Jesus veiotrazer, sobretudo, aos mais pobres, conforme o Evangelho de Jo\u00e3o 13,3. Elesempre animou e entusiasmou seus filhos e filhas espirituais para que dessem omelhor de si ao povo e \u00e0 Igreja. Lemos isso nas <i style=\"mso-bidi-font-style: normal;\">Regras da Sociedade<\/i> que ele fundou e em suas homilias e pequenasconfer\u00eancias que proferia por ocasi\u00e3o das reuni\u00f5es comunit\u00e1rias ou celebra\u00e7\u00f5es.<b style=\"mso-bidi-font-weight: normal;\">Desse entusiasmo e dessa paix\u00e3omission\u00e1ria de Jordan aprendemos<\/b>: <b style=\"mso-bidi-font-weight: normal;\">Primeiro<\/b>,que tudo o que recebemos \u00e9 para os outros e n\u00e3o para nossa gl\u00f3ria pessoal. Nofinal de sua vida e estando muito doente, Jordan foi internado num lar deidosos para ser mais bem atendido, e ali ele louvou a Deus dizendo: <b style=\"mso-bidi-font-weight: normal;\"><i style=\"mso-bidi-font-style: normal;\">\u201cenfim,pobre entre os pobres!\u201d.<\/i><\/b> Ali, apesar de sua condi\u00e7\u00e3o, se sentiusolid\u00e1rio. <b style=\"mso-bidi-font-weight: normal;\">Segundo<\/b>, que Jordan nuncase deixou desanimar no sofrimento. Lemos em v\u00e1rios livros sobre sua vida queele nunca perdeu a f\u00e9, n\u00e3o se desesperou, nem fez drama. Desenvolveu, sim, umaprofunda devo\u00e7\u00e3o \u00e0 Divina Provid\u00eancia e \u00e0 Maria. Quase na agonia da morte eledisse: <b style=\"mso-bidi-font-weight: normal;\"><i style=\"mso-bidi-font-style: normal;\">\u201cO bom Deus far\u00e1 com que tudo d\u00ea certo. Outros vir\u00e3o e, lembrados denossos sofrimentos, continuar\u00e3o a obra&#8230;\u201d<\/i><\/b>. O entusiasmo \u00e9 uma coisaque brota de uma fonte interior. Ou essa fonte jorra de dentro, ou o entusiasmon\u00e3o existe. <b style=\"mso-bidi-font-weight: normal;\">Terceiro<\/b>, que Jordanviveu em miss\u00e3o e enviou tantos para todos os lados do planeta porque o seuamor era por todos, a fim de que todos conhecessem a Salva\u00e7\u00e3o que Jesus veiotrazer. Hoje isso tem um grande significado, pois vivemos num mundo interativoe conectado em tempo real, mas, ao mesmo tempo, dividido, polarizado emposi\u00e7\u00f5es extremistas, sejam elas morais, raciais, pol\u00edticas e at\u00e9 religiosas.Viver o amor includente e solid\u00e1rio para com os Outros e a Cria\u00e7\u00e3o \u00e9 miss\u00e3ourgente de todo o crist\u00e3o\/\u00e3! Mas \u00e9, sobretudo, para as salvatorianas e ossalvatorianos que levam avante hoje o sonho de Jordan. <b style=\"mso-bidi-font-weight: normal;\">Um sonho para todos:<\/b> compromisso com Deus, compromisso com os irm\u00e3se irm\u00e3os de todas as periferias, sociais e existenciais, e toda Cria\u00e7\u00e3o.<\/p>\n<p class=\"MsoNormal\" style=\"text-align: justify;\">Por: Ir. Dulcelene Ceccato, SDS<\/p>\n","protected":false},"excerpt":{"rendered":"<p>\u00a0 O Centen\u00e1rio da Morte\/Ressurrei\u00e7\u00e3o de Padre Jordan, \u00e9 um tempo oportuno para refletir o legado que\u00a0\u00a0ele deixou para o mundo, bem como a import\u00e2ncia de n\u00f3s como Fam\u00edlia Salvatoriana dar continuidade aos&#8230;<\/p>\n","protected":false},"author":1,"featured_media":112,"comment_status":"open","ping_status":"open","sticky":false,"template":"","format":"standard","meta":[],"categories":[27,1],"tags":[],"_links":{"self":[{"href":"https:\/\/www.salvatorianas.org.br\/blog\/wp-json\/wp\/v2\/posts\/81"}],"collection":[{"href":"https:\/\/www.salvatorianas.org.br\/blog\/wp-json\/wp\/v2\/posts"}],"about":[{"href":"https:\/\/www.salvatorianas.org.br\/blog\/wp-json\/wp\/v2\/types\/post"}],"author":[{"embeddable":true,"href":"https:\/\/www.salvatorianas.org.br\/blog\/wp-json\/wp\/v2\/users\/1"}],"replies":[{"embeddable":true,"href":"https:\/\/www.salvatorianas.org.br\/blog\/wp-json\/wp\/v2\/comments?post=81"}],"version-history":[{"count":2,"href":"https:\/\/www.salvatorianas.org.br\/blog\/wp-json\/wp\/v2\/posts\/81\/revisions"}],"predecessor-version":[{"id":5739,"href":"https:\/\/www.salvatorianas.org.br\/blog\/wp-json\/wp\/v2\/posts\/81\/revisions\/5739"}],"wp:featuredmedia":[{"embeddable":true,"href":"https:\/\/www.salvatorianas.org.br\/blog\/wp-json\/wp\/v2\/media\/112"}],"wp:attachment":[{"href":"https:\/\/www.salvatorianas.org.br\/blog\/wp-json\/wp\/v2\/media?parent=81"}],"wp:term":[{"taxonomy":"category","embeddable":true,"href":"https:\/\/www.salvatorianas.org.br\/blog\/wp-json\/wp\/v2\/categories?post=81"},{"taxonomy":"post_tag","embeddable":true,"href":"https:\/\/www.salvatorianas.org.br\/blog\/wp-json\/wp\/v2\/tags?post=81"}],"curies":[{"name":"wp","href":"https:\/\/api.w.org\/{rel}","templated":true}]}}