{"id":8094,"date":"2018-12-18T07:02:18","date_gmt":"2018-12-18T07:02:18","guid":{"rendered":"https:\/\/www.salvatorianas.org.br\/blog\/?p=8094"},"modified":"2018-12-18T10:04:38","modified_gmt":"2018-12-18T10:04:38","slug":"esta-disponivel-em-portugues-o-documento-final-do-sinodo-sobre-a-juventude","status":"publish","type":"post","link":"https:\/\/www.salvatorianas.org.br\/blog\/esta-disponivel-em-portugues-o-documento-final-do-sinodo-sobre-a-juventude\/","title":{"rendered":"Est\u00e1 dispon\u00edvel em portugu\u00eas o documento final do S\u00ednodo sobre a juventude"},"content":{"rendered":"<p>J\u00e1 est\u00e1 dispon\u00edvel a vers\u00e3o em portugu\u00eas do Documento final do S\u00ednodo sobre a Juventude, realizado em outubro deste ano. Dividido em tr\u00eas partes, 12 cap\u00edtulos, 167 par\u00e1grafos e 60 p\u00e1ginas, o documento tem como fio condutor a passagem do Evangelho de Lucas sobre os disc\u00edpulos de Ema\u00fas. \u201cP\u00f4s-se com eles a caminho\u201d, \u201c\u2019Os seus olhos abriram-se\u2019 \u2013 Um novo Pentecostes \u201d e \u201c\u2019Voltaram imediatamente\u2019 \u2013 Uma Igreja jovem\u201d s\u00e3o os t\u00edtulos de cada uma das tr\u00eas partes do texto.<\/p>\n<p>Para o arcebispo de Bras\u00edlia (DF) e presidente da Confer\u00eancia Nacional dos Bispos do Brasil (CNBB), cardeal Sergio da Rocha, que foi o relator geral do S\u00ednodo, o texto \u00e9 \u201co resultado de um verdadeiro trabalho de equipe\u201d dos padres sinodais, juntamente com os outros participantes no S\u00ednodo e \u201cem modo particular os jovens\u201d.<\/p>\n<p>A primeira parte do documento recebeu a tradu\u00e7\u00e3o \u201cP\u00f4s-se a com eles a caminho. Nela, \u00e9 apresentado o contexto no qual os jovens est\u00e3o inseridos. Ressalta-se a Igreja em escuta, apontam-se \u201ctr\u00eas pontos cruciais\u201d e s\u00e3o abordadas quest\u00f5es como identidade e relacionamento, al\u00e9m do ser jovem hoje.<\/p>\n<p>A segunda parte, \u201cos olhos abriram-se\u201d, refor\u00e7a o papel renovador da juventude na Igreja, portadora de uma \u201cs\u00e3 inquieta\u00e7\u00e3o\u201d. Acolhimento, respeito e acompanhamento ao dinamismo dos jovens s\u00e3o indica\u00e7\u00f5es deste trecho, que aborda o dom da juventude, o mist\u00e9rio da voca\u00e7\u00e3o, a miss\u00e3o do acompanhamento e a arte de discernir.<\/p>\n<p>Por fim, em seu \u00faltimo t\u00edtulo, que foi traduzido como \u201cVoltaram imediatamente\u201d, s\u00e3o pontuadas a sinodalidade mission\u00e1ria da Igreja, a caminhada conjunta com os jovens no cotidiano, o renovado \u00edmpeto mission\u00e1rio e a forma\u00e7\u00e3o integral. \u00c9 desta parte do texto que sai o convite \u00e0s Confer\u00eancias Episcopais e \u00e0s Igrejas particulares para prosseguir no processo de discernimento com o objetivo de elaborar solu\u00e7\u00f5es pastorais espec\u00edficas \u00e0 realidade juvenil.<\/p>\n<p><a href=\"http:\/\/www.vatican.va\/roman_curia\/synod\/documents\/rc_synod_doc_20181027_doc-final-instrumentum-xvassemblea-giovani_po.html\" target=\"_blank\" rel=\"noopener\">Confira o texto divulgado pela Santa S\u00e9 aqui.\u00a0<\/a><\/p>\n<p><a href=\"http:\/\/jovensconectados.org.br\/wp-content\/uploads\/2018\/12\/Documento-Final-do-S%C3%ADnodo-dos-Bispos.pdf\" target=\"_blank\" rel=\"noopener\">Baixe a vers\u00e3o em PDF.\u00a0<\/a><\/p>\n","protected":false},"excerpt":{"rendered":"<p>J\u00e1 est\u00e1 dispon\u00edvel a vers\u00e3o em portugu\u00eas do Documento final do S\u00ednodo sobre a Juventude, realizado em outubro deste ano. Dividido em tr\u00eas partes, 12 cap\u00edtulos, 167 par\u00e1grafos e 60 p\u00e1ginas, o documento&#8230;<\/p>\n","protected":false},"author":2,"featured_media":8095,"comment_status":"open","ping_status":"open","sticky":false,"template":"","format":"standard","meta":[],"categories":[1],"tags":[36],"_links":{"self":[{"href":"https:\/\/www.salvatorianas.org.br\/blog\/wp-json\/wp\/v2\/posts\/8094"}],"collection":[{"href":"https:\/\/www.salvatorianas.org.br\/blog\/wp-json\/wp\/v2\/posts"}],"about":[{"href":"https:\/\/www.salvatorianas.org.br\/blog\/wp-json\/wp\/v2\/types\/post"}],"author":[{"embeddable":true,"href":"https:\/\/www.salvatorianas.org.br\/blog\/wp-json\/wp\/v2\/users\/2"}],"replies":[{"embeddable":true,"href":"https:\/\/www.salvatorianas.org.br\/blog\/wp-json\/wp\/v2\/comments?post=8094"}],"version-history":[{"count":3,"href":"https:\/\/www.salvatorianas.org.br\/blog\/wp-json\/wp\/v2\/posts\/8094\/revisions"}],"predecessor-version":[{"id":8098,"href":"https:\/\/www.salvatorianas.org.br\/blog\/wp-json\/wp\/v2\/posts\/8094\/revisions\/8098"}],"wp:featuredmedia":[{"embeddable":true,"href":"https:\/\/www.salvatorianas.org.br\/blog\/wp-json\/wp\/v2\/media\/8095"}],"wp:attachment":[{"href":"https:\/\/www.salvatorianas.org.br\/blog\/wp-json\/wp\/v2\/media?parent=8094"}],"wp:term":[{"taxonomy":"category","embeddable":true,"href":"https:\/\/www.salvatorianas.org.br\/blog\/wp-json\/wp\/v2\/categories?post=8094"},{"taxonomy":"post_tag","embeddable":true,"href":"https:\/\/www.salvatorianas.org.br\/blog\/wp-json\/wp\/v2\/tags?post=8094"}],"curies":[{"name":"wp","href":"https:\/\/api.w.org\/{rel}","templated":true}]}}