{"id":8067,"date":"2018-12-13T08:51:10","date_gmt":"2018-12-13T08:51:10","guid":{"rendered":"https:\/\/www.salvatorianas.org.br\/blog\/?p=8067"},"modified":"2018-12-13T13:04:47","modified_gmt":"2018-12-13T13:04:47","slug":"primeira-profissao-religiosa","status":"publish","type":"post","link":"https:\/\/www.salvatorianas.org.br\/blog\/primeira-profissao-religiosa\/","title":{"rendered":"PRIMEIRA PROFISS\u00c3O RELIGIOSA"},"content":{"rendered":"<p>Aconteceu no dia 08 de dezembro de 2018, festa da Imaculada Concei\u00e7\u00e3o, na Par\u00f3quia Nossa Senhora da Visita\u00e7\u00e3o, em Curitiba\/PR, a Primeira Profiss\u00e3o Religiosa, da Ir. Idiavina da F\u00e1tima Ernesto Baessa e Ir. Patr\u00edcia Santana de Arag\u00e3o Silva, como Irm\u00e3s do Divino Salvador, Salvatorianas.<\/p>\n<p>A Celebra\u00e7\u00e3o Eucar\u00edstica foi presidida pelo Pe. Mario Renato Bar\u00e3o Filho e concelebrada pelo Pe. Valeriano (Diocese de Pemba\/Mo\u00e7ambique), onde estiveram presentes Ir. In\u00eas Boesing (Coordenadora Provincial), Ir. Lisete Buganti (Conselheira da Forma\u00e7\u00e3o), Ir. Cl\u00e1udia Camara (Formadora do Noviciado), Irm\u00e3s, postulantes e vocacionadas salvatorianas, Seminaristas Salvatorianos, Leigas\/os salvatorianos, familiares das Irm\u00e3s neo-professas, amigos e o povo da par\u00f3quia.<\/p>\n<p>Com muita f\u00e9 e alegria as neo-professas confirmam o SIM no Seguimento de Jesus Salvador, nesta entrega livre e alegre a Deus para servir ao povo, colaborando no an\u00fancio da Boa Nova, para que Jesus Cristo seja conhecido e amado por todos.<\/p>\n<p>Como lema deste momento especial da caminhada, as Irm\u00e3s Idiavina e Patr\u00edcia escolheram: <strong>\u201cFazei tudo o que Ele vos disser\u201d<\/strong> (Jo 2, 5b). Que Maria, M\u00e3e de Jesus as conduza sempre para o Filho e, atentas aos seus ensinamentos possam fazer tudo o que Ele disser no concreto da vida.<\/p>\n<p><img decoding=\"async\" src=\"https:\/\/scontent.ffln1-1.fna.fbcdn.net\/v\/t1.0-9\/48365244_2139725289613708_8050190900929757184_o.jpg?_nc_cat=110&amp;_nc_ht=scontent.ffln1-1.fna&amp;oh=59ab55c61b3b4da2dfb9841396b63b97&amp;oe=5C90C701\" alt=\"A imagem pode conter: 3 pessoas, pessoas em p\u00c3\u00a9, casamento, flor, crian\u00c3\u00a7a e \u00c3\u00a1rea interna\" \/><\/p>\n<p><img decoding=\"async\" src=\"https:\/\/scontent.ffln1-1.fna.fbcdn.net\/v\/t1.0-9\/48056357_2139725256280378_5316096337559683072_o.jpg?_nc_cat=109&amp;_nc_ht=scontent.ffln1-1.fna&amp;oh=9f269466ce720d17494beab0d60c25b5&amp;oe=5CA22B58\" alt=\"A imagem pode conter: 1 pessoa, sentado\" \/><\/p>\n<p><img decoding=\"async\" src=\"https:\/\/scontent.ffln1-1.fna.fbcdn.net\/v\/t1.0-9\/47682076_2139725376280366_8402103800856313856_o.jpg?_nc_cat=100&amp;_nc_ht=scontent.ffln1-1.fna&amp;oh=81eb697a830202fca68933b55af8d838&amp;oe=5C8E25BD\" alt=\"A imagem pode conter: 3 pessoas, pessoas sorrindo\" \/><\/p>\n<p><img decoding=\"async\" src=\"https:\/\/scontent.ffln1-1.fna.fbcdn.net\/v\/t1.0-9\/48230461_2139725436280360_6277598816300433408_o.jpg?_nc_cat=102&amp;_nc_ht=scontent.ffln1-1.fna&amp;oh=ace68e209d25f687cc72f946b9504cdc&amp;oe=5CB0EB6B\" alt=\"A imagem pode conter: 3 pessoas, pessoas sorrindo, pessoas em p\u00c3\u00a9\" \/><\/p>\n<p><img decoding=\"async\" src=\"https:\/\/scontent.ffln1-1.fna.fbcdn.net\/v\/t1.0-9\/48372600_2139725452947025_6529891607653646336_o.jpg?_nc_cat=102&amp;_nc_ht=scontent.ffln1-1.fna&amp;oh=3262a1d6c0b8835efb28bd1ba8a5f16d&amp;oe=5C95ACB5\" alt=\"A imagem pode conter: 8 pessoas, \u00c3\u00a1rea interna\" \/><\/p>\n<p><img decoding=\"async\" src=\"https:\/\/scontent.ffln1-1.fna.fbcdn.net\/v\/t1.0-9\/48383281_2139725566280347_6357876174584020992_o.jpg?_nc_cat=105&amp;_nc_ht=scontent.ffln1-1.fna&amp;oh=76df0225c770c9e1fc776263fb05829c&amp;oe=5C9D5618\" alt=\"A imagem pode conter: 4 pessoas, pessoas em p\u00c3\u00a9 e crian\u00c3\u00a7a\" \/><\/p>\n<p><img decoding=\"async\" src=\"https:\/\/scontent.ffln1-1.fna.fbcdn.net\/v\/t1.0-9\/48356253_2139725649613672_8167507997044506624_o.jpg?_nc_cat=107&amp;_nc_ht=scontent.ffln1-1.fna&amp;oh=b90853f78201ef1dc390e0055c7b9163&amp;oe=5CA8F0EF\" alt=\"A imagem pode conter: 14 pessoas, pessoas sorrindo, pessoas em p\u00c3\u00a9 e \u00c3\u00a1rea interna\" \/><\/p>\n<p><img decoding=\"async\" src=\"https:\/\/scontent.ffln1-1.fna.fbcdn.net\/v\/t1.0-9\/48356837_2139725632947007_3176744196522377216_o.jpg?_nc_cat=104&amp;_nc_ht=scontent.ffln1-1.fna&amp;oh=d82985590f65ca893e589caefd63e323&amp;oe=5CAB131E\" alt=\"A imagem pode conter: 3 pessoas, pessoas sorrindo, pessoas em p\u00c3\u00a9 e \u00c3\u00a1rea interna\" \/><\/p>\n<p><img decoding=\"async\" src=\"https:\/\/scontent.ffln1-1.fna.fbcdn.net\/v\/t1.0-9\/48188479_2139725729613664_3077753008600121344_o.jpg?_nc_cat=107&amp;_nc_ht=scontent.ffln1-1.fna&amp;oh=d99b52c1212b67a1823eb23e3b816138&amp;oe=5C97FC1C\" alt=\"A imagem pode conter: 6 pessoas, pessoas sorrindo, pessoas em p\u00c3\u00a9 e \u00c3\u00a1rea interna\" \/><\/p>\n","protected":false},"excerpt":{"rendered":"<p>Aconteceu no dia 08 de dezembro de 2018, festa da Imaculada Concei\u00e7\u00e3o, na Par\u00f3quia Nossa Senhora da Visita\u00e7\u00e3o, em Curitiba\/PR, a Primeira Profiss\u00e3o Religiosa, da Ir. Idiavina da F\u00e1tima Ernesto Baessa e Ir&#8230;.<\/p>\n","protected":false},"author":2,"featured_media":8068,"comment_status":"open","ping_status":"open","sticky":false,"template":"","format":"standard","meta":[],"categories":[1],"tags":[38],"_links":{"self":[{"href":"https:\/\/www.salvatorianas.org.br\/blog\/wp-json\/wp\/v2\/posts\/8067"}],"collection":[{"href":"https:\/\/www.salvatorianas.org.br\/blog\/wp-json\/wp\/v2\/posts"}],"about":[{"href":"https:\/\/www.salvatorianas.org.br\/blog\/wp-json\/wp\/v2\/types\/post"}],"author":[{"embeddable":true,"href":"https:\/\/www.salvatorianas.org.br\/blog\/wp-json\/wp\/v2\/users\/2"}],"replies":[{"embeddable":true,"href":"https:\/\/www.salvatorianas.org.br\/blog\/wp-json\/wp\/v2\/comments?post=8067"}],"version-history":[{"count":4,"href":"https:\/\/www.salvatorianas.org.br\/blog\/wp-json\/wp\/v2\/posts\/8067\/revisions"}],"predecessor-version":[{"id":8073,"href":"https:\/\/www.salvatorianas.org.br\/blog\/wp-json\/wp\/v2\/posts\/8067\/revisions\/8073"}],"wp:featuredmedia":[{"embeddable":true,"href":"https:\/\/www.salvatorianas.org.br\/blog\/wp-json\/wp\/v2\/media\/8068"}],"wp:attachment":[{"href":"https:\/\/www.salvatorianas.org.br\/blog\/wp-json\/wp\/v2\/media?parent=8067"}],"wp:term":[{"taxonomy":"category","embeddable":true,"href":"https:\/\/www.salvatorianas.org.br\/blog\/wp-json\/wp\/v2\/categories?post=8067"},{"taxonomy":"post_tag","embeddable":true,"href":"https:\/\/www.salvatorianas.org.br\/blog\/wp-json\/wp\/v2\/tags?post=8067"}],"curies":[{"name":"wp","href":"https:\/\/api.w.org\/{rel}","templated":true}]}}