{"id":7966,"date":"2018-11-29T10:00:46","date_gmt":"2018-11-29T10:00:46","guid":{"rendered":"https:\/\/www.salvatorianas.org.br\/blog\/?p=7966"},"modified":"2018-11-29T12:23:33","modified_gmt":"2018-11-29T12:23:33","slug":"xxi-capitulo-geral-audiencia-com-o-papa-francisco","status":"publish","type":"post","link":"https:\/\/www.salvatorianas.org.br\/blog\/xxi-capitulo-geral-audiencia-com-o-papa-francisco\/","title":{"rendered":"XXI Cap\u00edtulo Geral &#8211; Audi\u00eancia com o Papa Francisco"},"content":{"rendered":"<p>Um profeta transparente, m\u00edstico, generoso, dispon\u00edvel e, principalmente, carism\u00e1tico. Foi o que vimos, sentimos e experimentamos na manh\u00e3 do dia 28 de novembro, na audi\u00eancia com o Papa Francisco. Momentos de muita emo\u00e7\u00e3o e de renovar o compromisso com o seu apelo de \u201csermos uma Igreja em sa\u00edda; uma congrega\u00e7\u00e3o em sa\u00edda\u201d.<\/p>\n<p><img decoding=\"async\" src=\"https:\/\/static.xx.fbcdn.net\/rsrc.php\/v3\/y4\/r\/-PAXP-deijE.gif\" alt=\"A imagem pode conter: 19 pessoas, pessoas sorrindo, pessoas em p\u00c3\u00a9 e multid\u00c3\u00a3o\" \/><img decoding=\"async\" src=\"https:\/\/scontent.ffln1-1.fna.fbcdn.net\/v\/t1.0-9\/46495867_1171651842973526_3268502109762355200_o.jpg?_nc_cat=100&amp;_nc_ht=scontent.ffln1-1.fna&amp;oh=e3f8acfe85d6c02dcc48c67cf720e47a&amp;oe=5CAB6354\" alt=\"A imagem pode conter: 19 pessoas, pessoas sorrindo, pessoas em p\u00c3\u00a9 e multid\u00c3\u00a3o\" \/><\/p>\n<p><img decoding=\"async\" src=\"https:\/\/scontent.ffln1-1.fna.fbcdn.net\/v\/t1.0-9\/47107115_1171651862973524_7069861291313070080_o.jpg?_nc_cat=110&amp;_nc_ht=scontent.ffln1-1.fna&amp;oh=234b2de4d813a99ab9fb733716fa5260&amp;oe=5C71D3C0\" alt=\"A imagem pode conter: 6 pessoas, pessoas sorrindo\" \/><\/p>\n<p><img decoding=\"async\" src=\"https:\/\/scontent.ffln1-1.fna.fbcdn.net\/v\/t1.0-9\/47130172_1171651929640184_9009824845558448128_o.jpg?_nc_cat=107&amp;_nc_ht=scontent.ffln1-1.fna&amp;oh=4cf3c78ab95599503907a29f3f77cfef&amp;oe=5C6BE711\" alt=\"A imagem pode conter: 24 pessoas, pessoas sorrindo, pessoas sentadas e multid\u00c3\u00a3o\" \/><\/p>\n<p><img decoding=\"async\" src=\"https:\/\/scontent.ffln1-1.fna.fbcdn.net\/v\/t1.0-9\/47163997_1171651979640179_8266227150328168448_o.jpg?_nc_cat=100&amp;_nc_ht=scontent.ffln1-1.fna&amp;oh=190fe23ff4ee906a8424d1115450cabb&amp;oe=5C6829BE\" alt=\"A imagem pode conter: 12 pessoas, pessoas sorrindo, multid\u00c3\u00a3o\" \/><\/p>\n<p><img decoding=\"async\" src=\"https:\/\/scontent.ffln1-1.fna.fbcdn.net\/v\/t1.0-9\/47170925_1171652002973510_7724977390320877568_o.jpg?_nc_cat=106&amp;_nc_ht=scontent.ffln1-1.fna&amp;oh=84d84500283ef799932de611032ea48a&amp;oe=5C742B1B\" alt=\"A imagem pode conter: 6 pessoas, pessoas sorrindo\" \/><\/p>\n<p><img decoding=\"async\" src=\"https:\/\/scontent.ffln1-1.fna.fbcdn.net\/v\/t1.0-9\/47350851_1171652022973508_3386866168580014080_o.jpg?_nc_cat=101&amp;_nc_ht=scontent.ffln1-1.fna&amp;oh=bf2b9c7d5495410482afbd016e0fd147&amp;oe=5C7452FD\" alt=\"A imagem pode conter: 13 pessoas, pessoas sorrindo, multid\u00c3\u00a3o\" \/><\/p>\n<p><img decoding=\"async\" src=\"https:\/\/scontent.ffln1-1.fna.fbcdn.net\/v\/t1.0-9\/47244707_1171652392973471_513284141316308992_o.jpg?_nc_cat=101&amp;_nc_ht=scontent.ffln1-1.fna&amp;oh=775230e560a2eeb7bd874bd316f1452f&amp;oe=5CA60E66\" alt=\"A imagem pode conter: 18 pessoas, pessoas sorrindo, multid\u00c3\u00a3o e \u00c3\u00a1rea interna\" \/><\/p>\n<p>&nbsp;<\/p>\n<hr \/>\n<p style=\"text-align: center;\"><strong>Papa na Audi\u00eancia Geral: Dec\u00e1logo \u00e9 a &#8220;radiografia&#8221; de Cristo<\/strong><\/p>\n<p><img decoding=\"async\" src=\"https:\/\/scontent.ffln1-1.fna.fbcdn.net\/v\/t1.0-9\/47037693_1171652402973470_8176391913557983232_o.jpg?_nc_cat=108&amp;_nc_ht=scontent.ffln1-1.fna&amp;oh=b58489e60b3519eea7e02600b5effb48&amp;oe=5C6F8758\" alt=\"A imagem pode conter: uma ou mais pessoas\" \/><\/p>\n<p>O Papa Francisco concluiu a s\u00e9rie de catequeses sobre os Mandamentos iniciada na Audi\u00eancia Geral de 23 de junho, usando o tema-chave dos \u201cdesejos\u201d, que permite repassar o caminho feito e reassumir as etapas percorridas lendo o texto do Dec\u00e1logo \u201c\u00e0 luz da plena revela\u00e7\u00e3o em Cristo\u201d. Devido ao frio, o tradicional encontro das quartas-feiras foi realizado na Sala Paulo VI.<\/p>\n<p>Falando aos 7 mil presentes, Francisco recordou que \u201cpartimos da gratid\u00e3o como base da rela\u00e7\u00e3o de confian\u00e7a e de obedi\u00eancia: Deus n\u00e3o pede nada antes de ter dado muito. \u201cEle nos convida \u00e0 obedi\u00eancia para nos resgatar das idolatrias que tanto poder t\u00eam sobre n\u00f3s\u201d, pois nos esvaziam e nos escravizam, enquanto que, aquilo \u201cque nos d\u00e1 estatura e consist\u00eancia \u00e9 a rela\u00e7\u00e3o com Ele, que em Cristo nos torna filhos a partir de sua paternidade\u201d.<\/p>\n<p><strong>Chamado \u00e0 beleza da fidelidade, generosidade e autenticidade<\/strong><\/p>\n<p><strong>\u00a0<\/strong>\u201cIsto \u2013 observou \u2013 implica um processo de b\u00ean\u00e7\u00e3o e de liberta\u00e7\u00e3o, que s\u00e3o o repouso aut\u00eantico\u201d:<em>\u201cEsta vida libertada torna-se a aceita\u00e7\u00e3o da nossa hist\u00f3ria pessoal e nos reconcilia com aquilo que vivemos da inf\u00e2ncia ao presente, fazendo-nos adultos e capazes de dar a justa medida \u00e0s realidades e \u00e0s pessoas de nossa vida. Por este caminho entramos na rela\u00e7\u00e3o com o pr\u00f3ximo que, a partir do amor que Deus mostra em Jesus Cristo, \u00e9 um chamado \u00e0 beleza da fidelidade, da generosidade e da autenticidade\u201d.<\/em><\/p>\n<p><strong>Cora\u00e7\u00e3o novo<\/strong><\/p>\n<p>Para isto, temos necessidade de \u201cum cora\u00e7\u00e3o novo\u201d, que se realiza pelo \u201cdom de desejos novos\u201d, que s\u00e3o \u201csemeados em n\u00f3s pela gra\u00e7a de Deus, em particular pelos Dez Mandamentos levados ao seu termo por Jesus\u201d, como ensinou no Serm\u00e3o da Montanha.<\/p>\n<p>\u201cNa contempla\u00e7\u00e3o da vida descrita no Dec\u00e1logo \u2013 uma exist\u00eancia agradecida, livre, aut\u00eantica, que aben\u00e7oa,\u00a0 cust\u00f3dia e amante da vida, fiel, generosa e sincera &#8211; n\u00f3s, quase sem perceber, nos encontramos diante de Cristo\u201d.<\/p>\n<p><strong>Dec\u00e1logo, \u201cradiografia\u201d de Cristo<\/strong><\/p>\n<p>O Dec\u00e1logo \u2013 disse o Pont\u00edfice \u2013 \u201c\u00e9 a sua \u201cradiografia\u201d, o descreve como um negativo fotogr\u00e1fico que deixa aparecer a sua face \u2013 como no Santo Sud\u00e1rio\u201d.<\/p>\n<p>Desta forma, \u201co Esp\u00edrito Santo fecunda o nosso cora\u00e7\u00e3o, colocando nele os desejos que s\u00e3o um dom seu, os desejos do Esp\u00edrito. Os desejos do Esp\u00edrito, desejar segundo o Esp\u00edrito. Desejar no ritmo do Esp\u00edrito, desejar com a m\u00fasica do Esp\u00edrito&#8221;. \u201cE o Esp\u00edrito gera uma vida que, seguindo esses desejos, suscita em n\u00f3s a esperan\u00e7a, a f\u00e9 e o amor\u201d.<\/p>\n<p><strong>Com o Esp\u00edrito, a lei torna-se vida<\/strong><\/p>\n<p>Assim, \u00e9 poss\u00edvel descobrir o que significa que \u201co Senhor Jesus n\u00e3o veio para abolir a lei\u201d, mas lev\u00e1-la ao seu cumprimento, para faz\u00ea-la crescer.&#8221;<\/p>\n<p>Se a lei segundo a carne era uma s\u00e9rie de prescri\u00e7\u00f5es e de proibi\u00e7\u00f5es, &#8220;segundo o Esp\u00edrito, a lei torna-se vida, \u201cporque n\u00e3o \u00e9 mais uma norma, mas a pr\u00f3pria carne de Cristo, que nos ama, nos procura, nos perdoa, nos consola e no seu Corpo recomp\u00f5e a comunh\u00e3o com o Pai, perdida pela desobedi\u00eancia do pecado\u201d:<\/p>\n<p>&#8220;<em>E assim (&#8230;), a negatividade na express\u00e3o do Mandamento: &#8220;n\u00e3o roubar, n\u00e3o insultar, n\u00e3o matar&#8221;, aquele &#8220;n\u00e3o&#8221;, transforma-se em uma atitude positiva: amar, dar lugar aos outros no meu cora\u00e7\u00e3o, desejos que semeiam positividade. E esta \u00e9 a plenitude da lei que Jesus veio nos traze<\/em>r&#8221;.<\/p>\n<p>Somente em Cristo \u2013 explicou o Papa \u2013 o Dec\u00e1logo deixa de ser condena\u00e7\u00e3o, tornando-se \u201ca aut\u00eantica verdade da vida humana, isto \u00e9, desejo de amor. Aqui nasce um desejo de bem, de fazer o bem, desejo de alegria, de paz, de magnanimidade, benevol\u00eancia, bondade, fidelidade, brandura, dom\u00ednio de si. Daquele &#8220;n\u00e3o&#8221; passa-se a este &#8220;sim&#8221;. Atitude positiva de um cora\u00e7\u00e3o que se abre com a for\u00e7a do Esp\u00edrito Santo&#8221;.<\/p>\n<p><strong>Abrir a porta \u00e0 salva\u00e7\u00e3o<\/strong><\/p>\n<p>\u201cQuando o homem segue o desejo de viver segundo Cristo, ent\u00e3o est\u00e1 abrindo a porta \u00e0 salva\u00e7\u00e3o (&#8230;). Deus Pai \u00e9 generoso, tem sede que n\u00f3s tenhamos sede dele\u201d.<\/p>\n<p>Em contraposi\u00e7\u00e3o aos maus desejos que arru\u00ednam o homem, \u201co Esp\u00edrito coloca em nosso cora\u00e7\u00e3o os seus santos desejos, que s\u00e3o o germe da vida nova\u201d.<\/p>\n<p>A vida nova \u2013 disse o Papa \u2013 \u201cn\u00e3o \u00e9 um tit\u00e2nico esfor\u00e7o para sermos coerentes com uma norma, mas o pr\u00f3prio Esp\u00edrito de Deus que come\u00e7a a nos guiar at\u00e9 os seus frutos, em uma feliz sinergia entre a nossa alegria de ser amados e a sua alegria de amar-nos. Encontram-se as duas alegrias.&#8221;<\/p>\n<p>\u201cContemplar Cristo para abrir-nos a receber o seu cora\u00e7\u00e3o, os seus desejos, o seu Santo Esp\u00edrito\u201d, eis o que \u00e9 o Dec\u00e1logo para n\u00f3s crist\u00e3os, disse o Santo Padre ao concluir.<\/p>\n<p>Fonte: Vatican News<\/p>\n","protected":false},"excerpt":{"rendered":"<p>Um profeta transparente, m\u00edstico, generoso, dispon\u00edvel e, principalmente, carism\u00e1tico. Foi o que vimos, sentimos e experimentamos na manh\u00e3 do dia 28 de novembro, na audi\u00eancia com o Papa Francisco. Momentos de muita emo\u00e7\u00e3o&#8230;<\/p>\n","protected":false},"author":2,"featured_media":7967,"comment_status":"open","ping_status":"open","sticky":false,"template":"","format":"standard","meta":[],"categories":[1],"tags":[37],"_links":{"self":[{"href":"https:\/\/www.salvatorianas.org.br\/blog\/wp-json\/wp\/v2\/posts\/7966"}],"collection":[{"href":"https:\/\/www.salvatorianas.org.br\/blog\/wp-json\/wp\/v2\/posts"}],"about":[{"href":"https:\/\/www.salvatorianas.org.br\/blog\/wp-json\/wp\/v2\/types\/post"}],"author":[{"embeddable":true,"href":"https:\/\/www.salvatorianas.org.br\/blog\/wp-json\/wp\/v2\/users\/2"}],"replies":[{"embeddable":true,"href":"https:\/\/www.salvatorianas.org.br\/blog\/wp-json\/wp\/v2\/comments?post=7966"}],"version-history":[{"count":1,"href":"https:\/\/www.salvatorianas.org.br\/blog\/wp-json\/wp\/v2\/posts\/7966\/revisions"}],"predecessor-version":[{"id":7968,"href":"https:\/\/www.salvatorianas.org.br\/blog\/wp-json\/wp\/v2\/posts\/7966\/revisions\/7968"}],"wp:featuredmedia":[{"embeddable":true,"href":"https:\/\/www.salvatorianas.org.br\/blog\/wp-json\/wp\/v2\/media\/7967"}],"wp:attachment":[{"href":"https:\/\/www.salvatorianas.org.br\/blog\/wp-json\/wp\/v2\/media?parent=7966"}],"wp:term":[{"taxonomy":"category","embeddable":true,"href":"https:\/\/www.salvatorianas.org.br\/blog\/wp-json\/wp\/v2\/categories?post=7966"},{"taxonomy":"post_tag","embeddable":true,"href":"https:\/\/www.salvatorianas.org.br\/blog\/wp-json\/wp\/v2\/tags?post=7966"}],"curies":[{"name":"wp","href":"https:\/\/api.w.org\/{rel}","templated":true}]}}