{"id":796,"date":"2016-09-15T00:00:00","date_gmt":"2016-09-15T00:00:00","guid":{"rendered":"https:\/\/www.salvatorianas.org.br\/blog\/papa-no-mundo-orfao-maria-e-mae-que-acompanha-e-defende\/"},"modified":"2016-09-15T00:00:00","modified_gmt":"2016-09-15T00:00:00","slug":"papa-no-mundo-orfao-maria-e-mae-que-acompanha-e-defende","status":"publish","type":"post","link":"https:\/\/www.salvatorianas.org.br\/blog\/papa-no-mundo-orfao-maria-e-mae-que-acompanha-e-defende\/","title":{"rendered":"Papa: no mundo &#8220;\u00f3rf\u00e3o&#8221;, Maria \u00e9 m\u00e3e que acompanha e defende"},"content":{"rendered":"<p class=\"MsoNormal\" style=\"text-align:justify\">&#8220;Neste mundo que sofre acrise da grande orfandade, n&oacute;s temos uma M&atilde;e que nos acompanha e nosdefende&#8221;: foi o que afirmou o Papa na missa da manh&atilde;, presidida na CasaSanta Marta, no dia em que a Igreja celebra a mem&oacute;ria de Nossa Senhora dasDores.<\/p>\n<p class=\"MsoNormal\" style=\"text-align:justify\">O Evangelho do dia (15\/09) prop&otilde;euma cena no Calv&aacute;rio. Todos os disc&iacute;pulos fugiram, com a exce&ccedil;&atilde;o de Jo&atilde;o ealgumas mulheres. Aos p&eacute;s da Cruz, ficou Maria, a M&atilde;e de Jesus.<\/p>\n<p class=\"MsoNormal\" style=\"text-align:justify\">&ldquo;Todos olhavam para ela. &lsquo;Aquela&eacute; a m&atilde;e do delinquente; aquela &eacute; a m&atilde;e deste subversivo!&rsquo;, diziam.<\/p>\n<p class=\"MsoNormal\" style=\"text-align:justify\">&#8220;Maria ouvia tudo e sofriauma humilha&ccedil;&atilde;o terr&iacute;vel. Ouvia tamb&eacute;m os &lsquo;grandes&rsquo;, alguns sacerdotes que elarespeitava por serem sacerdotes. &lsquo;Mas tu, que &eacute;s t&atilde;o bom, des&ccedil;a!&rsquo;. Com seuFilho, nu, ali. Maria tinha um sofrimento t&atilde;o grande, mas n&atilde;o foi embora; n&atilde;orenegou seu Filho! Era a sua carne&rdquo;.<\/p>\n<p class=\"MsoNormal\" style=\"text-align:justify\">O Papa Francesco recordou quandovisitava os detentos nos c&aacute;rceres, em Buenos Aires, e via sempre em fila asmulheres que aguardavam para entrar:<\/p>\n<p class=\"MsoNormal\" style=\"text-align:justify\"><b>&ldquo;Eram m&atilde;es, mas n&atilde;o se envergonhavam. A carne delas estava l&aacute; dentro.Estas mulheres sofriam n&atilde;o s&oacute; com a vergonha de estar ali. &lsquo;Olha aquela!&#8230; oque ser&aacute; que seu filho fez?&rsquo;, mas tamb&eacute;m sofriam com a humilhante revista quelhes faziam antes de entrar. Mas eram m&atilde;es e iam visitar a pr&oacute;pria carne. AssimMaria estava ali com seu Filho, com aquele sofrimento t&atilde;o grande&rdquo;.<\/b><\/p>\n<p class=\"MsoNormal\" style=\"text-align:justify\">Jesus &ndash; afirmou o Papa &ndash; prometeun&atilde;o nos deixar &oacute;rf&atilde;os, e na Cruz nos doou a sua M&atilde;e como nossa M&atilde;e: <\/p>\n<p class=\"MsoNormal\" style=\"text-align:justify\"><b>&ldquo;N&oacute;s, crist&atilde;os, temos uma M&atilde;e, a mesma de Jesus; temos um Pai, o mesmode Jesus. N&atilde;o somos &oacute;rf&atilde;os! E Ela nos d&aacute; &agrave; luz naquele momento com tanta dor: &eacute;realmente um mart&iacute;rio. Com o cora&ccedil;&atilde;o traspassado, aceita dar &agrave; luz a todosnaquele momento de dor. E a partir daquele momento, Ela se torna a nossa M&atilde;e, apartir daquele momento Ela &eacute; nossa M&atilde;e, aquela que cuida de n&oacute;s e n&atilde;o temvergonha de n&oacute;s, nos defende&rdquo;.<\/b><\/p>\n<p class=\"MsoNormal\" style=\"text-align:justify\"><b><br \/><\/b><\/p>\n<p class=\"MsoNormal\" style=\"text-align:justify\">Os m&iacute;sticos russos dos primeiross&eacute;culos &ndash; recordou o Papa Francisco &ndash;, aconselhavam a se refugiar sob o mantoda M&atilde;e de Deus no momento das turbul&ecirc;ncias espirituais: &#8220;Ali o diabo n&atilde;opode entrar. Porque Ela &eacute; M&atilde;e e como M&atilde;e defende. Em seguida, o Ocidenteacolheu este conselho e fez a primeira ant&iacute;fona mariana &#8216;Sub tuum&#8217; praedisum -&#8216;! Sob o seu manto, sob a sua cust&oacute;dia, oh M&atilde;e&#8217;. Ali, estamos seguros&rdquo;.<\/p>\n<p class=\"MsoNormal\" style=\"text-align:justify\">&ldquo;Em um mundo que podemos chamar&ldquo;&oacute;rf&atilde;o&rdquo; &#8211; concluiu o Papa &#8211; neste mundo que sofre com a crise de uma grandeorfandade, talvez a nossa ajuda &eacute; dizer &ldquo;Olhe para sua m&atilde;e!&rdquo;. N&oacute;s temos uma quenos defende, nos ensina, nos acompanha; que n&atilde;o tem vergonha dos nossospecados. N&atilde;o se envergonha, porque Ela &eacute; m&atilde;e. Que o Esp&iacute;rito Santo, este amigo,este companheiro de viagem, este Par&aacute;clito advogado que o Senhor nos enviou,nos fa&ccedil;a compreender este mist&eacute;rio t&atilde;o grande da maternidade de Maria&rdquo;.&nbsp;<\/p>\n<p style=\"text-align: center; margin: 0px; padding: 20px 0px; border: 0px; font-style: inherit; font-variant: inherit; font-weight: inherit; font-stretch: inherit; font-size: 16px; line-height: 24px; font-family: inherit; vertical-align: baseline; color: rgb(68, 68, 68);\"><iframe loading=\"lazy\" allowfullscreen=\"\" frameborder=\"0\" height=\"360\" src=\"http:\/\/www.youtube.com\/embed\/YQyaoXKuwbM?rel=0\" width=\"640\" style=\"margin: 0px; padding: 0px; border: 0px; font-style: inherit; font-variant: inherit; font-weight: inherit; font-stretch: inherit; font-size: inherit; line-height: inherit; font-family: inherit; vertical-align: baseline;\"><\/iframe><\/p>\n<p style=\"text-align: center; margin: 0px; padding: 20px 0px; border: 0px; font-style: inherit; font-variant: inherit; font-weight: inherit; font-stretch: inherit; font-size: 16px; line-height: 24px; font-family: inherit; vertical-align: baseline; color: rgb(68, 68, 68);\"><\/p>\n<p style=\"text-align: center; margin: 0px; padding: 20px 0px; border: 0px; font-style: inherit; font-variant: inherit; font-weight: inherit; font-stretch: inherit; font-size: 16px; line-height: 24px; font-family: inherit; vertical-align: baseline; color: rgb(68, 68, 68);\"><\/p>\n<p style=\"text-align: center; margin: 0px; padding: 20px 0px; border: 0px; font-style: inherit; font-variant: inherit; font-weight: inherit; font-stretch: inherit; font-size: 16px; line-height: 24px; font-family: inherit; vertical-align: baseline; color: rgb(68, 68, 68);\"><\/p>\n<p class=\"MsoNormal\" style=\"text-align:justify\"><span id=\"testo-articolo\" itemprop=\"articleBody\" tabindex=\"0\" style=\"margin: 0px; padding: 0px; border: 0px; font-variant-numeric: inherit; font-stretch: inherit; line-height: 16px; font-family: Verdana, Geneva, sans-serif; vertical-align: baseline; text-align: start; background-color: rgb(255, 255, 255);\"><\/span><span style=\"font-family: Verdana, Geneva, sans-serif; line-height: 16px; text-align: start; background-color: rgb(255, 255, 255);\"><\/span><\/p>\n<ul class=\"tag-foglia\" style=\"margin: 0px; padding: 15px 0px 20px; border: 0px; font-variant-numeric: inherit; font-stretch: inherit; line-height: 16px; font-family: Verdana, Geneva, sans-serif; vertical-align: baseline; list-style: none; height: 20px; text-align: center; width: 630px; background-color: rgb(255, 255, 255);\"><\/ul>\n","protected":false},"excerpt":{"rendered":"<p>&#8220;Neste mundo que sofre acrise da grande orfandade, n&oacute;s temos uma M&atilde;e que nos acompanha e nosdefende&#8221;: foi o que afirmou o Papa na missa da manh&atilde;, presidida na CasaSanta Marta, no dia&#8230;<\/p>\n","protected":false},"author":1,"featured_media":1004,"comment_status":"open","ping_status":"open","sticky":false,"template":"","format":"standard","meta":[],"categories":[1],"tags":[],"_links":{"self":[{"href":"https:\/\/www.salvatorianas.org.br\/blog\/wp-json\/wp\/v2\/posts\/796"}],"collection":[{"href":"https:\/\/www.salvatorianas.org.br\/blog\/wp-json\/wp\/v2\/posts"}],"about":[{"href":"https:\/\/www.salvatorianas.org.br\/blog\/wp-json\/wp\/v2\/types\/post"}],"author":[{"embeddable":true,"href":"https:\/\/www.salvatorianas.org.br\/blog\/wp-json\/wp\/v2\/users\/1"}],"replies":[{"embeddable":true,"href":"https:\/\/www.salvatorianas.org.br\/blog\/wp-json\/wp\/v2\/comments?post=796"}],"version-history":[{"count":0,"href":"https:\/\/www.salvatorianas.org.br\/blog\/wp-json\/wp\/v2\/posts\/796\/revisions"}],"wp:featuredmedia":[{"embeddable":true,"href":"https:\/\/www.salvatorianas.org.br\/blog\/wp-json\/wp\/v2\/media\/1004"}],"wp:attachment":[{"href":"https:\/\/www.salvatorianas.org.br\/blog\/wp-json\/wp\/v2\/media?parent=796"}],"wp:term":[{"taxonomy":"category","embeddable":true,"href":"https:\/\/www.salvatorianas.org.br\/blog\/wp-json\/wp\/v2\/categories?post=796"},{"taxonomy":"post_tag","embeddable":true,"href":"https:\/\/www.salvatorianas.org.br\/blog\/wp-json\/wp\/v2\/tags?post=796"}],"curies":[{"name":"wp","href":"https:\/\/api.w.org\/{rel}","templated":true}]}}