{"id":789,"date":"2016-09-20T00:00:00","date_gmt":"2016-09-20T00:00:00","guid":{"rendered":"https:\/\/www.salvatorianas.org.br\/blog\/pontificias-obras-missionarias-apresentam-a-campanha-missionaria-2016\/"},"modified":"2016-09-20T00:00:00","modified_gmt":"2016-09-20T00:00:00","slug":"pontificias-obras-missionarias-apresentam-a-campanha-missionaria-2016","status":"publish","type":"post","link":"https:\/\/www.salvatorianas.org.br\/blog\/pontificias-obras-missionarias-apresentam-a-campanha-missionaria-2016\/","title":{"rendered":"Pontif\u00edcias Obras Mission\u00e1rias apresentam a Campanha Mission\u00e1ria 2016"},"content":{"rendered":"<p class=\"MsoNormal\" style=\"text-align:justify\">Na sede das Pontif&iacute;cias ObrasMission&aacute;rias (POM), em Bras&iacute;lia, nesta segunda-feira, 19 de setembro, foiapresentada para a Imprensa a Campanha Mission&aacute;ria de 2016. Com a presen&ccedil;a dobispo auxiliar de S&atilde;o Lu&iacute;s (MA) e presidente da Comiss&atilde;o Episcopal Pastoralpara a A&ccedil;&atilde;o Mission&aacute;ria e Coopera&ccedil;&atilde;o Eclesial, dom Esmeraldo Barreto, dodiretor nacional das POM, padre Maur&iacute;cio da Silva Jardim e do secret&aacute;rioexecutivo do Conselho Indigenista Mission&aacute;rio (CIMI), Cleber Buzatto, acampanha foi apresentada com o tema &ldquo;Cuidar da Casa Comum &eacute; a nossa miss&atilde;o&rdquo;. Asreflex&otilde;es feitas na entrevista coletiva ligaram o tema da Campanha com aEnc&iacute;clica Laudato Si e com o tema da Campanha da Fraternidade deste ano quetratou do Saneamento B&aacute;sico.<\/p>\n<p class=\"MsoNormal\" style=\"text-align:justify\">&ldquo;O Papa Francisco mostrou-nos aassocia&ccedil;&atilde;o &iacute;ntima que existe entre a vida dos pobres e as fragilidades doPlaneta&rdquo;, disse dom Esmeraldo. Ele considera que a Campanha Mission&aacute;ria queoferece material espec&iacute;fico para as comunidades refletirem sobre o tema tem acomo objetivo chamar a aten&ccedil;&atilde;o a respeito do compromisso de todos &ndash;especialmente dos crist&atilde;os &ndash; para o cuidado em rela&ccedil;&atilde;o ao Planeta, &agrave; &ldquo; CasaComum&rdquo;. &ldquo;&Eacute; preciso considerar o sentido humano da Ecologia&rdquo; e &ldquo;buscar um novoestilo de vida que olhe a integra&ccedil;&atilde;o de tudo&rdquo;, concluiu dom Esmeraldo.<\/p>\n<p class=\"MsoNormal\" style=\"text-align:justify\">Cleber Buzatto sublinhou oexemplo dos povos origin&aacute;rios no cuidado com a Natureza. Ele lembrou que 305povos ind&iacute;genas falando 274 l&iacute;nguas diferentes t&ecirc;m uma matriz semelhante nocuidado com a Natureza marcado pelo respeito e a reciprocidade&rdquo;. Uma l&oacute;gica quecontradiz a pr&aacute;tica da sociedade hegem&ocirc;nica no Brasil que lida com a Naturezapor meio da posse e da explora&ccedil;&atilde;o at&eacute; a exaust&atilde;o. Ele ainda disse que o CIMIdeseja que a Campanha Mission&aacute;ria seja uma oportunidade para todos refletirem,debaterem e rezarem sob a inspira&ccedil;&atilde;o das palavras do papa Francisco ao pedirmaior &ecirc;nfase na cultura da proximidade e do encontro.<\/p>\n<p class=\"MsoNormal\" style=\"text-align:justify\">Ao destacar o tema da Campanha,padre Maur&iacute;cio Jardim, recordou que o Papa Le&atilde;o XIII, no final do s&eacute;culo XIX j&aacute;resumiu que a miss&atilde;o se faz com os joelhos que rezam, com as m&atilde;os que partilhame com os p&eacute;s que levam ao caminho para lugares distantes. &ldquo;Tudo est&aacute;interligado&rdquo;, disse o diretor das POM. &ldquo;Pode-se cooperar com a CampanhaMission&aacute;ria, portanto, por meio da comunh&atilde;o espiritual, a ora&ccedil;&atilde;o; da comunh&atilde;omaterial, a partilha de recursos participando da coleta nacional mission&aacute;ria nodia 23 de outubro e a disposi&ccedil;&atilde;o para a miss&atilde;o ad gentes, por meio daqueles quepodem ir ser mission&aacute;rios em outros povos&rdquo;, comentou padre Mauricio.<\/p>\n<p class=\"MsoNormal\" style=\"text-align:justify\">Foram apresentados pelo diretordas POM os materiais da Campanha Mission&aacute;ria que foram distribu&iacute;dos para as 276dioceses e prelazias do Brasil: cartazes com o tema e lema da Campanha, 220 millivrinhos e 22 mil DVDs da Novena Mission&aacute;ria, Mensagem do papa Francisco parao Dia Mundial das Miss&otilde;es (22 de outubro), ora&ccedil;&atilde;o dos fi&eacute;is para o quartodomingo de outubro; envelopes para a coleta nacional e seis vers&otilde;es demarcadores de p&aacute;gina.<\/p>\n<p class=\"MsoNormal\" style=\"text-align:justify\">Mais informa&ccedil;&otilde;es: <a href=\"http:\/\/www.pom.org.br\/\">www.pom.org.br<\/a><\/p>\n","protected":false},"excerpt":{"rendered":"<p>Na sede das Pontif&iacute;cias ObrasMission&aacute;rias (POM), em Bras&iacute;lia, nesta segunda-feira, 19 de setembro, foiapresentada para a Imprensa a Campanha Mission&aacute;ria de 2016. Com a presen&ccedil;a dobispo auxiliar de S&atilde;o Lu&iacute;s (MA) e presidente&#8230;<\/p>\n","protected":false},"author":1,"featured_media":1000,"comment_status":"open","ping_status":"open","sticky":false,"template":"","format":"standard","meta":[],"categories":[1],"tags":[],"_links":{"self":[{"href":"https:\/\/www.salvatorianas.org.br\/blog\/wp-json\/wp\/v2\/posts\/789"}],"collection":[{"href":"https:\/\/www.salvatorianas.org.br\/blog\/wp-json\/wp\/v2\/posts"}],"about":[{"href":"https:\/\/www.salvatorianas.org.br\/blog\/wp-json\/wp\/v2\/types\/post"}],"author":[{"embeddable":true,"href":"https:\/\/www.salvatorianas.org.br\/blog\/wp-json\/wp\/v2\/users\/1"}],"replies":[{"embeddable":true,"href":"https:\/\/www.salvatorianas.org.br\/blog\/wp-json\/wp\/v2\/comments?post=789"}],"version-history":[{"count":0,"href":"https:\/\/www.salvatorianas.org.br\/blog\/wp-json\/wp\/v2\/posts\/789\/revisions"}],"wp:featuredmedia":[{"embeddable":true,"href":"https:\/\/www.salvatorianas.org.br\/blog\/wp-json\/wp\/v2\/media\/1000"}],"wp:attachment":[{"href":"https:\/\/www.salvatorianas.org.br\/blog\/wp-json\/wp\/v2\/media?parent=789"}],"wp:term":[{"taxonomy":"category","embeddable":true,"href":"https:\/\/www.salvatorianas.org.br\/blog\/wp-json\/wp\/v2\/categories?post=789"},{"taxonomy":"post_tag","embeddable":true,"href":"https:\/\/www.salvatorianas.org.br\/blog\/wp-json\/wp\/v2\/tags?post=789"}],"curies":[{"name":"wp","href":"https:\/\/api.w.org\/{rel}","templated":true}]}}