{"id":783,"date":"2016-09-22T00:00:00","date_gmt":"2016-09-22T00:00:00","guid":{"rendered":"https:\/\/www.salvatorianas.org.br\/blog\/o-aborto-e-a-violacao-do-direito-a-vida-do-nascituro-afirma-dom-cipollini\/"},"modified":"2016-09-22T00:00:00","modified_gmt":"2016-09-22T00:00:00","slug":"o-aborto-e-a-violacao-do-direito-a-vida-do-nascituro-afirma-dom-cipollini","status":"publish","type":"post","link":"https:\/\/www.salvatorianas.org.br\/blog\/o-aborto-e-a-violacao-do-direito-a-vida-do-nascituro-afirma-dom-cipollini\/","title":{"rendered":"&#8220;O aborto \u00e9 a viola\u00e7\u00e3o do direito \u00e0 vida do nascituro&#8221;, afirma dom Cipollini"},"content":{"rendered":"<p class=\"MsoNormal\" style=\"text-align:justify\">[imagem2]<\/p>\n<p class=\"MsoNormal\" style=\"text-align:justify\">O debate acerca da legaliza&ccedil;&atilde;o doaborto voltou &agrave; tona nas &uacute;ltimas semanas por conta de uma enquete do portale-Cidadania do Senado Federal a respeito de uma sugest&atilde;o para regular ainterrup&ccedil;&atilde;o volunt&aacute;ria da gravidez, dentro das doze primeiras semanas degesta&ccedil;&atilde;o, pelo Sistema &Uacute;nico de Sa&uacute;de (SUS). O bispo de Santo Andr&eacute; (SP) epresidente da Comiss&atilde;o Episcopal Pastoral para a Doutrina da F&eacute; da Confer&ecirc;nciaNacional dos Bispos do Brasil (CNBB), dom Pedro Carlos Cipollini, escreveu umartigo, que foi publicado no site da entidade, com a orienta&ccedil;&atilde;o da Igreja aoscat&oacute;licos.<\/p>\n<p class=\"MsoNormal\" style=\"text-align:justify\">&ldquo;A orienta&ccedil;&atilde;o da Igreja &eacute; a favorda vida. H&aacute; valores que n&atilde;o se podem desprezar sob pena de se pagar um pre&ccedil;oalto&rdquo;, afirmou o bispo, que lembrou o mandamento de n&atilde;o matar. &ldquo;Se a vontade dopovo, o capricho de alguns, o interesse de poucos, constitu&iacute;sse o direito,poder&iacute;amos ent&atilde;o criar o direito ao roubo, latroc&iacute;nio, etc. Aqui &eacute; precisoconsiderar que a luz de milh&otilde;es de velas n&atilde;o corresponde &agrave; luz de um &uacute;nicosol&rdquo;, refletiu.<\/p>\n<p class=\"MsoNormal\" style=\"text-align:justify\">A proposta apresentada no portallegislativo que permite a apresenta&ccedil;&atilde;o de ideias e a vota&ccedil;&atilde;o sobre as mat&eacute;riaspor parte dos internautas j&aacute; alcan&ccedil;ou mais de 358 mil votos desde setembro de2014, quando foi aberta. At&eacute; o fim daquele ano, quando a sugest&atilde;o foiencaminhada para a Comiss&atilde;o de Direitos Humanos e Legisla&ccedil;&atilde;o Participativa doSenado e come&ccedil;ou a tramitar, foram contabilizados pouco mais de 20 mil votos.<\/p>\n<p class=\"MsoNormal\" style=\"text-align:justify\">&nbsp;<\/p>\n<p class=\"MsoNormal\" style=\"text-align:justify\">Dom Cipollini afirma que o realobjetivo da proposta &eacute; legalizar o aborto, mas que isso n&atilde;o &eacute; poss&iacute;vel. &ldquo;Odireito &agrave; vida &eacute; uma cl&aacute;usula p&eacute;trea da constitui&ccedil;&atilde;o (Art. 5). O aborto &eacute; aviola&ccedil;&atilde;o do direito &agrave; vida do nascituro&rdquo;, sustenta. O bispo ainda lembra que ascampanhas em favor do aborto reduzem a quest&atilde;o somente ao aspecto da sa&uacute;de.&ldquo;Est&atilde;o de costas para o povo, com a fal&aacute;cia de que defendem o pr&oacute;prio povo. Ademocracia sup&otilde;e o direito &agrave; dignidade da pessoa humana. A pedra fundamental dadignidade humana &eacute; o direito &agrave; vida, sua defesa principalmente onde se encontraamea&ccedil;ada, e justo ali onde n&atilde;o tem como se defender&rdquo;, completa.<\/p>\n<p class=\"MsoNormal\" style=\"text-align:justify\"><b>Descarte<\/b><\/p>\n<p class=\"MsoNormal\" style=\"text-align:justify\"><b><br \/><\/b><\/p>\n<p class=\"MsoNormal\" style=\"text-align:justify\">No artigo, dom Cipolliniquestiona o porqu&ecirc; de as solu&ccedil;&otilde;es dos problemas sociais terem de passar semprepela morte dos mais fracos e n&atilde;o pela promo&ccedil;&atilde;o da vida e por que n&atilde;o usar amesma dilig&ecirc;ncia para promover leis que favore&ccedil;am a educa&ccedil;&atilde;o, saneamento b&aacute;sicoe uma justa distribui&ccedil;&atilde;o de renda, reafirmando um questionamento do papaFrancisco a respeito.<\/p>\n<p class=\"MsoNormal\" style=\"text-align:justify\">&ldquo;N&atilde;o parece fact&iacute;vel um caminhoeducativo para acolher os seres fr&aacute;geis que nos rodeiam, que de repente nosatrapalham e s&atilde;o inoportunos, se n&atilde;o protegemos um embri&atilde;o humano, embora suachegada nos ocasione desconfortos e dificuldades&rdquo;, disse Francisco em junho de2015. &ldquo;Em vez de resolver os problemas dos pobres e de pensar num mundodiferente, algumas pessoas prop&otilde;em a redu&ccedil;&atilde;o da natalidade&rdquo;, lamentou opont&iacute;fice naquela ocasi&atilde;o.<\/p>\n<p class=\"MsoNormal\" style=\"text-align:justify\">O artigo de dom Cipollini segue amesma linha de reflex&atilde;o, quando aponta para a a&ccedil;&atilde;o de grupos de pa&iacute;ses ricos,cientistas e estudiosos motivados por institui&ccedil;&otilde;es interessadas na diminui&ccedil;&atilde;oda popula&ccedil;&atilde;o pobre. <\/p>\n<p class=\"MsoNormal\" style=\"text-align:justify\"><a href=\"http:\/\/www.cnbb.org.br\/index.php?option=com_content&amp;view=article&amp;id=19543:sim-a-vida&amp;catid=370&amp;Itemid=204\">Leia na &iacute;ntegra<\/a> o artigo &ldquo;Sim &agrave;vida&rdquo; de dom Pedro Carlos Cipollini.<\/p>\n<p class=\"MsoNormal\" style=\"text-align: center; \"><font size=\"5\"><a href=\"http:\/\/www12.senado.leg.br\/ecidadania\/visualizacaomateria?id=119431\">Vote contra a proposta de legaliza&ccedil;&atilde;o do aborto<\/a><\/font><\/p>\n<p class=\"MsoNormal\" style=\"text-align: center;\"><o:p>&nbsp;<\/o:p><\/p>\n<p class=\"MsoNormal\" style=\"text-align:justify\">Fonte: CNBB<\/p>\n","protected":false},"excerpt":{"rendered":"<p>[imagem2] O debate acerca da legaliza&ccedil;&atilde;o doaborto voltou &agrave; tona nas &uacute;ltimas semanas por conta de uma enquete do portale-Cidadania do Senado Federal a respeito de uma sugest&atilde;o para regular ainterrup&ccedil;&atilde;o volunt&aacute;ria da&#8230;<\/p>\n","protected":false},"author":1,"featured_media":1614,"comment_status":"open","ping_status":"open","sticky":false,"template":"","format":"standard","meta":[],"categories":[1],"tags":[],"_links":{"self":[{"href":"https:\/\/www.salvatorianas.org.br\/blog\/wp-json\/wp\/v2\/posts\/783"}],"collection":[{"href":"https:\/\/www.salvatorianas.org.br\/blog\/wp-json\/wp\/v2\/posts"}],"about":[{"href":"https:\/\/www.salvatorianas.org.br\/blog\/wp-json\/wp\/v2\/types\/post"}],"author":[{"embeddable":true,"href":"https:\/\/www.salvatorianas.org.br\/blog\/wp-json\/wp\/v2\/users\/1"}],"replies":[{"embeddable":true,"href":"https:\/\/www.salvatorianas.org.br\/blog\/wp-json\/wp\/v2\/comments?post=783"}],"version-history":[{"count":0,"href":"https:\/\/www.salvatorianas.org.br\/blog\/wp-json\/wp\/v2\/posts\/783\/revisions"}],"wp:featuredmedia":[{"embeddable":true,"href":"https:\/\/www.salvatorianas.org.br\/blog\/wp-json\/wp\/v2\/media\/1614"}],"wp:attachment":[{"href":"https:\/\/www.salvatorianas.org.br\/blog\/wp-json\/wp\/v2\/media?parent=783"}],"wp:term":[{"taxonomy":"category","embeddable":true,"href":"https:\/\/www.salvatorianas.org.br\/blog\/wp-json\/wp\/v2\/categories?post=783"},{"taxonomy":"post_tag","embeddable":true,"href":"https:\/\/www.salvatorianas.org.br\/blog\/wp-json\/wp\/v2\/tags?post=783"}],"curies":[{"name":"wp","href":"https:\/\/api.w.org\/{rel}","templated":true}]}}