{"id":7739,"date":"2018-11-05T22:00:59","date_gmt":"2018-11-05T22:00:59","guid":{"rendered":"https:\/\/www.salvatorianas.org.br\/blog\/?p=7739"},"modified":"2018-11-06T10:27:00","modified_gmt":"2018-11-06T10:27:00","slug":"2o-dia-do-capitulo-geral","status":"publish","type":"post","link":"https:\/\/www.salvatorianas.org.br\/blog\/2o-dia-do-capitulo-geral\/","title":{"rendered":"2\u00ba e 3\u00ba Dia do Cap\u00edtulo Geral"},"content":{"rendered":"<p>No dia 02 de novembro tivemos a alegria de acolher as palavras do Pe. Milton Zonta, SDS, que nos interpelou a continuarmos unidos no ideal que nos irmana e na compaix\u00e3o que nos move. Que possamos caminhar juntos construindo pontes e abrindo caminhos de comunh\u00e3o e salva\u00e7\u00e3o. \u201cVoc\u00eas s\u00e3o cuidadoras de Deus Salvador de forma muito criativa e generosa\u201d, nos incentivou Pe. Milton.<\/p>\n<p>O Cap\u00edtulo Geral \u00e9 uma oportunidade para dar novo impulso ao carisma para que se expresse com mais vigor e dinamismo diante da realidade desafiadora de nossos dias. Tamb\u00e9m \u00e9 uma oportunidade para que, mantendo a unidade na diversidade, nosso carisma se enra\u00edze nas diferentes culturas e povos onde realizamos nossa miss\u00e3o. Ir. Annette Havene,SM\u00a0 e Ir. Carole Shinnick nos introduziram na din\u00e2mica do discernimento comunit\u00e1rio que acontece nas mesas, atrav\u00e9s do di\u00e1logo. Acolhemos, nesta primeira semana de Cap\u00edtulo, a partilha de vida e caminhada das seguintes unidades: Sri Lanka, Estados Unidos, Brasil\/S\u00e3o Paulo, \u00c1ustria, Mal\u00e1sia\/Paquist\u00e3o, It\u00e1lia\/Albania e Brasil\/Santa Catarina que partilharam suas experi\u00eancias a partir das seguintes quest\u00f5es:<\/p>\n<p>Que experi\u00eancias de constru\u00e7\u00e3o de pontes de miseric\u00f3rdia e justi\u00e7a, em sua unidade, podem ajudar as Irm\u00e3s Salvatorianas da Congrega\u00e7\u00e3o na escuta do chamado de Deus em sua caminhada rumo ao futuro?<\/p>\n<p>\u00c0 luz da realidade s\u00f3cio-pol\u00edtica, econ\u00f4mica e religiosa do povo em seu pa\u00eds, quais s\u00e3o as quest\u00f5es que precisam, muito mais, construir pontes de miseric\u00f3rdia e justi\u00e7a, em nosso mundo em r\u00e1pida mudan\u00e7a?<\/p>\n<p>As experi\u00eancias partilhadas foram de uma riqueza imensa. Sentimos muita vida, envolvimento, coragem prof\u00e9tica, comprometimento com os mais empobrecidos, abertura \u00e0 novas realidades e\u00a0 muita generosidade pulsando em nossas unidades. Que o Divino Salvador nos confirme com seu esp\u00edrito apost\u00f3lico mission\u00e1rio e nos impulsione para o que precisamos ainda avan\u00e7ar.<\/p>\n<p><img decoding=\"async\" src=\"https:\/\/scontent.ffln1-1.fna.fbcdn.net\/v\/t1.0-9\/45459907_2434801553203505_1140127840709115904_o.jpg?_nc_cat=105&amp;_nc_ht=scontent.ffln1-1.fna&amp;oh=5d1bc7a437ea47fa068f533554202b5a&amp;oe=5C74650A\" alt=\"A imagem pode conter: 1 pessoa, mesa e \u00c3\u00a1rea interna\" \/><\/p>\n<p><img decoding=\"async\" src=\"https:\/\/scontent.ffln1-1.fna.fbcdn.net\/v\/t1.0-9\/45565669_2434799979870329_4341997389754662912_n.jpg?_nc_cat=105&amp;_nc_ht=scontent.ffln1-1.fna&amp;oh=25184b517e85e8f8e6df6472d52b7409&amp;oe=5C7A8233\" alt=\"A imagem pode conter: 1 pessoa, sentado\" \/><\/p>\n<p>&nbsp;<\/p>\n<p>&nbsp;<\/p>\n<p><img decoding=\"async\" src=\"https:\/\/scontent.ffln1-1.fna.fbcdn.net\/v\/t1.0-9\/45257863_2434801793203481_6309338744876957696_o.jpg?_nc_cat=109&amp;_nc_ht=scontent.ffln1-1.fna&amp;oh=76f8fa2aea29e53ec0022e96c63dfc7b&amp;oe=5C6EDC03\" alt=\"A imagem pode conter: 4 pessoas, pessoas sentadas, mesa e \u00c3\u00a1rea interna\" \/><\/p>\n<p><img decoding=\"async\" src=\"https:\/\/scontent.ffln1-1.fna.fbcdn.net\/v\/t1.0-9\/45302283_2434800926536901_7736621231343927296_o.jpg?_nc_cat=111&amp;_nc_ht=scontent.ffln1-1.fna&amp;oh=98ffe7ca7483d63a617f327daed2f5bf&amp;oe=5C84972A\" alt=\"A imagem pode conter: 1 pessoa, sentado e \u00c3\u00a1rea interna\" \/><\/p>\n<p><img decoding=\"async\" src=\"https:\/\/scontent.ffln1-1.fna.fbcdn.net\/v\/t1.0-9\/45420976_2434800813203579_2911592814250819584_o.jpg?_nc_cat=105&amp;_nc_ht=scontent.ffln1-1.fna&amp;oh=8099babf9eae2ab83d888c4b3f45b927&amp;oe=5C7177C3\" alt=\"A imagem pode conter: 2 pessoas, pessoas sorrindo, pessoas sentadas, sala de estar, mesa e \u00c3\u00a1rea interna\" \/><\/p>\n<p><img decoding=\"async\" src=\"https:\/\/scontent.ffln1-1.fna.fbcdn.net\/v\/t1.0-9\/45395550_2434801009870226_6726662669576699904_o.jpg?_nc_cat=103&amp;_nc_ht=scontent.ffln1-1.fna&amp;oh=a599f1ae3015fbaf8a8d022b9dfd0037&amp;oe=5C46C441\" alt=\"A imagem pode conter: 3 pessoas, pessoas sentadas e \u00c3\u00a1rea interna\" \/><\/p>\n<p><img decoding=\"async\" src=\"https:\/\/scontent.ffln1-1.fna.fbcdn.net\/v\/t1.0-9\/45407907_2434800339870293_1297283150791049216_o.jpg?_nc_cat=102&amp;_nc_ht=scontent.ffln1-1.fna&amp;oh=521188d1d05ae0cbec8717563d4bf86a&amp;oe=5C7CB0E3\" alt=\"A imagem pode conter: 3 pessoas, pessoas sentadas e \u00c3\u00a1rea interna\" \/><\/p>\n<p><img decoding=\"async\" src=\"https:\/\/scontent.ffln1-1.fna.fbcdn.net\/v\/t1.0-9\/45481189_2434799629870364_9038694782498504704_o.jpg?_nc_cat=101&amp;_nc_ht=scontent.ffln1-1.fna&amp;oh=33467785d9701529a447aa4412113ddf&amp;oe=5C7E64E6\" alt=\"A imagem pode conter: 1 pessoa, \u00c3\u00a1rea interna\" \/><\/p>\n<p><img decoding=\"async\" src=\"https:\/\/scontent.ffln1-1.fna.fbcdn.net\/v\/t1.0-9\/45384732_2434801449870182_6707758624426426368_o.jpg?_nc_cat=106&amp;_nc_ht=scontent.ffln1-1.fna&amp;oh=2f19fe8d60f5c700d99a1e09356d9eec&amp;oe=5C7AC590\" alt=\"A imagem pode conter: 4 pessoas, pessoas sorrindo, pessoas sentadas e \u00c3\u00a1rea interna\" \/><\/p>\n<p><img decoding=\"async\" src=\"https:\/\/scontent.ffln1-1.fna.fbcdn.net\/v\/t1.0-9\/45218001_2434801176536876_3666822251581276160_o.jpg?_nc_cat=108&amp;_nc_ht=scontent.ffln1-1.fna&amp;oh=ea3f7bb904d8cd51265ab5d301834acf&amp;oe=5C7CA970\" alt=\"A imagem pode conter: 3 pessoas, pessoas sentadas e \u00c3\u00a1rea interna\" \/><\/p>\n<p><img decoding=\"async\" src=\"https:\/\/scontent.ffln1-1.fna.fbcdn.net\/v\/t1.0-9\/45472401_2434802419870085_7637491668165328896_o.jpg?_nc_cat=104&amp;_nc_ht=scontent.ffln1-1.fna&amp;oh=bffee72632f0a327543e009d2aed85f0&amp;oe=5C6FFD7D\" alt=\"A imagem pode conter: 3 pessoas, pessoas sentadas, pessoas em p\u00c3\u00a9, mesa e \u00c3\u00a1rea interna\" \/><\/p>\n<p>&nbsp;<\/p>\n<p><img decoding=\"async\" src=\"https:\/\/scontent.ffln1-1.fna.fbcdn.net\/v\/t1.0-9\/45514940_2434802023203458_84066331187478528_o.jpg?_nc_cat=100&amp;_nc_ht=scontent.ffln1-1.fna&amp;oh=a280d1436bfec01fd7034a964176b44a&amp;oe=5C818ADC\" alt=\"A imagem pode conter: 2 pessoas, \u00c3\u00a1rea interna\" \/><\/p>\n<p>&nbsp;<\/p>\n<p>Confira a abertura do XXI Cap\u00edtulo Geral &#8211;\u00a0<\/p>\n<p>&nbsp;<\/p>\n<p>&nbsp;<\/p>\n","protected":false},"excerpt":{"rendered":"<p>No dia 02 de novembro tivemos a alegria de acolher as palavras do Pe. Milton Zonta, SDS, que nos interpelou a continuarmos unidos no ideal que nos irmana e na compaix\u00e3o que nos&#8230;<\/p>\n","protected":false},"author":2,"featured_media":7742,"comment_status":"open","ping_status":"open","sticky":false,"template":"","format":"standard","meta":[],"categories":[1],"tags":[37],"_links":{"self":[{"href":"https:\/\/www.salvatorianas.org.br\/blog\/wp-json\/wp\/v2\/posts\/7739"}],"collection":[{"href":"https:\/\/www.salvatorianas.org.br\/blog\/wp-json\/wp\/v2\/posts"}],"about":[{"href":"https:\/\/www.salvatorianas.org.br\/blog\/wp-json\/wp\/v2\/types\/post"}],"author":[{"embeddable":true,"href":"https:\/\/www.salvatorianas.org.br\/blog\/wp-json\/wp\/v2\/users\/2"}],"replies":[{"embeddable":true,"href":"https:\/\/www.salvatorianas.org.br\/blog\/wp-json\/wp\/v2\/comments?post=7739"}],"version-history":[{"count":3,"href":"https:\/\/www.salvatorianas.org.br\/blog\/wp-json\/wp\/v2\/posts\/7739\/revisions"}],"predecessor-version":[{"id":7745,"href":"https:\/\/www.salvatorianas.org.br\/blog\/wp-json\/wp\/v2\/posts\/7739\/revisions\/7745"}],"wp:featuredmedia":[{"embeddable":true,"href":"https:\/\/www.salvatorianas.org.br\/blog\/wp-json\/wp\/v2\/media\/7742"}],"wp:attachment":[{"href":"https:\/\/www.salvatorianas.org.br\/blog\/wp-json\/wp\/v2\/media?parent=7739"}],"wp:term":[{"taxonomy":"category","embeddable":true,"href":"https:\/\/www.salvatorianas.org.br\/blog\/wp-json\/wp\/v2\/categories?post=7739"},{"taxonomy":"post_tag","embeddable":true,"href":"https:\/\/www.salvatorianas.org.br\/blog\/wp-json\/wp\/v2\/tags?post=7739"}],"curies":[{"name":"wp","href":"https:\/\/api.w.org\/{rel}","templated":true}]}}