{"id":7666,"date":"2018-10-28T12:28:01","date_gmt":"2018-10-28T12:28:01","guid":{"rendered":"https:\/\/www.salvatorianas.org.br\/blog\/?p=7666"},"modified":"2018-10-29T12:43:07","modified_gmt":"2018-10-29T12:43:07","slug":"sinodo-documento-aprovado-francisco-agradece-aos-jovens-pelo-barulho","status":"publish","type":"post","link":"https:\/\/www.salvatorianas.org.br\/blog\/sinodo-documento-aprovado-francisco-agradece-aos-jovens-pelo-barulho\/","title":{"rendered":"S\u00ednodo: Documento aprovado. Francisco agradece aos jovens pelo barulho"},"content":{"rendered":"<p>A Igreja est\u00e1 vivendo um momento &#8220;dif\u00edcil&#8221;, \u00e9 &#8220;perseguida com acusa\u00e7\u00f5es cont\u00ednuas&#8221; e, portanto, \u00e9 o momento de defend\u00ea-la, todos juntos. Este o apelo do\u00a0<b>Papa Francisco<\/b>\u00a0na conclus\u00e3o do S\u00ednodo dos Bispos dedicado aos jovens no in\u00edcio da noite deste s\u00e1bado, (27\/10), no Vaticano.<\/p>\n<p>Durante quase um m\u00eas a Assembleia sinodal refletiu quest\u00f5es delicadas que dizem respeito \u00e0s novas gera\u00e7\u00f5es. O clima da sala do S\u00ednodo neste s\u00e1bado foi muito positivo e o Papa foi frequentemente interrompido pelos aplauso durante as suas palavras improvisadas. \u201cMas tudo isso \u2013 disse &#8211; n\u00e3o pode deixar de lado o momento complicado que se vive, entre acusa\u00e7\u00f5es externas e internas\u201d.<\/p>\n<h2><b>Momento dif\u00edcil<\/b><\/h2>\n<p>\u201c\u00c9 um momento dif\u00edcil porque o acusador \u2013 disse o Papa se referindo ao diabo &#8211; atrav\u00e9s de n\u00f3s ataca a M\u00e3e e a M\u00e3e n\u00e3o se toca&#8221;, sublinhou referindo-se \u00e0 Igreja, acrescentando: &#8220;Todos n\u00f3s devemos defend\u00ea-la&#8221;. As acusa\u00e7\u00f5es contra a Igreja se tornam &#8220;persegui\u00e7\u00e3o&#8221;, como acontece com os crist\u00e3os do Oriente, mas &#8220;h\u00e1 outro tipo de persegui\u00e7\u00e3o, com acusa\u00e7\u00f5es cont\u00ednuas para sujar a Igreja. A Igreja n\u00e3o deve ser sujada, n\u00f3s filhos somos todos sujos&#8221;, os filhos s\u00e3o pecadores&#8221;, &#8220;mas a M\u00e3e n\u00e3o, devemos defend\u00ea-la, todos, e por isso eu pedi para todos rezarem o Ter\u00e7o &#8220;neste m\u00eas de outubro, todos os dias, pela unidade da Igreja.<\/p>\n<p>Em seguida o Papa Francisco falou sobre os trabalhos do S\u00ednodo: &#8220;N\u00f3s aprovamos o documento, agora o Esp\u00edrito nos d\u00e1 o documento para que trabalhe no nosso cora\u00e7\u00e3o. N\u00f3s somos os destinat\u00e1rios do documento, e ele ajudar\u00e1 muitos outros, mas os primeiros destinat\u00e1rios somos n\u00f3s&#8221;.<\/p>\n<h2>S\u00ednodo n\u00e3o \u00e9 um Parlamento<\/h2>\n<p>O Santo Padre reiterou ainda que &#8220;o S\u00ednodo n\u00e3o \u00e9 um Parlamento, mas um espa\u00e7o protegido\u201d porque \u00e9 o Esp\u00edrito Santo quem opera. Depois indicou aos padres sinodais qual deve ser o caminho a ser seguido a partir deste momento, porque n\u00e3o \u00e9 suficiente um peda\u00e7o de papel. &#8220;O resultado do S\u00ednodo n\u00e3o \u00e9 um documento, eu disse isso no in\u00edcio. Estamos cheios de documentos\u201d. \u201cE ent\u00e3o o documento aprovado hoje vai dar frutos se for meditado e acompanhado pela ora\u00e7\u00e3o\u201d.<\/p>\n<p>O Pont\u00edfice agradeceu ainda sinceramente todos pelo trabalho feito neste m\u00eas de outubro. Come\u00e7ando precisamente pelos jovens que participaram do S\u00ednodo dos bispos como ouvintes: &#8220;Eles trouxeram a sua m\u00fasica para esta sala \u2013 disse. M\u00fasica \u00e9 uma palavra diplom\u00e1tica para dizer barulho&#8221;, disse Francisco sorrindo.<\/p>\n<p>Em seguida,\u00a0 Francisco agradeceu o secret\u00e1rio geral do S\u00ednodo do Bispos, cardeal Lorenzo Baldisseri e os subsecret\u00e1rios pelo seu trabalho. &#8220;Eu disse que eles tinham deixado a pele no documento preparat\u00f3rio, agora eu digo que eles deixaram os ossos&#8221;, foi a brincadeira final para dizer obrigado a todos.<\/p>\n<p>Fonte: Vatican News<\/p>\n","protected":false},"excerpt":{"rendered":"<p>A Igreja est\u00e1 vivendo um momento &#8220;dif\u00edcil&#8221;, \u00e9 &#8220;perseguida com acusa\u00e7\u00f5es cont\u00ednuas&#8221; e, portanto, \u00e9 o momento de defend\u00ea-la, todos juntos. Este o apelo do\u00a0Papa Francisco\u00a0na conclus\u00e3o do S\u00ednodo dos Bispos dedicado aos&#8230;<\/p>\n","protected":false},"author":2,"featured_media":7667,"comment_status":"open","ping_status":"open","sticky":false,"template":"","format":"standard","meta":[],"categories":[1],"tags":[36],"_links":{"self":[{"href":"https:\/\/www.salvatorianas.org.br\/blog\/wp-json\/wp\/v2\/posts\/7666"}],"collection":[{"href":"https:\/\/www.salvatorianas.org.br\/blog\/wp-json\/wp\/v2\/posts"}],"about":[{"href":"https:\/\/www.salvatorianas.org.br\/blog\/wp-json\/wp\/v2\/types\/post"}],"author":[{"embeddable":true,"href":"https:\/\/www.salvatorianas.org.br\/blog\/wp-json\/wp\/v2\/users\/2"}],"replies":[{"embeddable":true,"href":"https:\/\/www.salvatorianas.org.br\/blog\/wp-json\/wp\/v2\/comments?post=7666"}],"version-history":[{"count":2,"href":"https:\/\/www.salvatorianas.org.br\/blog\/wp-json\/wp\/v2\/posts\/7666\/revisions"}],"predecessor-version":[{"id":7669,"href":"https:\/\/www.salvatorianas.org.br\/blog\/wp-json\/wp\/v2\/posts\/7666\/revisions\/7669"}],"wp:featuredmedia":[{"embeddable":true,"href":"https:\/\/www.salvatorianas.org.br\/blog\/wp-json\/wp\/v2\/media\/7667"}],"wp:attachment":[{"href":"https:\/\/www.salvatorianas.org.br\/blog\/wp-json\/wp\/v2\/media?parent=7666"}],"wp:term":[{"taxonomy":"category","embeddable":true,"href":"https:\/\/www.salvatorianas.org.br\/blog\/wp-json\/wp\/v2\/categories?post=7666"},{"taxonomy":"post_tag","embeddable":true,"href":"https:\/\/www.salvatorianas.org.br\/blog\/wp-json\/wp\/v2\/tags?post=7666"}],"curies":[{"name":"wp","href":"https:\/\/api.w.org\/{rel}","templated":true}]}}