{"id":7649,"date":"2018-10-26T20:35:44","date_gmt":"2018-10-26T20:35:44","guid":{"rendered":"https:\/\/www.salvatorianas.org.br\/blog\/?p=7649"},"modified":"2018-10-27T00:36:52","modified_gmt":"2018-10-27T00:36:52","slug":"jovens-ao-papa-compartilhamos-o-seu-sonho-uma-igreja-em-saida","status":"publish","type":"post","link":"https:\/\/www.salvatorianas.org.br\/blog\/jovens-ao-papa-compartilhamos-o-seu-sonho-uma-igreja-em-saida\/","title":{"rendered":"Jovens ao Papa: \u201cCompartilhamos o seu sonho, uma Igreja em sa\u00edda\u201d"},"content":{"rendered":"<p>No final da tarde desta sexta-feira, momentos de m\u00fasica, poesia e dan\u00e7a levaram descontra\u00e7\u00e3o aos participantes do S\u00ednodo que caminha para a sua conclus\u00e3o. O secret\u00e1rio geral do S\u00ednodo, cardeal Lorenzo Baldisseri, deu um show a parte ao piano. Ao final, os jovens auditores presentes na XV Assembleia Geral Ordin\u00e1ria do S\u00ednodo dos Bispos, leram e entregaram uma carta ao Papa Francisco, assinada com canetas de cores diferentes. Eis a \u00edntegra da mensagem dos jovens:<\/p>\n<p>Car\u00edssimo Papa Francisco,<\/p>\n<p>n\u00f3s jovens, presentes no S\u00ednodo, queremos colher esta ocasi\u00e3o para exprimir a voc\u00ea a nossa gratid\u00e3o por nos ter dado o espa\u00e7o para fazer juntos este pequeno peda\u00e7o da hist\u00f3ria. As ideias novas necessitam de espa\u00e7o e voc\u00ea nos deu este espa\u00e7o. O mundo de hoje, que apresenta a n\u00f3s jovens oportunidades in\u00e9ditas junto a tantos sofrimentos, tem necessidade de novas respostas e de novas energias de amor. Tem necessidade de reencontrar a esperan\u00e7a e de viver a felicidade que se experimenta no dar mais que receber, trabalhando por um mundo melhor.<\/p>\n<p>N\u00f3s queremos afirmar que compartilhamos o seu sonho: uma Igreja em sa\u00edda, aberta a todos, sobretudo aos mais vulner\u00e1veis, uma Igreja &#8220;hospital de campanha&#8221;. J\u00e1 somos parte ativa desta Igreja e queremos continuar a nos comprometer concretamente para melhorar as nossas cidades e escolas, o mundo s\u00f3cio-pol\u00edtico e os ambientes de trabalho, difundindo uma cultura da paz e da solidariedade e colocando no centro os pobres, nos quais se reconhece o pr\u00f3prio Jesus.<\/p>\n<p>Ao final deste S\u00ednodo, desejamos dizer a voc\u00ea que estamos contigo e com todos os bispos da nossa Igreja, mesmo nos momentos de dificuldades. Pedimos a voc\u00ea para continuar o caminho que tomaste e prometemos a voc\u00ea o nosso total apoio e a nossa ora\u00e7\u00e3o di\u00e1ria.<\/p>\n<p>Vaticano, 26 de outubro de 2018.<\/p>\n","protected":false},"excerpt":{"rendered":"<p>No final da tarde desta sexta-feira, momentos de m\u00fasica, poesia e dan\u00e7a levaram descontra\u00e7\u00e3o aos participantes do S\u00ednodo que caminha para a sua conclus\u00e3o. O secret\u00e1rio geral do S\u00ednodo, cardeal Lorenzo Baldisseri, deu&#8230;<\/p>\n","protected":false},"author":2,"featured_media":7650,"comment_status":"open","ping_status":"open","sticky":false,"template":"","format":"standard","meta":[],"categories":[1],"tags":[36],"_links":{"self":[{"href":"https:\/\/www.salvatorianas.org.br\/blog\/wp-json\/wp\/v2\/posts\/7649"}],"collection":[{"href":"https:\/\/www.salvatorianas.org.br\/blog\/wp-json\/wp\/v2\/posts"}],"about":[{"href":"https:\/\/www.salvatorianas.org.br\/blog\/wp-json\/wp\/v2\/types\/post"}],"author":[{"embeddable":true,"href":"https:\/\/www.salvatorianas.org.br\/blog\/wp-json\/wp\/v2\/users\/2"}],"replies":[{"embeddable":true,"href":"https:\/\/www.salvatorianas.org.br\/blog\/wp-json\/wp\/v2\/comments?post=7649"}],"version-history":[{"count":1,"href":"https:\/\/www.salvatorianas.org.br\/blog\/wp-json\/wp\/v2\/posts\/7649\/revisions"}],"predecessor-version":[{"id":7651,"href":"https:\/\/www.salvatorianas.org.br\/blog\/wp-json\/wp\/v2\/posts\/7649\/revisions\/7651"}],"wp:featuredmedia":[{"embeddable":true,"href":"https:\/\/www.salvatorianas.org.br\/blog\/wp-json\/wp\/v2\/media\/7650"}],"wp:attachment":[{"href":"https:\/\/www.salvatorianas.org.br\/blog\/wp-json\/wp\/v2\/media?parent=7649"}],"wp:term":[{"taxonomy":"category","embeddable":true,"href":"https:\/\/www.salvatorianas.org.br\/blog\/wp-json\/wp\/v2\/categories?post=7649"},{"taxonomy":"post_tag","embeddable":true,"href":"https:\/\/www.salvatorianas.org.br\/blog\/wp-json\/wp\/v2\/tags?post=7649"}],"curies":[{"name":"wp","href":"https:\/\/api.w.org\/{rel}","templated":true}]}}