{"id":764,"date":"2016-09-28T00:00:00","date_gmt":"2016-09-28T00:00:00","guid":{"rendered":"https:\/\/www.salvatorianas.org.br\/blog\/colegio-salvatoriano-nossa-senhora-de-fatima-participa-do-forum-mundial-da-paz\/"},"modified":"2016-09-28T00:00:00","modified_gmt":"2016-09-28T00:00:00","slug":"colegio-salvatoriano-nossa-senhora-de-fatima-participa-do-forum-mundial-da-paz","status":"publish","type":"post","link":"https:\/\/www.salvatorianas.org.br\/blog\/colegio-salvatoriano-nossa-senhora-de-fatima-participa-do-forum-mundial-da-paz\/","title":{"rendered":"Col\u00e9gio Salvatoriano Nossa Senhora de F\u00e1tima participa do F\u00f3rum Mundial da Paz"},"content":{"rendered":"<p class=\"MsoNormal\">[imagem1]<\/p>\n<p class=\"MsoNormal\"><\/p>\n<p class=\"MsoNormal\"><\/p>\n<p class=\"MsoNormal\" style=\"text-align: justify; \">Criada com o objetivo de promover a mensagem da Paz, naEuropa e em todo o mundo, a Schengen Peace Foundation contribui para aconstru&ccedil;&atilde;o de um mundo mais pac&iacute;fico, promovendo a paz, a toler&acirc;ncia e acompreens&atilde;o atrav&eacute;s do di&aacute;logo multicultural, com debates, publica&ccedil;&otilde;es, exposi&ccedil;&otilde;es,workshops, plataformas de internet, encontros, partilhas e programas deeduca&ccedil;&atilde;o, bem como estudos sobre a paz.<\/p>\n<p class=\"MsoNormal\" style=\"text-align: justify;\"><o:p>&nbsp;<\/o:p>&nbsp;<\/p>\n<p class=\"MsoNormal\" style=\"text-align: justify;\">Em parceria com a UNIPAZ &#8211; Universidade Internacional daPaz, em sua 10&deg; Edi&ccedil;&atilde;o o F&oacute;rum Mundial da Paz aconteceu dessa vez no Brasil. A capitalFlorian&oacute;polis, conhecida por suas belezas naturais, abra&ccedil;ou o movimento erecebeu o maior e mais importante encontro de agentes de paz do mundo dos dias22 a 25 de setembro, no Centro de Eventos Governador Luiz Henrique da Silveira.<\/p>\n<p class=\"MsoNormal\" style=\"text-align: justify;\"><o:p>&nbsp;<\/o:p>&nbsp;<\/p>\n<p class=\"MsoNormal\" style=\"text-align: justify;\">Participaram integralmente do F&oacute;rum os educadores AlbertoKorbes, Assessor da Pastoral da Juventude Estudantil Salvatoriana e Olga AmissiMorales, Coordenadora Pedag&oacute;gica do Ens. Fund.II e Ens. M&eacute;dio. Na sexta-feira(23), participaram das atividades do F&oacute;rum o Grupo de Voluntariado da PJES, 17estudantes do Ensino M&eacute;dio do Col&eacute;gio Salvatoriano Nossa Senhora de F&aacute;tima. <\/p>\n<p class=\"MsoNormal\" style=\"text-align: justify;\">Para todos que participaram, este foi um tempo de muitoaprendizado, pois puderam vivenciar momentos de muita esperan&ccedil;a e acreditar quea paz &eacute; poss&iacute;vel sim, mas que primeiramente devemos cultivar ela em nossoscora&ccedil;&otilde;es e o respeito a todas as formas de vida no planeta. &nbsp;<\/p>\n<p class=\"MsoNormal\" style=\"text-align: justify;\"><\/p>\n<p class=\"MsoNormal\" align=\"center\" style=\"text-align: center;\"><b>&Eacute; poss&iacute;vel sim, n&oacute;s acreditarmos num mundo de paz.<\/b><\/p>\n<p class=\"MsoNormal\" align=\"center\" style=\"text-align:center\"><b><br \/><\/b><\/p>\n<p class=\"MsoNormal\" align=\"center\" style=\"text-align:center\"><b><br \/><\/b><\/p>\n<p class=\"MsoNormal\" align=\"center\" style=\"text-align:center\"><b><br \/><\/b><\/p>\n<p class=\"MsoNormal\"><o:p>&nbsp;<\/o:p><\/p>\n","protected":false},"excerpt":{"rendered":"<p>[imagem1] Criada com o objetivo de promover a mensagem da Paz, naEuropa e em todo o mundo, a Schengen Peace Foundation contribui para aconstru&ccedil;&atilde;o de um mundo mais pac&iacute;fico, promovendo a paz, a&#8230;<\/p>\n","protected":false},"author":1,"featured_media":1275,"comment_status":"open","ping_status":"open","sticky":false,"template":"","format":"standard","meta":[],"categories":[1],"tags":[],"_links":{"self":[{"href":"https:\/\/www.salvatorianas.org.br\/blog\/wp-json\/wp\/v2\/posts\/764"}],"collection":[{"href":"https:\/\/www.salvatorianas.org.br\/blog\/wp-json\/wp\/v2\/posts"}],"about":[{"href":"https:\/\/www.salvatorianas.org.br\/blog\/wp-json\/wp\/v2\/types\/post"}],"author":[{"embeddable":true,"href":"https:\/\/www.salvatorianas.org.br\/blog\/wp-json\/wp\/v2\/users\/1"}],"replies":[{"embeddable":true,"href":"https:\/\/www.salvatorianas.org.br\/blog\/wp-json\/wp\/v2\/comments?post=764"}],"version-history":[{"count":0,"href":"https:\/\/www.salvatorianas.org.br\/blog\/wp-json\/wp\/v2\/posts\/764\/revisions"}],"wp:featuredmedia":[{"embeddable":true,"href":"https:\/\/www.salvatorianas.org.br\/blog\/wp-json\/wp\/v2\/media\/1275"}],"wp:attachment":[{"href":"https:\/\/www.salvatorianas.org.br\/blog\/wp-json\/wp\/v2\/media?parent=764"}],"wp:term":[{"taxonomy":"category","embeddable":true,"href":"https:\/\/www.salvatorianas.org.br\/blog\/wp-json\/wp\/v2\/categories?post=764"},{"taxonomy":"post_tag","embeddable":true,"href":"https:\/\/www.salvatorianas.org.br\/blog\/wp-json\/wp\/v2\/tags?post=764"}],"curies":[{"name":"wp","href":"https:\/\/api.w.org\/{rel}","templated":true}]}}