{"id":755,"date":"2016-09-30T00:00:00","date_gmt":"2016-09-30T00:00:00","guid":{"rendered":"https:\/\/www.salvatorianas.org.br\/blog\/paz-e-dialogo-papa-rumo-a-georgia-e-ao-azerbaijao\/"},"modified":"2016-09-30T00:00:00","modified_gmt":"2016-09-30T00:00:00","slug":"paz-e-dialogo-papa-rumo-a-georgia-e-ao-azerbaijao","status":"publish","type":"post","link":"https:\/\/www.salvatorianas.org.br\/blog\/paz-e-dialogo-papa-rumo-a-georgia-e-ao-azerbaijao\/","title":{"rendered":"Paz e di\u00e1logo: Papa rumo \u00e0 Ge\u00f3rgia e ao Azerbaij\u00e3o"},"content":{"rendered":"<p class=\"MsoNormal\" style=\"text-align:justify\">O Papa Francisco deixou oVaticano na manh&atilde; desta sexta-feira (30\/09) para realizar sua 16&ordf; viagemapost&oacute;lica internacional. Trata-se de sua segunda etapa no C&aacute;ucaso. Depois devisitar a Arm&ecirc;nia em junho passado, agora &eacute; a vez de Ge&oacute;rgia e Azerbaij&atilde;o.&ldquo;Acompanhem-me com suas ora&ccedil;&otilde;es para semear juntos paz, unidade ereconcilia&ccedil;&atilde;o&rdquo;, pediu o Pont&iacute;fice a seus seguidores no Twitter esta manh&atilde;.<\/p>\n<p class=\"MsoNormal\" style=\"text-align:justify\">Ao chegar &agrave; capital georgiana,Tbilisi, quatro eventos aguardam o Papa ainda esta sexta-feira:&nbsp; a visita de cortesia ao Presidente daRep&uacute;blica, Giorgi Margvelashvili; o encontro com as autoridades, a sociedadecivil e o corpo diplom&aacute;tico; o encontro com Sua Beatitude Elias II, Catholicose Patriarca de toda a Ge&oacute;rgia e, por fim, a ora&ccedil;&atilde;o pela paz com a comunidadeass&iacute;rio-caldeia. Todos esses eventos ser&atilde;o transmitidos ao vivo pela R&aacute;dioVaticano, com coment&aacute;rios em portugu&ecirc;s.<\/p>\n<p class=\"MsoNormal\" style=\"text-align:justify\">&ldquo;Pax Vobis&rdquo; (a paz estejaconvosco) &eacute; o lema da viagem &agrave; Ge&oacute;rgia, marcada pelo ecumenismo. A Igrejaortodoxa georgiana, com a qual a Santa S&eacute; mant&eacute;m boas rela&ccedil;&otilde;es, &eacute; uma daspoucas que n&atilde;o reconhecem a validez do batismo administrado pelos cat&oacute;licos. OPapa Francisco e o Patriarca Elias II se abra&ccedil;ar&atilde;o, mas n&atilde;o rezar&atilde;o juntos. OPatriarca e Catholicos dos ortodoxos georgianos n&atilde;o participar&aacute; pessoalmente damissa celebrada pelo Pont&iacute;fice no s&aacute;bado, 1&deg; de outubro, mas decidiu enviar umadelega&ccedil;&atilde;o.<\/p>\n<p class=\"MsoNormal\" style=\"text-align:justify\"><b>Ra&iacute;zes crist&atilde;s<\/b><\/p>\n<p class=\"MsoNormal\" style=\"text-align:justify\"><b><br \/><\/b><\/p>\n<p class=\"MsoNormal\" style=\"text-align:justify\">A peregrina&ccedil;&atilde;o &agrave; Ge&oacute;rgia &eacute; umaviagem &agrave;s ra&iacute;zes crist&atilde;s da Europa: o cristianismo foi declarado religi&atilde;o deEstado em 337 d.C. e a Igreja georgiana se proclamou autoc&eacute;fala, tornando-seaut&ocirc;noma do Patriarcado de Antioquia j&aacute; no s&eacute;culo V.<\/p>\n<p class=\"MsoNormal\" style=\"text-align:justify\">A viagem na fronteira entre Europae &Aacute;sia se insere na tipologia de visitas que Francisco instituiu no VelhoContinente: pa&iacute;ses pequenos, ainda feridos por conflitos,&nbsp; onde o Papa espera encorajar percursos dereconcilia&ccedil;&atilde;o e de paz. Pa&iacute;ses onde os cat&oacute;licos s&atilde;o um &ldquo;pequeno rebanho&rdquo;, masnos quais convivem com outras confiss&otilde;es crist&atilde;s e com outras religi&otilde;es. Al&eacute;mdisso, o Pont&iacute;fice ter&aacute; a oportunidade de aprofundar o drama dos refugiados quefogem da S&iacute;ria e do Iraque, reunindo-se com a comunidade ass&iacute;rio-caldeia, e dosrefugiados do conflito com a Federa&ccedil;&atilde;o Russa em 2008.<\/p>\n<p class=\"MsoNormal\" style=\"text-align:justify\"><b>Caminho da paz<\/b><\/p>\n<p class=\"MsoNormal\" style=\"text-align:justify\">Em junho passado, o Papa assimexplicou a decis&atilde;o de conhecer essas tr&ecirc;s na&ccedil;&otilde;es do C&aacute;ucaso: &ldquo;Acolhi o convitea visitar esses pa&iacute;ses por dois motivos: de um lado, valorizar as antigasra&iacute;zes crist&atilde;s presentes naquelas terras &ndash; sempre em esp&iacute;rito de di&aacute;logo com asoutras religi&otilde;es e culturas &ndash; e, de outro, encorajar esperan&ccedil;as e sendas depaz. A hist&oacute;ria nos ensina que o caminho da paz requer uma grande tenacidade epassos cont&iacute;nuos.&rdquo;<\/p>\n<p class=\"MsoNormal\" style=\"text-align:justify\">Fonte: R&aacute;dio Vaticano<\/p>\n","protected":false},"excerpt":{"rendered":"<p>O Papa Francisco deixou oVaticano na manh&atilde; desta sexta-feira (30\/09) para realizar sua 16&ordf; viagemapost&oacute;lica internacional. Trata-se de sua segunda etapa no C&aacute;ucaso. Depois devisitar a Arm&ecirc;nia em junho passado, agora &eacute; a&#8230;<\/p>\n","protected":false},"author":1,"featured_media":969,"comment_status":"open","ping_status":"open","sticky":false,"template":"","format":"standard","meta":[],"categories":[1],"tags":[],"_links":{"self":[{"href":"https:\/\/www.salvatorianas.org.br\/blog\/wp-json\/wp\/v2\/posts\/755"}],"collection":[{"href":"https:\/\/www.salvatorianas.org.br\/blog\/wp-json\/wp\/v2\/posts"}],"about":[{"href":"https:\/\/www.salvatorianas.org.br\/blog\/wp-json\/wp\/v2\/types\/post"}],"author":[{"embeddable":true,"href":"https:\/\/www.salvatorianas.org.br\/blog\/wp-json\/wp\/v2\/users\/1"}],"replies":[{"embeddable":true,"href":"https:\/\/www.salvatorianas.org.br\/blog\/wp-json\/wp\/v2\/comments?post=755"}],"version-history":[{"count":0,"href":"https:\/\/www.salvatorianas.org.br\/blog\/wp-json\/wp\/v2\/posts\/755\/revisions"}],"wp:featuredmedia":[{"embeddable":true,"href":"https:\/\/www.salvatorianas.org.br\/blog\/wp-json\/wp\/v2\/media\/969"}],"wp:attachment":[{"href":"https:\/\/www.salvatorianas.org.br\/blog\/wp-json\/wp\/v2\/media?parent=755"}],"wp:term":[{"taxonomy":"category","embeddable":true,"href":"https:\/\/www.salvatorianas.org.br\/blog\/wp-json\/wp\/v2\/categories?post=755"},{"taxonomy":"post_tag","embeddable":true,"href":"https:\/\/www.salvatorianas.org.br\/blog\/wp-json\/wp\/v2\/tags?post=755"}],"curies":[{"name":"wp","href":"https:\/\/api.w.org\/{rel}","templated":true}]}}