{"id":7498,"date":"2018-10-08T14:00:24","date_gmt":"2018-10-08T14:00:24","guid":{"rendered":"https:\/\/www.salvatorianas.org.br\/blog\/?p=7498"},"modified":"2018-10-08T20:43:50","modified_gmt":"2018-10-08T20:43:50","slug":"padre-jordan-zeloso-missionario","status":"publish","type":"post","link":"https:\/\/www.salvatorianas.org.br\/blog\/padre-jordan-zeloso-missionario\/","title":{"rendered":"Padre Jordan &#8211; Zeloso Mission\u00e1rio"},"content":{"rendered":"<p>&nbsp;<\/p>\n<p>A novena deste dia 08 de outubro, traz como tema:\u00a0<strong>\u201cPadre Jordan\u00a0 \u2013 Zeloso Mission\u00e1rio\u201d<\/strong>.\u00a0 Esta Novena iniciou no dia 08 de fevereiro em comemora\u00e7\u00e3o aos 100 anos da morte\/ressurrei\u00e7\u00e3o do Pe. Francisco Maria da Cruz Jordan e, est\u00e1 sendo encerrada hoje em todos os espa\u00e7os de miss\u00e3o salvatoriana.\u00a0Reze conosco esta novena:<\/p>\n<p style=\"text-align: center;\"><strong>08 de outubro de 2018<\/strong><br \/>\n<strong>Vener\u00e1vel Servo de Deus<\/strong><br \/>\n<strong>Pe. Francisco Maria da Cruz Jordan<\/strong><br \/>\n<strong>Zeloso mission\u00e1rio.<\/strong><\/p>\n<p>\u201cSenhor, que eu esteja sempre abrasado de um grande amor por Ti, e que eu inflame a todos! Que eu seja um facho ardente que arde e ilumina. \u00d3 Deus, atende-me pelos merecimentos de teu Filho Crucificado!\u201d (DE II 20,2)<\/p>\n<p><strong>Comentarista:<\/strong> Vamos iniciar este momento de ora\u00e7\u00e3o invocando a Sant\u00edssima Trindade: Em nome do Pai, + do Filho e do Esp\u00edrito Santo. Am\u00e9m.<br \/>\n<strong>Comentarista:<\/strong> Pe. Jordan sempre teve muito claro que a nossa vida como Fam\u00edlia Salvatoriana estava intimamente ligada \u00e0 miss\u00e3o. Sempre deixou claro que todo salvatoriano e salvatoriana t\u00eam a miss\u00e3o de anunciar Jesus Cristo como \u00fanico Salvador. E tamb\u00e9m faz parte da miss\u00e3o desta Fam\u00edlia ensinar a todos sem distin\u00e7\u00e3o as verdades eternas utilizando de todos os modos e meios que a caridade de Cristo inspira.<br \/>\n<strong>Leitor1:<\/strong> (Globo) Na casa M\u00e3e dos Salvatorianos tem um globo que faz parte do acevo do museu com alguns pertences deixados pelo padre Jordan. Esse globo estava sempre \u00e0 mesa que ficava defronte ao Pe. Jordan. Os que conviveram com o Pai Fundador diziam que ele ficava um bom tempo contemplando o globo e sonhando com a possibilidade de um dia enviar mission\u00e1rios e mission\u00e1rias para todos os pa\u00edses.<br \/>\n<strong>Todos<\/strong> &#8211; canto: No peito eu levo uma cruz e no meu cora\u00e7\u00e3o o que disse Jesus.<br \/>\n<strong>Leitor2:<\/strong> (Pe. Jordan e uma vela): Iremos agora acender uma vela pedindo a Jesus Cristo que da mesma forma que Jordan deixou-se guiar pela luz de Deus, n\u00f3s tamb\u00e9m possamos estar dispon\u00edveis a seguir as pegadas do Divino Salvador como fi\u00e9is disc\u00edpulos mission\u00e1rios.<br \/>\n<strong>Todos<\/strong> &#8211; canto: No peito eu levo uma cruz e no meu cora\u00e7\u00e3o o que disse Jesus.<br \/>\n<strong>Leitor3:<\/strong> (Tecidos ou folhas de papel com as cinco cores dos continentes). Hoje a Fam\u00edlia Salvatoriana se encontra nos cinco continentes. A cor vermelha evoca os primeiros habitantes, os<br \/>\n\u00edndios de toda a Am\u00e9rica, o sangue dos m\u00e1rtires e dos inocentes. Que sejamos Igreja defensora dos pobres e lutemos pela justi\u00e7a social, paz, solidariedade e integridade da cria\u00e7\u00e3o. (Pa\u00edses onde a<br \/>\nFam\u00edlia Salvatoriana est\u00e1 presente: Am\u00e9rica do Sul: Brasil, Col\u00f4mbia, Equador, Peru, Venezuela, Uruguai, Suriname &#8211; Am\u00e9rica do Norte: Estados Unidos, Canad\u00e1, M\u00e9xico. Am\u00e9rica Central:<br \/>\nGuatemala). Rezemos pela Fam\u00edlia Salvatoriana presente no continente americano.<\/p>\n<p><strong>Todos<\/strong> &#8211; canto: Vai, vai mission\u00e1rio do Senhor, vai trabalhar na messe com ardor. Cristo tamb\u00e9m chegou para anunciar: n\u00e3o tenhas medo de evangelizar.<br \/>\n<strong>Leitor1:<\/strong> Somos convidados a acolher a A cor verde que lembra as imensas florestas da \u00c1frica: Fa\u00e7amos comunh\u00e3o com os povos deste continente. A Igreja coloca na \u00c1frica as suas esperan\u00e7as<br \/>\ndevido ao entusiasmo com o qual suas popula\u00e7\u00f5es acolhem a mensagem do Evangelho. Rezemos por todos os mission\u00e1rios e mission\u00e1rias que ali anunciam Jesus Salvador. (Pa\u00edses onde a Fam\u00edlia<br \/>\nSalvatoriana est\u00e1 presente: Mo\u00e7ambique, Congo, Qu\u00eania, Camar\u00f5es, Comores, Tanz\u00e2nia e Z\u00e2mbia). Rezemos pela Fam\u00edlia Salvatoriana presente no continente africano.<br \/>\n<strong>Todos<\/strong> &#8211; canto: Vai, vai mission\u00e1rio do Senhor, vai trabalhar na messe com ardor. Cristo tamb\u00e9m chegou para anunciar: n\u00e3o tenhas medo de evangelizar.<br \/>\n<strong>Leitor2:<\/strong> Acolhamos agora A cor branca que evoca os povos origin\u00e1rios do continente europeu. Rezemos por todos os que vivem na Europa, de onde partiram tantos mission\u00e1rios, mas carece hoje de uma nova evangeliza\u00e7\u00e3o e de voca\u00e7\u00f5es apost\u00f3licas. Rezemos, em particular, pela reafirma\u00e7\u00e3o dos valores crist\u00e3os, para que se terminem as fronteiras pela acolhida dos imigrantes e refugiados que ali chegam diariamente. (Pa\u00edses onde a Fam\u00edlia Salvatoriana est\u00e1 presente: Inglaterra, Tirol Sul, \u00c1ustria, Alb\u00e2nia, B\u00e9lgica, Alemanha, Eslov\u00e1quia, Hungria, It\u00e1lia, Pol\u00f4nia, Rom\u00eania, Ucr\u00e2nia,<br \/>\nBielorr\u00fassia, Rep\u00fablica Checa, Irlanda, Montenegro, R\u00fassia, Esc\u00f3cia, Espanha, Su\u00ed\u00e7a, Reino Unido). Rezemos pela Fam\u00edlia Salvatoriana presente no continente europeu.<br \/>\n<strong>Todos<\/strong> &#8211; canto: No peito eu levo uma cruz e no meu cora\u00e7\u00e3o o que disse Jesus.<br \/>\n<strong>Leitor3:<\/strong> Acolhamos A cor azul que lembra as \u00e1guas azuis dos vastos mares da Oceania. Rezemos por todos os que vivem neste continente formado por milhares de ilhas, cujo acesso dificulta o trabalho mission\u00e1rio, originando que muitas pessoas nunca tenham ouvido falar de Jesus Cristo. (Pa\u00eds onde a Fam\u00edlia Salvatoriana est\u00e1 presente: Austr\u00e1lia). Rezemos pela Fam\u00edlia Salvatoriana presente no continente da Oceania.<br \/>\n<strong>Todos<\/strong> &#8211; canto: No peito eu levo uma cruz e no meu cora\u00e7\u00e3o o que disse Jesus.<br \/>\n<strong>Leitor1:<\/strong> Vamos agora acolher agora cor amarela que evoca os povos origin\u00e1rios do continente asi\u00e1tico, ber\u00e7o das antigas civiliza\u00e7\u00f5es, culturas e religi\u00f5es. Rezemos pela vida desses povos que<br \/>\nvivem no continente asi\u00e1tico. \u00c9 o continente onde Jesus semeou o Evangelho e o seu sangue, mas onde Ele \u00e9 menos conhecido e amado. Foi para a \u00cdndia que Pe. Jordan enviou os primeiros grupos de mission\u00e1rios e mission\u00e1rias. Imploramos ao Senhor a paz, a justi\u00e7a, o di\u00e1logo entre esses povos que vivem em constante conflito e guerra. Pelas fam\u00edlias que precisam enfrentar todos os tipos de perigo para fugir da mis\u00e9ria, viol\u00eancia e persegui\u00e7\u00e3o. (Pa\u00edses onde a Fam\u00edlia Salvatoriana est\u00e1 presente: \u00cdndia, Filipinas, Israel, Jord\u00e2nia, Mal\u00e1sia, Paquist\u00e3o, Palestina, Sri Lanka, Vietn\u00e3, Taiwan). Rezemos pela Fam\u00edlia Salvatoriana presente no continente asi\u00e1tico.<br \/>\n<strong>Todos<\/strong> &#8211; canto: Vai, vai mission\u00e1rio do Senhor, vai trabalhar na messe com ardor. Cristo tamb\u00e9m chegou para anunciar: n\u00e3o tenhas medo de evangelizar.<br \/>\n<strong>Comentarista:<\/strong> Catemos juntos: Tua voz me fez refletir<\/p>\n<p>1. Quando chamaste os doze primeiros pra te seguir, sei que chamavas todos os que haviam de vir.<br \/>\nTua voz me fez refletir, deixei tudo pra Te seguir, nos Teus mares eu quero navegar<br \/>\n2. Quando pediste aos doze primeiros: Ide e ensinai. Sei que pedias a todos n\u00f3s: Evangelizai!<br \/>\n3. Quando enviaste os doze primeiros de dois em dois, sei que enviavas todos os que viessem<br \/>\ndepois.<\/p>\n<p><strong>ORA\u00c7\u00c3O INICIAL &#8211; CHAMADO E RESPOSTA<\/strong> (livro preces salvatorianas, ora\u00e7\u00e3o 51, p\u00e1gina 65)<br \/>\n<strong>Todos:<\/strong> Senhor Jesus Cristo, Salvador do mundo, em todos os tempos chamas homens e mulheres que, a exemplo dos Ap\u00f3stolos, se empenham para que todos te conhe\u00e7am e encontrem em ti a salva\u00e7\u00e3o. Escolheste Francisco Jordan como zeloso e fiel servidor do an\u00fancio apost\u00f3lico. Pela intercess\u00e3o de Maria, M\u00e3e do Salvador e Rainha dos Ap\u00f3stolos, te pedimos: como concedeste a teu servo Francisco, d\u00e1 tamb\u00e9m a n\u00f3s, seus filhos e filhas espirituais, uma inabal\u00e1vel confian\u00e7a em tua amorosa Provid\u00eancia, zelo apost\u00f3lico por teu Reino, dedica\u00e7\u00e3o no servi\u00e7o aos irm\u00e3os e irm\u00e3s, e coragem para te seguir. Pela intercess\u00e3o de teu servo Francisco, atende nossas preces, e ajuda-nos em nossas necessidades. Am\u00e9m.<br \/>\n<strong>Rezando com a Palavra de Deus: Mt ,28 19<\/strong><br \/>\n<strong>Leitor 1:<\/strong> Portanto, v\u00e3o e fa\u00e7am com que todos os povos se tornem meus disc\u00edpulos, batizando-os em nome do Pai, do Filho, e do Esp\u00edrito santo, e ensinando-os a observar tudo o que ordenei a voc\u00eas. Eis que eu estarei com voc\u00eas todos os dias, at\u00e9 o fim do mundo. (Momento de contempla\u00e7\u00e3o) Refletir o que a Palavra de Deus est\u00e1 nos falando hoje.<br \/>\n&#8211; Breve momento de partilha<br \/>\n<strong>Comentarista:<\/strong> Padre Jordan deixa para Fam\u00edlia Salvatoriana uma regra de vida que ficou conhecida como regra de 1884, devido ela ter sido escrita no respectivo ano.<br \/>\n<strong>Lado 1:<\/strong> Car\u00edssimos, ensinai todos os povos, especialmente os pequeninos, a conhecer o Deus verdadeiro e aquele que ele enviou, Jesus Cristo. Conjuro-vos diante de Deus e de Jesus Cristo que<br \/>\njulgar\u00e1 os vivos e os mortos, pela sua apari\u00e7\u00e3o e pelo seu Reino: proclamai a Palavra de Deus, insisti no tempo oportuno e inoportuno, repreendei, suplicai, exortai com toda paci\u00eancia e doutrina.<br \/>\n<strong>Lado 2:<\/strong> Ide, e com perseveran\u00e7a, dizei ao povo todas as palavras de vida eterna. Anunciai e escrevei a todos, sem cessar, a doutrina celeste. Esta \u00e9 a vontade de Deus, car\u00edssimos, que todos conhe\u00e7am as verdades eternas. Suplico-vos, que n\u00e3o vos esquiveis de anunciar todo o des\u00edgnio de Deus, para que possais dizer com S\u00e3o Paulo: estou inocente do sangue de todos.<br \/>\n<strong>Todos:<\/strong> N\u00e3o deixeis, dia e noite, de exortar cada um, at\u00e9 mesmo com l\u00e1grimas. N\u00e3o percais nenhuma oportunidade para anunciardes e ensinardes a todos a doutrina de Deus, publicamente e de casa em casa.<br \/>\n<strong>Rezando com a Fam\u00edlia Salvatoriana hoje<\/strong><\/p>\n<p><strong>Leitor 1:<\/strong> &#8211; \u201cEnquanto ainda houver sobre a terra um \u00fanico ser humano que n\u00e3o conhece a Deus e n\u00e3o o ama sobre todas as coisas, n\u00e3o poder\u00e1s sossegar por um instante sequer\u201d. Pe. Jordan era um homem em sa\u00edda, um zeloso mission\u00e1rio empenhado no an\u00fancio do Evangelho, na defesa da vida de toda a cria\u00e7\u00e3o. Este legado ser\u00e1 sempre um mandato para toda a Fam\u00edlia Salvatoriana. Em cada tempo e lugar precisamos atualizar os meios para chegar a esse fim. A humanidade de ontem e de hoje \u00e9 sedenta de experi\u00eancia de Deus, sejamos zelosos\/as mission\u00e1rios\/as.\u201d Ir. Ver\u00f4nica Fraskoviaki (Religiosa Salvatoriana, te\u00f3loga e agente de pastoral \u2013 Lages\/SC)<br \/>\n<strong>Todos:<\/strong> Bem aventurados\/as os\/as quem anunciam o Divino Salvador.<br \/>\n<strong>Leitor 2:<\/strong> &#8211; \u201cOs caminhos da miss\u00e3o se abrem a cada dia, cada curva, cada encontro. Somos bons e zelosos mission\u00e1rios quando aceitamos os caminhos que o Salvador nos prop\u00f5e, quando nossa vontade \u00e9 conduzida pelo amor universal e quando encontramos a liberdade de sentir a dor e o prazer de servir. Quando ainda houver medo, lembramos o que Pe. Francisco Jordan nos dizia (em PE 152): \u201cMeditai o que fez o Salvador pela Salva\u00e7\u00e3o das almas. Contemplai o que fizeram os santos Ap\u00f3stolos pela salva\u00e7\u00e3o das almas\u201d. Pe. Cesar Augusto Cordeiro de Barros,sds (P\u00f3s graduado em Espiritualidade, Religioso Salvatoriano, Mission\u00e1rio em Mo\u00e7ambique)<br \/>\n<strong>Todos:<\/strong> Bem aventurados\/as os\/as quem anunciam o Divino Salvador.<br \/>\n<strong>Leitor 3:<\/strong> &#8211; \u201cCrist\u00e3os que fazem miss\u00e3o servindo a Deus deve ter zelo mission\u00e1rio pela obra da salva\u00e7\u00e3o, ao anunciar e viver o evangelho na fam\u00edlia, no trabalho, escola e igreja, fa\u00e7a com muita alegria e disposi\u00e7\u00e3o sobretudo com amor pelo nome e gl\u00f3ria de Deus, \u00e9 importante nos dias de hoje cuidar-se e dedicar-se para a edifica\u00e7\u00e3o da igreja e testemunhar a vida perante a comunidade.\u201d Valdimar Mendes Xavier, Coordenador do grupo de Leigos Rainha dos Ap\u00f3stolos, Catequista e da Pastoral do dizimo da Par\u00f3quia Senhora Sant\u00b4Ana Coelho Neto \u2013 MA.<br \/>\n<strong>Todos:<\/strong> Bem aventurados\/as os\/as quem anunciam o Divino Salvador.<br \/>\n<strong>Comentarista:<\/strong> Cantemos \u2013 A Barca.<br \/>\n1. Tu, te abeiraste da praia, n\u00e3o buscaste \/ nem s\u00e1bios nem ricos. Somente queres que eu te siga.<br \/>\nSenhor, Tu me olhaste nos olhos, a sorrir, pronunciaste meu nome,<br \/>\nL\u00e1 na praia, eu larguei o meu barco, junto a Ti, buscarei outro mar.<br \/>\n2. Tu, sabes bem que em meu barco, eu n\u00e3o tenho nem ouro e nem espadas, somente redes e o meu trabalho.<br \/>\n3. Tu, minhas m\u00e3os solicitas, meu cansa\u00e7o que a outros descanse, amor que almejas, seguir te amando.<br \/>\n4. Tu, pescador de outros lagos, \u00e2nsia eterna de almas que esperam, bondoso amigo que assim me chamas.<br \/>\n<strong>Rezando com a Igreja:<\/strong><br \/>\n<strong>Comentarista:<\/strong> Vamos agora acolher o in\u00edcio do texto das alocu\u00e7\u00f5es de n\u00famero 01 que relata a experi\u00eancia vivida pelo Padre Jordan ao enviar os primeiros mission\u00e1rios al\u00e9m fronteira, miss\u00e3o em Assam na \u00cdndia, no dia 17 de janeiro de 1890.<br \/>\n<strong>Leitor 1:<\/strong> Um duplo sentimento inunda hoje nossa alma: um sentimento de dor e de alegria. De dor, se consideramos que nossos caros confrades se despedem de n\u00f3s. A alegria, por\u00e9m, nos invade quando ponderamos que eles partem para a \u00c1sia, para o pa\u00eds que \u00e9 o ber\u00e7o da humanidade, para ali anunciarem o Cristo Crucificado. Por interm\u00e9dio destes nossos confrades, os primeiros a serem enviados por nossa Sociedade, queremos levar a esses povos a paz, a Boa-Nova do Evangelho. Essa alegria deve sobrepujar, e em muito, a dor da separa\u00e7\u00e3o.<\/p>\n<p><strong>Todos cantam:<\/strong> \u00c9 miss\u00e3o de todos n\u00f3s Deus chama, eu quero ouvir a sua voz!<br \/>\n<strong>Leitor 2.<\/strong> Dirijam-se, pois, para a \u00e1rdua luta que os aguarda. Sim, ser\u00e1 uma luta desafiadora! Voc\u00eas v\u00e3o ter de enfrentar os maiores e mais tem\u00edveis inimigos da humanidade: o mundo e o dem\u00f4nio! Mas eu lhes confio uma arma com a qual voc\u00eas h\u00e3o de ser sempre vitoriosos, uma arma diante da qual o inferno estremece. Quando o imperador Constantino marchou contra Max\u00eancio, viu, no c\u00e9u, um sinal com a inscri\u00e7\u00e3o: \u201cNeste sinal vencer\u00e1s\u201d. O sinal era a Cruz. Neste sinal tamb\u00e9m voc\u00eas h\u00e3o de ser vitoriosos junto aos povos e sobre o inferno!<br \/>\n<strong>Todos cantam:<\/strong> \u00c9 miss\u00e3o de todos n\u00f3s Deus chama, eu quero ouvir a sua voz!<br \/>\n<strong>Leitor 3:<\/strong> As obras de Deus s\u00f3 vingam \u00e0 sombra da cruz. Voc\u00eas devem salvar almas com trabalho, canseira, suor e, possivelmente, at\u00e9 com o pr\u00f3prio sangue! E se, por vezes, isto lhes parecer dif\u00edcil, ergam o olhar ao Divino Mestre, pendente na cruz, entre o c\u00e9u e a terra, abandonado por Deus e pelos<br \/>\nhomens!<br \/>\n<strong>Todos cantam:<\/strong> \u00c9 miss\u00e3o de todos n\u00f3s Deus chama, eu quero ouvir a sua voz!<br \/>\n<strong>Leitor 4:<\/strong> Repito: quanto maiores os sofrimentos, tanto maior o sucesso! Mesmo que nos planos da Provid\u00eancia constasse que voc\u00eas devem derramar, como m\u00e1rtires, o pr\u00f3prio sangue, olhem para a cruz e n\u00e3o lhes parecer\u00e1 dif\u00edcil! E o sucesso n\u00e3o h\u00e1 de faltar! Mesmo que voc\u00eas n\u00e3o pudessem experiment\u00e1lo em vida, estejam firmemente convencidos de que Deus h\u00e1 de aben\u00e7oar seus trabalhos em prol daqueles que os ir\u00e3o suceder!<br \/>\n<strong>Todos cantam:<\/strong> \u00c9 miss\u00e3o de todos n\u00f3s Deus chama, eu quero ouvir a sua voz!<br \/>\n<strong>Leitor 1:<\/strong> Partam, pois, em nome de Deus! Permane\u00e7am sempre unidos aos irm\u00e3os, at\u00e9 que nos saudemos novamente, l\u00e1 no alto, em meio \u00e0 eterna alegria e deslumbramento!<br \/>\nTempo de contempla\u00e7\u00e3o. (Instantes de Sil\u00eancio)<br \/>\n<strong>SOL DA JUSTI\u00c7A<\/strong><br \/>\n(N\u00famero 04 do livro Preces Salvatoriana, CIS 54)<br \/>\nSenhor Jesus Cristo, Sol da Justi\u00e7a, ilumina e abrasa minha vida para que meus passos sejam como a luz da manh\u00e3, que caminha e cresce em dire\u00e7\u00e3o \u00e0 plenitude do dia.<br \/>\n\u00d3 Salvador de todos, que eu esteja sempre abrasado de um grande amor por ti, e que eu inflame a todos. Que eu seja um facho que arde e ilumina!<br \/>\nSenhor Jesus Cristo, recebe minha vida e tudo o que possuo! Eis-me aqui: envia-me!<br \/>\nMostra-me os caminhos para conduzir todos a Ti e, com a tua gra\u00e7a, salvar a todos! \u00d3 Salvador do<br \/>\nmundo! \u00d3 Salvador de todos! S\u00ea nosso Salvador! Am\u00e9m.<\/p>\n<p><strong>B\u00ean\u00e7\u00e3o de Padre Jordan:<\/strong><br \/>\nAben\u00e7oe-vos Deus Todo Poderoso: Pai, Filho e Esp\u00edrito Santo.<\/p>\n","protected":false},"excerpt":{"rendered":"<p>&nbsp; A novena deste dia 08 de outubro, traz como tema:\u00a0\u201cPadre Jordan\u00a0 \u2013 Zeloso Mission\u00e1rio\u201d.\u00a0 Esta Novena iniciou no dia 08 de fevereiro em comemora\u00e7\u00e3o aos 100 anos da morte\/ressurrei\u00e7\u00e3o do Pe. Francisco&#8230;<\/p>\n","protected":false},"author":2,"featured_media":7499,"comment_status":"open","ping_status":"open","sticky":false,"template":"","format":"standard","meta":[],"categories":[27,1],"tags":[],"_links":{"self":[{"href":"https:\/\/www.salvatorianas.org.br\/blog\/wp-json\/wp\/v2\/posts\/7498"}],"collection":[{"href":"https:\/\/www.salvatorianas.org.br\/blog\/wp-json\/wp\/v2\/posts"}],"about":[{"href":"https:\/\/www.salvatorianas.org.br\/blog\/wp-json\/wp\/v2\/types\/post"}],"author":[{"embeddable":true,"href":"https:\/\/www.salvatorianas.org.br\/blog\/wp-json\/wp\/v2\/users\/2"}],"replies":[{"embeddable":true,"href":"https:\/\/www.salvatorianas.org.br\/blog\/wp-json\/wp\/v2\/comments?post=7498"}],"version-history":[{"count":7,"href":"https:\/\/www.salvatorianas.org.br\/blog\/wp-json\/wp\/v2\/posts\/7498\/revisions"}],"predecessor-version":[{"id":7506,"href":"https:\/\/www.salvatorianas.org.br\/blog\/wp-json\/wp\/v2\/posts\/7498\/revisions\/7506"}],"wp:featuredmedia":[{"embeddable":true,"href":"https:\/\/www.salvatorianas.org.br\/blog\/wp-json\/wp\/v2\/media\/7499"}],"wp:attachment":[{"href":"https:\/\/www.salvatorianas.org.br\/blog\/wp-json\/wp\/v2\/media?parent=7498"}],"wp:term":[{"taxonomy":"category","embeddable":true,"href":"https:\/\/www.salvatorianas.org.br\/blog\/wp-json\/wp\/v2\/categories?post=7498"},{"taxonomy":"post_tag","embeddable":true,"href":"https:\/\/www.salvatorianas.org.br\/blog\/wp-json\/wp\/v2\/tags?post=7498"}],"curies":[{"name":"wp","href":"https:\/\/api.w.org\/{rel}","templated":true}]}}