{"id":748,"date":"2016-10-02T00:00:00","date_gmt":"2016-10-02T00:00:00","guid":{"rendered":"https:\/\/www.salvatorianas.org.br\/blog\/papa-francisco-no-azerbaijao-fe-e-servico-estao-interligados\/"},"modified":"2016-10-02T00:00:00","modified_gmt":"2016-10-02T00:00:00","slug":"papa-francisco-no-azerbaijao-fe-e-servico-estao-interligados","status":"publish","type":"post","link":"https:\/\/www.salvatorianas.org.br\/blog\/papa-francisco-no-azerbaijao-fe-e-servico-estao-interligados\/","title":{"rendered":"Papa Francisco no Azerbaij\u00e3o: f\u00e9 e servi\u00e7o est\u00e3o interligados"},"content":{"rendered":"<p class=\"MsoNormal\" style=\"text-align:justify\">O primeiro compromisso do papa,em terras azerbaijanas, foi a solene celebra&ccedil;&atilde;o Eucar&iacute;stica, na igreja daImaculada Concei&ccedil;&atilde;o, o primeiro templo cat&oacute;lico de Baku, inaugurado em 1912, noCentro dos Salesianos. <\/p>\n<p class=\"MsoNormal\" style=\"text-align:justify\">Hoje a pequena Comunidade dosSalesianos representa todo o clero do Azerbaij&atilde;o: 6 sacerdotes, 3 irm&atilde;os e umjovem aut&oacute;ctone em forma&ccedil;&atilde;o, prestes a se tornar Di&aacute;cono. O Centro SalesianoMaryam, dedicado a Nossa Senhora, &eacute; composto de um centro educacional paracrian&ccedil;as e adolescentes, e refeit&oacute;rio para pobres e refugiados. Com osreligiosos Salesianos, trabalham algumas Mission&aacute;rias da Caridade, muito ativasentre as pessoas idosas e mais necessitadas da capital azerbaijana, e duasFilhas de Maria Auxiliadora.<\/p>\n<p class=\"MsoNormal\" style=\"text-align:justify\">Assim, o Santo Padre presidiu &agrave;celebra&ccedil;&atilde;o da Santa Missa na pequena igreja do Centro Salesiano, que podeconter 300 pessoas.<\/p>\n<p class=\"MsoNormal\" style=\"text-align:justify\">Em sua homilia, Franciscoapresentou, com base na liturgia do dia, dois aspectos essenciais da vidacrist&atilde;: a f&eacute; e o servi&ccedil;o. A prop&oacute;sito da f&eacute;, o Papa aconselhou a fazer doispedidos particulares ao Senhor:<\/p>\n<p class=\"MsoNormal\" style=\"text-align:justify\">&ldquo;O primeiro &eacute; do profeta Habacuc,que suplica a Deus para intervir e restabelecer a justi&ccedil;a e a paz, que oshomens romperam com as viol&ecirc;ncias, lutas e contendas. Mas, Deus n&atilde;o interv&eacute;m en&atilde;o resolve com a for&ccedil;a a situa&ccedil;&atilde;o. Pelo contr&aacute;rio, convida a aguardar compaci&ecirc;ncia, sem nunca perder a esperan&ccedil;a e a f&eacute;&rdquo;.<\/p>\n<p class=\"MsoNormal\" style=\"text-align:justify\">\n<p style=\"text-align: center; padding-top: 20px; padding-bottom: 20px; border: 0px; font-variant-numeric: inherit; font-stretch: inherit; font-size: 16px; line-height: 24px; font-family: Verdana, Geneva, sans-serif; vertical-align: baseline; color: rgb(68, 68, 68); background-color: rgb(255, 255, 255);\"><iframe loading=\"lazy\" allowfullscreen=\"\" frameborder=\"0\" height=\"360\" src=\"http:\/\/www.youtube.com\/embed\/22MyazmdKMw?rel=0\" width=\"640\" style=\"margin: 0px; padding: 0px; border-width: 0px; border-style: initial; font-style: inherit; font-variant: inherit; font-weight: inherit; font-stretch: inherit; font-size: inherit; line-height: inherit; font-family: inherit; vertical-align: baseline;\"><\/iframe><\/p>\n<\/p>\n<p class=\"MsoNormal\" style=\"text-align:justify\">Deus n&atilde;o atende a nossa vontadede mudar imediatamente o mundo e os outros, mas quer, antes de tudo,transformar o cora&ccedil;&atilde;o. Ele muda o mundo, mudando os nossos cora&ccedil;&otilde;es, mediante anossa colabora&ccedil;&atilde;o. Devemos abrir-lhe a porta do cora&ccedil;&atilde;o, para que ele possaentrar na nossa vida. Trata-se de uma abertura de confian&ccedil;a e de f&eacute;. E o Papapassou a explicar o segundo pedido que devemos fazer ao Senhor:<\/p>\n<p class=\"MsoNormal\" style=\"text-align:justify\">&ldquo;O segundo pedido &eacute; aquele que,no Evangelho, os Ap&oacute;stolos dirigem ao Senhor: &ldquo;Aumentai a nossa f&eacute;!&rdquo; &Eacute; um bompedido, uma s&uacute;plica que dever&iacute;amos dirigir a Deus todos os dias. Mas a respostadivina &eacute; surpreendente: &ldquo;Se tiverem f&eacute;&#8230;&rdquo;. Ele nos pede para ter f&eacute;, porque af&eacute; &eacute; um dom de Deus e deve sempre ser pedida e cultivada por n&oacute;s&rdquo;.<\/p>\n<p class=\"MsoNormal\" style=\"text-align:justify\">Mas a f&eacute;, afirmou Francisco, n&atilde;o&eacute; uma for&ccedil;a m&aacute;gica que cai do c&eacute;u, n&atilde;o &eacute; um &lsquo;dote&rsquo; pessoal para sempre,tampouco um superpoder para resolver os nossos problemas. A f&eacute; n&atilde;o deve serconfundida com bem-estar, como consola&ccedil;&atilde;o para termos paz no cora&ccedil;&atilde;o. A f&eacute; &eacute; ofio de ouro que nos liga ao Senhor, a pura alegria de estar unido a Ele. Aopoder da f&eacute;, o Senhor acrescenta o poder do servi&ccedil;o. F&eacute; e servi&ccedil;o est&atilde;ointerligados.<\/p>\n<p class=\"MsoNormal\" style=\"text-align:justify\">Para explicar esta interliga&ccedil;&atilde;o,o Pont&iacute;fice utilizou a imagem que &eacute; muito familiar para os azerbaijanos: ostapetes. &ldquo;Os seus tapetes, comparou o Papa, s&atilde;o verdadeiras obras de arte,provenientes de uma antiga tradi&ccedil;&atilde;o&rdquo;.<\/p>\n<p class=\"MsoNormal\" style=\"text-align:justify\">Assim acontece com a vida crist&atilde;,que vem de longe, disse Francisco: &eacute; um dom que recebemos na Igreja e prov&eacute;m docora&ccedil;&atilde;o de Deus, que deseja fazer de cada um de n&oacute;s &ldquo;uma obra-prima&rdquo; da cria&ccedil;&atilde;oe da hist&oacute;ria. A vida crist&atilde;, como acontece com o tapete, tem que serpacientemente tecida, a cada dia, entrela&ccedil;ando a f&eacute; e o servi&ccedil;o. Assim, a f&eacute;causa maravilhas, sempre unida ao servi&ccedil;o. E o Papa perguntou: Mas que &eacute; oservi&ccedil;o? E respondeu:<\/p>\n<p class=\"MsoNormal\" style=\"text-align:justify\">&ldquo;Poder&iacute;amos pensar que (oservi&ccedil;o) consiste apenas em ser fi&eacute;is aos nossos deveres ou em praticar uma boaa&ccedil;&atilde;o. Mas, para Jesus, &eacute; muito mais: &eacute; disponibilidade total em nossa vida. Elenos deu o exemplo vindo ao mundo para servir e dar a sua vida. Isto se realizaainda hoje quando celebramos a Eucaristia, mediante a qual o Senhor est&aacute; entren&oacute;s para servir e amar&rdquo;.<\/p>\n<p class=\"MsoNormal\" style=\"text-align:justify\">Portanto, frisou o Papa, n&atilde;osomos chamados a servir apenas para sermos recompensados, mas para imitar Deus,que se fez servo por amor. Logo, o servi&ccedil;o se torna estilo de vida crist&atilde;:devemos servir a Deus na adora&ccedil;&atilde;o e na ora&ccedil;&atilde;o, sendo abertos e dispon&iacute;veis,amando o pr&oacute;ximo e trabalhando com ardor pelo bem comum. Ap&oacute;s ter apresentadoduas tenta&ccedil;&otilde;es da vida crist&atilde;, tepidez e senhoria, Francisco animou o pequenorebanho azerbaijano:<\/p>\n<p class=\"MsoNormal\" style=\"text-align:justify\">Estou certo, por&eacute;m, de que,fixando seus olhos nos exemplos daqueles que lhes precederam na f&eacute;, n&atilde;odeixar&atilde;o entibiar seu cora&ccedil;&atilde;o. Toda a Igreja, que nutre uma simpatia especialpor voc&ecirc;s, os encoraja. Voc&ecirc;s s&atilde;o um pequeno rebanho, mas muito precioso aosolhos de Deus&rdquo;.<\/p>\n<p class=\"MsoNormal\" style=\"text-align:justify\">Por fim, retomando a imagem do&ldquo;tapete&rdquo;, o Santo Padre a aplicou &agrave; pequena comunidade cat&oacute;lica azerbaijana:cada um &eacute; como um espl&ecirc;ndido fio de seda, que, unidos e entrela&ccedil;ados, criam umalinda composi&ccedil;&atilde;o. E os exortou:<\/p>\n<p class=\"MsoNormal\" style=\"text-align:justify\">&ldquo;Permane&ccedil;am sempre unidos,vivendo humildemente na caridade e na alegria. O Senhor, que mant&eacute;m a harmoniaentre as diferen&ccedil;as, os proteger&aacute;. Por intercess&atilde;o da Imaculada Concei&ccedil;&atilde;o e deSanta Teresa de Calcut&aacute;, cujos frutos de f&eacute; e servi&ccedil;o est&atilde;o presentes no meiode voc&ecirc;s, acolham as palavras, que resumem a mensagem de hoje: &ldquo;O fruto da f&eacute; &eacute;o amor. O fruto do amor &eacute; o servi&ccedil;o. O fruto do servi&ccedil;o &eacute; a paz&rdquo;.<\/p>\n<p class=\"MsoNormal\" style=\"text-align:justify\">Fonte: R&aacute;dio Vaticano<\/p>\n","protected":false},"excerpt":{"rendered":"<p>O primeiro compromisso do papa,em terras azerbaijanas, foi a solene celebra&ccedil;&atilde;o Eucar&iacute;stica, na igreja daImaculada Concei&ccedil;&atilde;o, o primeiro templo cat&oacute;lico de Baku, inaugurado em 1912, noCentro dos Salesianos. Hoje a pequena Comunidade dosSalesianos&#8230;<\/p>\n","protected":false},"author":1,"featured_media":1403,"comment_status":"open","ping_status":"open","sticky":false,"template":"","format":"standard","meta":[],"categories":[1],"tags":[],"_links":{"self":[{"href":"https:\/\/www.salvatorianas.org.br\/blog\/wp-json\/wp\/v2\/posts\/748"}],"collection":[{"href":"https:\/\/www.salvatorianas.org.br\/blog\/wp-json\/wp\/v2\/posts"}],"about":[{"href":"https:\/\/www.salvatorianas.org.br\/blog\/wp-json\/wp\/v2\/types\/post"}],"author":[{"embeddable":true,"href":"https:\/\/www.salvatorianas.org.br\/blog\/wp-json\/wp\/v2\/users\/1"}],"replies":[{"embeddable":true,"href":"https:\/\/www.salvatorianas.org.br\/blog\/wp-json\/wp\/v2\/comments?post=748"}],"version-history":[{"count":0,"href":"https:\/\/www.salvatorianas.org.br\/blog\/wp-json\/wp\/v2\/posts\/748\/revisions"}],"wp:featuredmedia":[{"embeddable":true,"href":"https:\/\/www.salvatorianas.org.br\/blog\/wp-json\/wp\/v2\/media\/1403"}],"wp:attachment":[{"href":"https:\/\/www.salvatorianas.org.br\/blog\/wp-json\/wp\/v2\/media?parent=748"}],"wp:term":[{"taxonomy":"category","embeddable":true,"href":"https:\/\/www.salvatorianas.org.br\/blog\/wp-json\/wp\/v2\/categories?post=748"},{"taxonomy":"post_tag","embeddable":true,"href":"https:\/\/www.salvatorianas.org.br\/blog\/wp-json\/wp\/v2\/tags?post=748"}],"curies":[{"name":"wp","href":"https:\/\/api.w.org\/{rel}","templated":true}]}}