{"id":744,"date":"2016-10-04T00:00:00","date_gmt":"2016-10-04T00:00:00","guid":{"rendered":"https:\/\/www.salvatorianas.org.br\/blog\/intencao-de-oracao-do-papa-para-o-mes-de-outubro-informacao-a-servico-da-cultura-do-encontro\/"},"modified":"2016-10-04T00:00:00","modified_gmt":"2016-10-04T00:00:00","slug":"intencao-de-oracao-do-papa-para-o-mes-de-outubro-informacao-a-servico-da-cultura-do-encontro","status":"publish","type":"post","link":"https:\/\/www.salvatorianas.org.br\/blog\/intencao-de-oracao-do-papa-para-o-mes-de-outubro-informacao-a-servico-da-cultura-do-encontro\/","title":{"rendered":"Inten\u00e7\u00e3o de Ora\u00e7\u00e3o  do Papa para o m\u00eas de outubro:  informa\u00e7\u00e3o a servi\u00e7o da cultura do encontro"},"content":{"rendered":"<p class=\"MsoNormal\">[imagem1]<\/p>\n<p class=\"MsoNormal\"><\/p>\n<p class=\"MsoNormal\"><\/p>\n<p class=\"MsoNormal\">Foi divulgado nesta ter&ccedil;a-feira, 4, o v&iacute;deo do PapaFrancisco com as inten&ccedil;&otilde;es de ora&ccedil;&atilde;o para outubro. &ldquo;Para que os jornalistas, nodesempenho da sua profiss&atilde;o, sejam sempre animados pelo respeito pela verdade epor um forte sentido &eacute;tico&rdquo;, pede Francisco. <\/p>\n<p class=\"MsoNormal\">Neste m&ecirc;s, uma peculiaridade: jornalistas de diferentespa&iacute;ses se uniram ao Papa nessa inten&ccedil;&atilde;o e participaram do v&iacute;deo.<\/p>\n<p class=\"MsoNormal\"><\/p>\n<p class=\"MsoNormal\"><b>Eis as palavras deFrancisco:<\/b><\/p>\n<p class=\"MsoNormal\">&ldquo;Costumo perguntar-me: Como se podem colocar os meios decomunica&ccedil;&atilde;o ao servi&ccedil;o de uma cultura do encontro? Precisamos de informa&ccedil;&atilde;o queleve ao compromisso com o bem da humanidade e do planeta. Une-te a mim nestepedido. Para que os jornalistas, no desempenho da sua profiss&atilde;o, sejam sempreanimados pelo respeito pela verdade e por um forte sentido &eacute;tico. Ajudas-me adifundir esta inten&ccedil;&atilde;o?&rdquo;<\/p>\n<p class=\"MsoNormal\"><\/p>\n<p class=\"MsoNormal\">Do Brasil, aparece no v&iacute;deo Danusa Rego, da Can&ccedil;&atilde;o Nova.&nbsp; Veja abaixo:<\/p>\n<p class=\"MsoNormal\"><\/p>\n<p style=\"text-align: center; padding-top: 20px; padding-bottom: 20px; border: 0px; font-variant-numeric: inherit; font-stretch: inherit; font-size: 16px; line-height: 24px; font-family: Verdana, Geneva, sans-serif; vertical-align: baseline; color: rgb(68, 68, 68); background-color: rgb(255, 255, 255);\"><iframe loading=\"lazy\" allowfullscreen=\"\" frameborder=\"0\" height=\"360\" src=\"http:\/\/www.youtube.com\/embed\/hp7R7shnN9U?rel=0\" width=\"640\" style=\"margin: 0px; padding: 0px; border-width: 0px; border-style: initial; font-style: inherit; font-variant: inherit; font-weight: inherit; font-stretch: inherit; font-size: inherit; line-height: inherit; font-family: inherit; vertical-align: baseline;\"><\/iframe><\/p>\n<p style=\"text-align: center; padding-top: 20px; padding-bottom: 20px; border: 0px; font-variant-numeric: inherit; font-stretch: inherit; font-size: 16px; line-height: 24px; font-family: Verdana, Geneva, sans-serif; vertical-align: baseline; color: rgb(68, 68, 68); background-color: rgb(255, 255, 255);\"><\/p>\n<p style=\"text-align: center; padding-top: 20px; padding-bottom: 20px; border: 0px; font-variant-numeric: inherit; font-stretch: inherit; font-size: 16px; line-height: 24px; font-family: Verdana, Geneva, sans-serif; vertical-align: baseline; color: rgb(68, 68, 68); background-color: rgb(255, 255, 255);\"><\/p>\n","protected":false},"excerpt":{"rendered":"<p>[imagem1] Foi divulgado nesta ter&ccedil;a-feira, 4, o v&iacute;deo do PapaFrancisco com as inten&ccedil;&otilde;es de ora&ccedil;&atilde;o para outubro. &ldquo;Para que os jornalistas, nodesempenho da sua profiss&atilde;o, sejam sempre animados pelo respeito pela verdade epor&#8230;<\/p>\n","protected":false},"author":1,"featured_media":1396,"comment_status":"open","ping_status":"open","sticky":false,"template":"","format":"standard","meta":[],"categories":[1],"tags":[],"_links":{"self":[{"href":"https:\/\/www.salvatorianas.org.br\/blog\/wp-json\/wp\/v2\/posts\/744"}],"collection":[{"href":"https:\/\/www.salvatorianas.org.br\/blog\/wp-json\/wp\/v2\/posts"}],"about":[{"href":"https:\/\/www.salvatorianas.org.br\/blog\/wp-json\/wp\/v2\/types\/post"}],"author":[{"embeddable":true,"href":"https:\/\/www.salvatorianas.org.br\/blog\/wp-json\/wp\/v2\/users\/1"}],"replies":[{"embeddable":true,"href":"https:\/\/www.salvatorianas.org.br\/blog\/wp-json\/wp\/v2\/comments?post=744"}],"version-history":[{"count":0,"href":"https:\/\/www.salvatorianas.org.br\/blog\/wp-json\/wp\/v2\/posts\/744\/revisions"}],"wp:featuredmedia":[{"embeddable":true,"href":"https:\/\/www.salvatorianas.org.br\/blog\/wp-json\/wp\/v2\/media\/1396"}],"wp:attachment":[{"href":"https:\/\/www.salvatorianas.org.br\/blog\/wp-json\/wp\/v2\/media?parent=744"}],"wp:term":[{"taxonomy":"category","embeddable":true,"href":"https:\/\/www.salvatorianas.org.br\/blog\/wp-json\/wp\/v2\/categories?post=744"},{"taxonomy":"post_tag","embeddable":true,"href":"https:\/\/www.salvatorianas.org.br\/blog\/wp-json\/wp\/v2\/tags?post=744"}],"curies":[{"name":"wp","href":"https:\/\/api.w.org\/{rel}","templated":true}]}}