{"id":7182,"date":"2018-09-08T02:00:18","date_gmt":"2018-09-08T02:00:18","guid":{"rendered":"https:\/\/www.salvatorianas.org.br\/blog\/?p=7182"},"modified":"2018-09-08T20:40:12","modified_gmt":"2018-09-08T20:40:12","slug":"padre-jordan-homem-da-paz","status":"publish","type":"post","link":"https:\/\/www.salvatorianas.org.br\/blog\/padre-jordan-homem-da-paz\/","title":{"rendered":"Padre Jordan &#8211; Homem da paz"},"content":{"rendered":"<p>Neste dia 08 de setembro,\u00a0 Dia\u00a0 que marca a celebra\u00e7\u00e3o dos 100 anos da Morte\/Ressurrei\u00e7\u00e3o do Vener\u00e1vel Servo de Deus, Pe. Francisco Maria da Cruz Jordan a novena deste dia memor\u00e1vel traz como tema:\u00a0<strong>\u201cPadre Jordan\u00a0 \u2013 Homem da Paz\u201d<\/strong>.\u00a0 Esta Novena iniciou no dia 08 de fevereiro e foi rezada todo dia 08 de cada m\u00eas nos espa\u00e7os de miss\u00e3o salvatoriana.\u00a0Reze conosco esta novena:<\/p>\n<p style=\"text-align: center;\"><strong>08 DE SETEMBRO DE 2018<\/strong><\/p>\n<p style=\"text-align: center;\"><strong>Vener\u00e1vel Servo de Deus<\/strong><\/p>\n<p style=\"text-align: center;\"><strong>Pe. Francisco Maria da Cruz Jordan<\/strong><\/p>\n<p style=\"text-align: center;\"><strong>\u00a0<\/strong><strong>Homem da paz<\/strong><\/p>\n<p style=\"text-align: center;\"><strong>\u00a0<\/strong><\/p>\n<p style=\"text-align: center;\"><em>\u201cEvita discuss\u00f5es, sobretudo em se tratando de quest\u00f5es sem muita import\u00e2ncia. Fala sempre com todos <\/em><em>com \u00e2nimo moderado\u201d<\/em> (DE I 14,3-4)<\/p>\n<p><strong>Comentarista: <\/strong>vamos iniciar este momento de ora\u00e7\u00e3o, invocando a Sant\u00edssima Trindade:\u00a0 em nome do Pai, + do Filho e do Esp\u00edrito Santo. Am\u00e9m.<\/p>\n<p><strong>Comentarista:<\/strong> estamos inseridos num mundo que cada vez mais clama por pessoas que estejam dispostas a construir a paz. O mundo clama por paz. E olhando para a vida de Pe. Jordan, podemos dizer que a maneira como ele agiu nos faz crer\u00a0 que, de fato, foi um homem da paz. Padre Tavares, sds, dizia que quando Cristo desejou a paz aos disc\u00edpulos logo ap\u00f3s a ressurrei\u00e7\u00e3o ele inclu\u00eda na palavra <em>shalon<\/em> tr\u00eas express\u00f5es e afirma\u00e7\u00f5es: <em>\u201ceu estou aqui\u201d; \u201cde que voc\u00ea est\u00e1 precisando?\u201d<\/em>; e <em>\u201cpode contar comigo\u201d<\/em>. Dessa maneira compreendemos verdadeiramente a paz, isso \u00e9, sendo solid\u00e1rios a outras pessoas.<\/p>\n<p><strong>Leitor 1<\/strong><strong>: <\/strong>no dia 08 de setembro celebramos a festa do nascimento de Nossa Senhora. O casal Joaquim e Ana foram agraciados com uma filha muito especial. Maria foi sens\u00edvel ao apelo do povo de Deus, e o seu \u201csim\u201d a Deus marcou de maneira espl\u00eandida a hist\u00f3ria da salva\u00e7\u00e3o.<\/p>\n<p><strong>Todos:<\/strong> <strong>somos respons\u00e1veis pela paz.<\/strong><\/p>\n<p><strong>Leitor 2:<\/strong> iremos agora, Senhor, acender uma vela para recordar o dia que Padre Jordan partiu para a presen\u00e7a do Pai. Passamos pelo mundo deixando a nossa contribui\u00e7\u00e3o. Pe. Jordan contribuiu muito com a Igreja, com a sociedade e com a humanidade, e recordar a sua passagem pelo mundo \u00e9 ter a certeza de que ele fez a diferen\u00e7a.<\/p>\n<p><strong>Todos:<\/strong> <strong>somos respons\u00e1veis pela paz!<\/strong><\/p>\n<p><strong>Leitor 3 :<\/strong> essa bandeira lembra o nosso compromisso e nossa responsabilidade pela paz a qual come\u00e7a com pequenos gestos e com nossa postura de delicadeza. A paz t\u00e3o sonhada pede espa\u00e7o, e vamos juntos assumir essa bandeira.<\/p>\n<p><strong>Todos:<\/strong> <strong>somos respons\u00e1veis pela paz!<\/strong><\/p>\n<p><strong>Leitor 1<\/strong><strong>: <\/strong>a Palavra de Deus sempre ilumina a nossa caminhada. Ajuda-nos a compreender o convite que Deus nos faz. Rezemos com o Salmo 85, que nos diz no vers\u00edculo 11: <em>amor e verdade se encontram, justi\u00e7a e paz se abra\u00e7am<\/em>.<\/p>\n<p><strong>Todos:<\/strong> <strong>somos respons\u00e1veis pela paz!<\/strong><\/p>\n<p><strong>\u00a0<\/strong><strong>Leitor 2<\/strong>: recordemos o que nos fala Padre Jordan em seu Di\u00e1rio Espiritual:<\/p>\n<p><em>\u201c<strong>Evita discuss\u00f5es, sobretudo, em se tratando de quest\u00f5es sem muita import\u00e2ncia. Fala sempre com todos com \u00e2nimo moderado\u201d.<\/strong><\/em><\/p>\n<p><strong>\u00a0<\/strong><\/p>\n<p><strong>Comentarista:<\/strong> a paz faz parte do processo de salva\u00e7\u00e3o. Pe. Jordan sonhava com a paz mundial e desejava que os povos percebessem que a sua constru\u00e7\u00e3o depende do esfor\u00e7o de todos. Nos conflitos, sempre buscava o di\u00e1logo como uma maneira de encontrar o caminho que levasse \u00e0 paz.<\/p>\n<p><strong>\u00a0<\/strong><strong>Cantemos: Utopia<\/strong> (Z\u00e9 Vicente)<\/p>\n<p>Quando o dia da paz renascer,\/quando o Sol da esperan\u00e7a brilhar \/eu vou cantar. Quando o povo nas ruas sorrir \/ e a roseira de novo florir, eu vou cantar. Quando as cercas ca\u00edrem no ch\u00e3o,\/quando as mesas se encherem de p\u00e3o\/eu vou cantar.<\/p>\n<p>Quando os muros que cercam os jardins, destru\u00eddos \/ent\u00e3o os jasmins v\u00e3o perfumar. Vai ser t\u00e3o bonito se ouvir a can\u00e7\u00e3o\/cantada de novo. No olhar da gente a certeza de irm\u00e3os\/ reinado do povo. Quando as armas da destrui\u00e7\u00e3o \/destru\u00eddas em cada na\u00e7\u00e3o\/eu vou sonhar\/e o decreto que encerra a opress\u00e3o\/assinado s\u00f3 no cora\u00e7\u00e3o\/vai triunfar.<\/p>\n<p>Quando a voz da verdade se ouvir \/ e a mentira n\u00e3o mais existir \/ ser\u00e1 enfim. Tempo novo de eterna justi\u00e7a \/ sem mais \u00f3dio sem sangue ou cobi\u00e7a \/ vai ser assim.<\/p>\n<p><strong>Vai ser t\u00e3o bonito se ouvir a can\u00e7\u00e3o\/cantada de novo\/no olhar da gente a certeza de irm\u00e3os\/reinado do povo<\/strong><\/p>\n<p>&nbsp;<\/p>\n<p style=\"text-align: center;\"><strong>ORA\u00c7\u00c3O INICIAL &#8211;<\/strong> <strong>CHAMADO E RESPOSTA<\/strong><\/p>\n<p><strong>Todos: <\/strong><em>Senhor Jesus Cristo, Salvador do mundo, em todos os tempos chamas homens e mulheres que, a exemplo dos Ap\u00f3stolos, se empenham para que todos te conhe\u00e7am e encontrem em ti a salva\u00e7\u00e3o.<\/em><\/p>\n<p><em>Escolheste Francisco Jordan como zeloso e fiel servidor do an\u00fancio apost\u00f3lico. Pela intercess\u00e3o de Maria, M\u00e3e do Salvador, e Rainha dos Ap\u00f3stolos, te pedimos: como concedeste a teu servo Francisco, d\u00e1 tamb\u00e9m a n\u00f3s, seus filhos e filhas espirituais, uma inabal\u00e1vel confian\u00e7a em tua amorosa Provid\u00eancia, zelo apost\u00f3lico por teu Reino, dedica\u00e7\u00e3o no servi\u00e7o aos irm\u00e3os e irm\u00e3s, e coragem para te seguir.<\/em><\/p>\n<p><em>Pela intercess\u00e3o de teu servo Francisco, atende nossas preces e ajuda-nos em nossas necessidades. Am\u00e9m.<\/em><\/p>\n<p>&nbsp;<\/p>\n<p style=\"text-align: center;\"><strong>Rezando com a Palavra de Deus: Sl 4, 7-9<\/strong><\/p>\n<p><strong>\u00a0<\/strong><strong>Leitor 1: <\/strong>muitos dizem: <em>\u201cQuem nos far\u00e1 ver o bem?\u201d.<\/em> Iahweh, levanta sobre n\u00f3s a luz da tua face. Puseste em meu cora\u00e7\u00e3o mais alegria do eu quando seu trigo e seu vinho transbordam. Em paz me deito e logo adorme\u00e7o, porque s\u00f3 tu, Iahweh, me fazes viver em seguran\u00e7a.<\/p>\n<p>Momento de contempla\u00e7\u00e3o &#8211; refletir o que a Palavra de Deus est\u00e1 nos falando hoje.<\/p>\n<p>&#8211; Breve momento de partilha.<\/p>\n<p><strong>Comentarista: <\/strong>rezemos levando em conta o que nos diz o nosso Fundador.<\/p>\n<p><strong>Leitor 1: <\/strong>por interm\u00e9dio destes nossos confrades, os primeiros a serem enviados por nossa Sociedade, queremos levar a esses povos a paz, a Boa-Nova do Evangelho. Essa alegria deve sobrepujar, e em muito, a dor da separa\u00e7\u00e3o (Alocu\u00e7\u00f5es 01 de 17\/01\/1890).<\/p>\n<p><strong>\u00a0<\/strong><strong>Todos:<\/strong> <strong>que a paz de Deus esteja sempre presente nas nossas rela\u00e7\u00f5es.<\/strong><\/p>\n<p><strong>\u00a0<\/strong><strong>Leitor 2: <\/strong>e agora, v\u00e3o em paz e permane\u00e7am intimamente unidos conosco! De minha parte, eu lhes asseguro, que voc\u00eas est\u00e3o inscritos em meu cora\u00e7\u00e3o. Permane\u00e7am constantemente unidos conosco, a fim de que formemos uma fam\u00edlia bem unida em todo o orbe terrestre, e que n\u00f3s possamos reencontrar um dia na p\u00e1tria eterna. (Alocu\u00e7\u00f5es 03 de 25\/12\/1891)<\/p>\n<p><strong>\u00a0<\/strong><strong>Todos:<\/strong> <strong>que a paz de Deus esteja sempre presente nas nossas rela\u00e7\u00f5es.<\/strong><\/p>\n<p><strong>\u00a0<\/strong><strong>Leitor 3: <\/strong>Al\u00e9m do mais, o fato de voc\u00eas partirem para propagar a gl\u00f3ria de Deus e o louvor de Maria, para salvar almas, deve constituir para n\u00f3s uma grata recorda\u00e7\u00e3o. Sim! <em>\u201cQu\u00e3o maravilhosos s\u00e3o os p\u00e9s daqueles que anunciam a paz!\u201d <\/em>(Rm 10,15)<em>. <\/em>Levem a paz! (Alocu\u00e7\u00f5es 04 de 27\/06\/1892)<\/p>\n<p><strong>\u00a0<\/strong><strong>Todos:<\/strong> <strong>que a paz de Deus esteja sempre presente nas nossas rela\u00e7\u00f5es.<\/strong><\/p>\n<p>&nbsp;<\/p>\n<p style=\"text-align: center;\"><strong>Rezando com a Fam\u00edlia Salvatoriana hoje<\/strong><\/p>\n<p><strong>\u00a0<\/strong><strong>Leitor 1: <\/strong><em>\u201cFelizes os promovem a paz, porque ser\u00e3o chamados filhos de Deus (Mt 5,9). Pe. Francisco Maria da Cruz Jordan foi um homem de paz. Nunca duvidou do grande amor de Deus por sua pessoa. Na medida em que sua obra crescia, tamb\u00e9m as turbul\u00eancias internas e externas, em muitos momentos, afligiam o seu esp\u00edrito. No percurso da vida foi aprendendo que a <strong>paz interior<\/strong>, a serenidade e a confian\u00e7a plena na Divina Provid\u00eancia, eram como fa\u00edscas de luzes que clareavam e fortaleciam sua vida.<\/em> <em>Meu filho, n\u00e3o percas a tranquilidade e a paz interior<\/em> (DE I 13\/1). <em>Tua alegria seja sempre humildade, serena, modesta e edificante<\/em> (DE I 16\/02). <strong>Ir. Eny Xavier, sds<em>, <\/em>provincial das Irm\u00e3s Salvatorianas da Prov\u00edncia S\u00e3o Paulo, te\u00f3loga &#8211; Santa B\u00e1rbara do Oeste\/SP<\/strong>.<\/p>\n<p><em>\u00a0<\/em><strong>Todos: <\/strong><strong>Padre Jordan e Madre Maria dos Ap\u00f3stolos sempre sonharam com a paz.<\/strong><\/p>\n<p><strong>\u00a0<\/strong><strong>Leitor 2: <\/strong><em>\u201cEm fidelidade a nosso Fundador, Pe. Jordan, compreendemos a paz como fruto de um exigente e apaixonante encontro com o ressuscitado-crucificado, que nos convoca a sermos sinais cred\u00edveis de fidelidade e obedi\u00eancia ao Deus da vida, em perfeita uni\u00e3o com seu Filho Salvador e os irm\u00e3os\/as de caminho, passando do humano velho dividido e violento ao novo \u00edntegro e harmonizado, capaz de ser semente de paz diante de tantos canteiros de viol\u00eancia sem sentido\u201d<\/em>. <strong>Pe. Paulo Jos\u00e9 Floriani, sds, doutorando, Padre Salvatoriano &#8211; It\u00e1lia.<\/strong><em>\u00a0\u00a0 <\/em><\/p>\n<p><em>\u00a0<\/em><strong>Todos: <\/strong><strong>Padre Jordan e Madre Maria dos Ap\u00f3stolos foram instrumentos da paz.<\/strong><\/p>\n<p><strong>Leitor 3:<\/strong> \u00a0a <strong>Senhora Maria Aparecida de Paula<\/strong>, do grupo de Leigos Salvatorianos de S\u00e3o Jos\u00e9 dos Pinhais\/PR, recorda os escritos do Pe. Jordan referentes \u00e0 paz: <em>\u201cAma e serve a Deus com todas as tuas for\u00e7as. Ele \u00e9 o Alt\u00edssimo; s\u00f3 Nele encontrar\u00e1s a verdadeira paz\u201d.<\/em> <em>\u201cPensa quanto consolo e quanta alegria teu projeto j\u00e1 te proporcionou! Queres morrer em paz, ent\u00e3o luta e trabalha\u201d.<\/em><\/p>\n<p><strong>Todos: <\/strong><strong>Padre Jordan e Madre Maria dos Ap\u00f3stolos enviaram mensageiros e mensageiras da paz.<\/strong><\/p>\n<p><strong>\u00a0<\/strong><\/p>\n<p style=\"text-align: center;\"><strong>Rezando com a Igreja:<\/strong><\/p>\n<p><strong>Comentarista:<\/strong> todos os anos, o Papa escreve uma mensagem para o Dia Internacional da Paz. Este ano foi lida a mensagem de n\u00famero 51, cujo trecho veremos a seguir:<\/p>\n<p><strong>Leitor 1<\/strong>: paz a todas as pessoas e a todas as na\u00e7\u00f5es da terra! A paz que os anjos anunciam aos pastores na noite de Natal, (cf. Lc 2,4) \u00e9 uma aspira\u00e7\u00e3o profunda de todas as pessoas e de todos os povos, sobretudo, de quantos padecem mais duramente pela sua falta. Dentre estes, que trago presente nos meus pensamentos e na minha ora\u00e7\u00e3o, quero recordar de novo os mais de 250 milh\u00f5es de migrantes no mundo, dos quais 22 milh\u00f5es e meio s\u00e3o refugiados. Estes \u00faltimos, como afirmou o meu amado predecessor Bento XVI, \u00abs\u00e3o homens e mulheres, crian\u00e7as, jovens e idosos que procuram um lugar onde viver em paz\u00bb (Cf. Alocu\u00e7\u00e3o do Angelus -15\/I\/2012. E, para o encontrar, muitos deles est\u00e3o prontos a arriscar a vida numa viagem que se revela, em grande parte dos casos, longa e perigosa, a sujeitar-se a fadigas e sofrimentos, a enfrentar arames farpados e muros erguidos para os manter longe da meta.<\/p>\n<p><strong>Todos cantam: <\/strong><strong>eis-me aqui Senhor, Eis-me aqui Senhor, pra fazer a Tua vontade, pra viver no Teu amor, pra fazer Tua vontade, pra viver no Teu amor! Eis-me aqui Senhor.<\/strong><\/p>\n<p><strong>Leitor 2:<\/strong> Com esp\u00edrito de miseric\u00f3rdia, abra\u00e7amos todos aqueles que fogem da guerra e da fome ou se veem constrangidos a deixar a pr\u00f3pria terra por causa de discrimina\u00e7\u00f5es, persegui\u00e7\u00f5es, pobreza e degrada\u00e7\u00e3o ambiental.<\/p>\n<p><strong>\u00a0<\/strong><strong>Todos cantam: <\/strong>\u00a0<strong>eis-me aqui Senhor, Eis-me aqui Senhor, pra fazer a Tua vontade, pra viver no Teu amor, pra fazer Tua vontade, pra viver no Teu amor! Eis-me aqui Senhor.<\/strong><\/p>\n<p><em>\u00a0<\/em><strong>Leitor 3<\/strong>: Todavia, as pessoas migram tamb\u00e9m por outras raz\u00f5es, sendo a primeira delas \u00abo desejo de uma vida melhor, unido muitas vezes ao intento de deixar para tr\u00e1s o \u201cdesespero\u201d de um futuro imposs\u00edvel de construir\u00bb (cf. Bento XVI, <em><a href=\"http:\/\/w2.vatican.va\/content\/benedict-xvi\/pt\/messages\/migration\/documents\/hf_ben-xvi_mes_20121012_world-migrants-day.html\" target=\"_blank\" rel=\"noopener\">Mensagem para o Dia Mundial do Migrante e do Refugiado de 2013<\/a>)<\/em>. As pessoas partem para se juntar \u00e0 pr\u00f3pria fam\u00edlia, para encontrar oportunidades de trabalho ou de instru\u00e7\u00e3o: quem n\u00e3o pode gozar destes direitos, n\u00e3o vive em paz. Al\u00e9m disso, como sublinhei na Enc\u00edclica <em><a href=\"http:\/\/w2.vatican.va\/content\/francesco\/pt\/encyclicals\/documents\/papa-francesco_20150524_enciclica-laudato-si.html\" target=\"_blank\" rel=\"noopener\">Laudato si\u2019<\/a><\/em>, \u00ab\u00e9 tr\u00e1gico o aumento de migrantes em fuga da mis\u00e9ria agravada pela degrada\u00e7\u00e3o ambiental\u00bb.<\/p>\n<p><strong>Todos cantam: <\/strong>\u00a0<strong>eis-me aqui Senhor, Eis-me aqui Senhor, pra fazer a Tua vontade, pra viver no Teu amor, pra fazer Tua vontade, pra viver no Teu amor! Eis-me aqui Senhor.\u00a0\u00a0<\/strong><\/p>\n<p><strong>Leitor 4:<\/strong> a maioria migra seguindo um percurso legal, mas h\u00e1 quem tome outros caminhos, sobretudo por causa do desespero, quando a p\u00e1tria n\u00e3o lhes oferece seguran\u00e7a nem oportunidades, e todas as vias legais parecem impratic\u00e1veis, bloqueadas ou demasiado lentas.<\/p>\n<p><strong>Todos cantam: <\/strong><strong>eis-me aqui Senhor, Eis-me aqui Senhor, pra fazer a Tua vontade, pra viver no Teu amor, pra fazer Tua vontade, pra viver no Teu amor! Eis-me aqui Senhor.<\/strong><\/p>\n<p><strong>Leitor 1<\/strong>: Oferecer a requerentes de asilo, refugiados, migrantes e v\u00edtimas de tr\u00e1fico humano uma possibilidade de encontrar aquela paz que andam \u00e0 procura, exige uma estrat\u00e9gia que combine quatro a\u00e7\u00f5es: acolher, proteger, promover e integrar (Francisco, <em><a href=\"http:\/\/w2.vatican.va\/content\/francesco\/pt\/messages\/migration\/documents\/papa-francesco_20170815_world-migrants-day-2018.html\" target=\"_blank\" rel=\"noopener\">Mensagem para o Dia Mundial do Migrante e do Refugiado de 2018<\/a><\/em> &#8211; 15\/VIII\/2017).<\/p>\n<p><strong>Todos cantam: <\/strong><strong>eis-me aqui Senhor, Eis-me aqui Senhor, pra fazer a Tua vontade, pra viver no Teu amor, pra fazer Tua vontade, pra viver no Teu amor! Eis-me aqui Senhor.\u00a0\u00a0<\/strong><\/p>\n<p><strong>Leitor 2: <\/strong>inspiram-nos as palavras de S\u00e3o\u00a0 Jo\u00e3o Paulo II: \u00abSe o \u201csonho\u201d de um mundo em paz \u00e9 partilhado por tantas pessoas, se se valoriza o contributo dos migrantes e dos refugiados, a humanidade pode tornar-se sempre mais fam\u00edlia de todos e a nossa terra uma real \u201ccasa comum\u201d\u00bb\u00a0 (cf. <em><a href=\"http:\/\/w2.vatican.va\/content\/john-paul-ii\/pt\/messages\/migration\/documents\/hf_jp-ii_mes_20031223_world-migration-day-2004.html\" target=\"_blank\" rel=\"noopener\">Mensagem para o Dia Mundial do Migrante e do Refugiado de 2004<\/a><\/em>). Ao longo da hist\u00f3ria, muitos acreditaram neste \u00absonho\u00bb e as suas realiza\u00e7\u00f5es testemunham que n\u00e3o se trata duma utopia irrealiz\u00e1vel.<\/p>\n<p>Tempo de contempla\u00e7\u00e3o da Palavra (instantes de sil\u00eancio)<\/p>\n<p>&nbsp;<\/p>\n<p><strong>Comentarista: <\/strong>Cantemos \u201cHaja Paz\u201d, do Pe. Zezinho.<\/p>\n<p>Haja um grito contra a guerra\/e outro grito pela paz \/ mais um grito pela terra \/ Viol\u00eancia, nunca mais\/<br \/>\nPouca gente e muito \u00f3dio\/conseguiram abafar\/o clamor da maioria\/que acredita no amanh\u00e3<\/p>\n<p><strong>Eu sou da paz.\/ Eu quero paz.\/Eu tenho paz.\/Eu sonho com a paz.\/Sei que apesar\/de tanto \u00f3dio a florescer,\/o amor h\u00e1 de vencer.<\/strong><\/p>\n<p>Haja paz entre os vizinhos,\/nas fam\u00edlias reine a paz,\/nas cidades e nos campos,\/nas igrejas, muito mais.\/Haja paz na sociedade\/que saibamos nos querer,\/como irm\u00e3os e como amigos\/que conseguem conviver.<\/p>\n<p>Que ningu\u00e9m seja oprimido\/todo mundo encontre a paz\/seja o p\u00e3o mais repartido\/e o dinheiro ainda mais\/por amor \u00e0 humanidade\/ consigamos ser leais\/e espalhar fraternidade\/viol\u00eancia nunca mais.<\/p>\n<p><strong>\u00a0<\/strong><\/p>\n<p><strong>Comentarista: <\/strong>no dia que recordamos a P\u00e1scoa do nosso Pai Fundador recordemos o seu Testamento.<\/p>\n<p><strong>Leitor 1:<\/strong> tenham como heran\u00e7a perp\u00e9tua a confian\u00e7a na Divina Provid\u00eancia. Qual m\u00e3e sol\u00edcita, ela cuidar\u00e1 de voc\u00eas! Confio-lhes a pobreza permanente, qual tesouro precioso e qual p\u00e9rola escolhida, da qual Deus lhes pedir\u00e1 conta no dia do ju\u00edzo!<\/p>\n<p><strong>Leitor 2: <\/strong>ponham s\u00f3 em Deus sua esperan\u00e7a e confian\u00e7a. Qual guerreiro valoroso, ele combater\u00e1 por voc\u00eas. Ai de voc\u00eas se puserem sua confian\u00e7a nos homens ou nos bens materiais!<\/p>\n<p><strong>Leitor 3: <\/strong>permane\u00e7am sempre filhos sinceros e fi\u00e9is de nossa santa m\u00e3e, a Igreja Romana. Ensinem o que ela ensina, creiam o que ela cr\u00ea, reprovem o que ela reprova! Amem-se uns aos outros no Esp\u00edrito Santo. Que o amor de voc\u00eas seja manifesto a todos!<\/p>\n<p><strong>Leitor 4: <\/strong>saibam que eu os amei intensamente. Quero tamb\u00e9m que voc\u00eas se amem uns aos outros! Santifiquem-se, cres\u00e7am e multipliquem-se sobre toda a terra, at\u00e9 o fim dos tempos, em nome do Senhor. Am\u00e9m!<\/p>\n<p style=\"text-align: center;\"><strong>\u00a0<\/strong><strong>B\u00ean\u00e7\u00e3o de Padre Jordan:\u00a0 <\/strong><\/p>\n<p><em>Aben\u00e7oe-vos Deus Todo Poderoso: Pai, Filho e Esp\u00edrito Santo. Ele vos santifique, confirme e multiplique como a areia do mar e como as estrelas do c\u00e9u, at\u00e9 o fim dos tempos. Am\u00e9m!<\/em><\/p>\n<p>Pai Nosso &#8230; Ave Maria&#8230; Gl\u00f3ria ao Pai&#8230;<\/p>\n","protected":false},"excerpt":{"rendered":"<p>Neste dia 08 de setembro,\u00a0 Dia\u00a0 que marca a celebra\u00e7\u00e3o dos 100 anos da Morte\/Ressurrei\u00e7\u00e3o do Vener\u00e1vel Servo de Deus, Pe. Francisco Maria da Cruz Jordan a novena deste dia memor\u00e1vel traz como&#8230;<\/p>\n","protected":false},"author":2,"featured_media":7190,"comment_status":"open","ping_status":"open","sticky":false,"template":"","format":"standard","meta":[],"categories":[27,1],"tags":[],"_links":{"self":[{"href":"https:\/\/www.salvatorianas.org.br\/blog\/wp-json\/wp\/v2\/posts\/7182"}],"collection":[{"href":"https:\/\/www.salvatorianas.org.br\/blog\/wp-json\/wp\/v2\/posts"}],"about":[{"href":"https:\/\/www.salvatorianas.org.br\/blog\/wp-json\/wp\/v2\/types\/post"}],"author":[{"embeddable":true,"href":"https:\/\/www.salvatorianas.org.br\/blog\/wp-json\/wp\/v2\/users\/2"}],"replies":[{"embeddable":true,"href":"https:\/\/www.salvatorianas.org.br\/blog\/wp-json\/wp\/v2\/comments?post=7182"}],"version-history":[{"count":3,"href":"https:\/\/www.salvatorianas.org.br\/blog\/wp-json\/wp\/v2\/posts\/7182\/revisions"}],"predecessor-version":[{"id":7187,"href":"https:\/\/www.salvatorianas.org.br\/blog\/wp-json\/wp\/v2\/posts\/7182\/revisions\/7187"}],"wp:featuredmedia":[{"embeddable":true,"href":"https:\/\/www.salvatorianas.org.br\/blog\/wp-json\/wp\/v2\/media\/7190"}],"wp:attachment":[{"href":"https:\/\/www.salvatorianas.org.br\/blog\/wp-json\/wp\/v2\/media?parent=7182"}],"wp:term":[{"taxonomy":"category","embeddable":true,"href":"https:\/\/www.salvatorianas.org.br\/blog\/wp-json\/wp\/v2\/categories?post=7182"},{"taxonomy":"post_tag","embeddable":true,"href":"https:\/\/www.salvatorianas.org.br\/blog\/wp-json\/wp\/v2\/tags?post=7182"}],"curies":[{"name":"wp","href":"https:\/\/api.w.org\/{rel}","templated":true}]}}