{"id":7163,"date":"2018-07-30T22:18:50","date_gmt":"2018-07-30T22:18:50","guid":{"rendered":"https:\/\/www.salvatorianas.org.br\/blog\/?p=7163"},"modified":"2018-09-07T22:37:30","modified_gmt":"2018-09-07T22:37:30","slug":"poema-acrosticoa-ti-padre-jordan-a-minha-gratidao","status":"publish","type":"post","link":"https:\/\/www.salvatorianas.org.br\/blog\/poema-acrosticoa-ti-padre-jordan-a-minha-gratidao\/","title":{"rendered":"Poema Acr\u00f3stico: A ti, Padre Jordan, a minha gratid\u00e3o!"},"content":{"rendered":"<h1 style=\"text-align: left;\"><strong>A ti, Padre Jordan, a minha gratid\u00e3o!<\/strong><\/h1>\n<p style=\"text-align: left;\"><strong>V<\/strong>ieste de mansinho, entraste e sonhaste a nossa caminhada,<\/p>\n<p style=\"text-align: left;\"><strong>E<\/strong>, no campo da hist\u00f3ria foste florescendo e recriando.<\/p>\n<p style=\"text-align: left;\"><strong>N<\/strong>ada te impediu de escutar a voz interior,<\/p>\n<p style=\"text-align: left;\"><strong>E<\/strong>m tempos de pobreza e em riscos de guerra.<\/p>\n<p style=\"text-align: left;\"><strong>R<\/strong>ezas! Confias e esperas na provid\u00eancia do Pai!<\/p>\n<p style=\"text-align: left;\"><strong>A<\/strong>tento a tudo o que ocorre ao teu redor.<\/p>\n<p style=\"text-align: left;\"><strong>V<\/strong>olves o teu olhar confiante ao mundo inteiro,<\/p>\n<p style=\"text-align: left;\"><strong>E<\/strong> percebes a realidade sofrida do teu povo.<\/p>\n<p style=\"text-align: left;\"><strong>L<\/strong>utar pelo presente, eis a tua op\u00e7\u00e3o!<\/p>\n<p>&nbsp;<\/p>\n<p style=\"text-align: left;\"><strong>P<\/strong>aras! Contemplas! E deixas Deus Falar.<\/p>\n<p style=\"text-align: left;\"><strong>A<\/strong>mas, e rompes as barreiras do sil\u00eancio.<\/p>\n<p style=\"text-align: left;\"><strong>D<\/strong>evolvendo \u00e0 Palavra a s\u00edntese da fidelidade.<\/p>\n<p style=\"text-align: left;\"><strong>R<\/strong>eanimando o Movimento na \u201ccultura do teu tempo\u201d,<\/p>\n<p style=\"text-align: left;\"><strong>E<\/strong>nsinas a todos\/as a buscar o Reino de Deus.<\/p>\n<p>&nbsp;<\/p>\n<p style=\"text-align: left;\"><strong>F<\/strong>rancisco! Eis o mist\u00e9rio do teu nome.<\/p>\n<p style=\"text-align: left;\"><strong>R<\/strong>ealizas com a natureza um ciclo vital.<\/p>\n<p style=\"text-align: left;\"><strong>A<\/strong>prendes com o Santo de Assis a olhar a cria\u00e7\u00e3o,<\/p>\n<p style=\"text-align: left;\"><strong>N<\/strong>\u00e3o deixando passar a promo\u00e7\u00e3o da vida.<\/p>\n<p style=\"text-align: left;\"><strong>C<\/strong>oncebes o risco da jornada, mas<\/p>\n<p style=\"text-align: left;\"><strong>I<\/strong>nsistes em tua inspira\u00e7\u00e3o que vai te envolvendo<\/p>\n<p style=\"text-align: left;\"><strong>S<\/strong>empre mais, na confirma\u00e7\u00e3o do segredo do teu \u201cSim\u201d.<\/p>\n<p style=\"text-align: left;\"><strong>C<\/strong>arregas no teu cora\u00e7\u00e3o o ardor mission\u00e1rio<\/p>\n<p style=\"text-align: left;\"><strong>O<\/strong>nde quer que andes; \u00e9s construtor da solidariedade.<\/p>\n<p>&nbsp;<\/p>\n<p style=\"text-align: left;\"><strong>M<\/strong>aria \u00e9 tua m\u00e3e confidente e companheira.<\/p>\n<p style=\"text-align: left;\"><strong>A<\/strong> escolheste como, \u201cRainha dos Ap\u00f3stolos e M\u00e3e do Salvador\u201d,<\/p>\n<p style=\"text-align: left;\"><strong>R<\/strong>oga a n\u00f3s, por tuas filhas e filhos peregrinos,<\/p>\n<p style=\"text-align: left;\"><strong>I<\/strong>ndicando o caminho profundo da Salva\u00e7\u00e3o.<\/p>\n<p style=\"text-align: left;\"><strong>A<\/strong>inda que, este tempo sombrio n\u00e3o nos agracie.<\/p>\n<p>&nbsp;<\/p>\n<p style=\"text-align: left;\"><strong>D<\/strong>\u00e1 o alimento que fecunda uma Vida Religiosa aut\u00eantica.<\/p>\n<p style=\"text-align: left;\"><strong>A<\/strong>proximando-nos da confian\u00e7a, do an\u00fancio e profetismo.<\/p>\n<p>&nbsp;<\/p>\n<p style=\"text-align: left;\"><strong>C<\/strong>om ousadia d\u00e1s aos pobres consci\u00eancia e instru\u00e7\u00e3o,<\/p>\n<p style=\"text-align: left;\"><strong>R<\/strong>esposta a isto, \u00e9 abra\u00e7ar os sacrif\u00edcios e acolher a luz divina.<\/p>\n<p style=\"text-align: left;\"><strong>U<\/strong>ma cruz, trazes impresso no teu ser e,<\/p>\n<p style=\"text-align: left;\"><strong>Z<\/strong>elas com igual ternura os marginalizados e exclu\u00eddos.<\/p>\n<p>&nbsp;<\/p>\n<p style=\"text-align: left;\"><strong>J<\/strong>usti\u00e7a apontas a cada um\/a de n\u00f3s,<\/p>\n<p style=\"text-align: left;\"><strong>O<\/strong>lhando o Salvador na sua infinita miseric\u00f3rdia.<\/p>\n<p style=\"text-align: left;\"><strong>R<\/strong>eata em nossa Fam\u00edlia Salvatoriana o v\u00ednculo do amor,<\/p>\n<p style=\"text-align: left;\"><strong>D<\/strong>a unidade, na busca de caminhos novos,<\/p>\n<p style=\"text-align: left;\"><strong>A<\/strong>t\u00e9 que consumamos nossas for\u00e7as e energias,<\/p>\n<p style=\"text-align: left;\"><strong>N<\/strong>um \u201cfiat\u201d derradeiro de entrega e paz.<\/p>\n<p>&nbsp;<\/p>\n<p style=\"text-align: left;\"><strong>Ir. Zelita Maria de Melo (SDS)<\/strong><\/p>\n","protected":false},"excerpt":{"rendered":"<p>A ti, Padre Jordan, a minha gratid\u00e3o! Vieste de mansinho, entraste e sonhaste a nossa caminhada, E, no campo da hist\u00f3ria foste florescendo e recriando. Nada te impediu de escutar a voz interior,&#8230;<\/p>\n","protected":false},"author":2,"featured_media":7164,"comment_status":"open","ping_status":"open","sticky":false,"template":"","format":"standard","meta":[],"categories":[27],"tags":[],"_links":{"self":[{"href":"https:\/\/www.salvatorianas.org.br\/blog\/wp-json\/wp\/v2\/posts\/7163"}],"collection":[{"href":"https:\/\/www.salvatorianas.org.br\/blog\/wp-json\/wp\/v2\/posts"}],"about":[{"href":"https:\/\/www.salvatorianas.org.br\/blog\/wp-json\/wp\/v2\/types\/post"}],"author":[{"embeddable":true,"href":"https:\/\/www.salvatorianas.org.br\/blog\/wp-json\/wp\/v2\/users\/2"}],"replies":[{"embeddable":true,"href":"https:\/\/www.salvatorianas.org.br\/blog\/wp-json\/wp\/v2\/comments?post=7163"}],"version-history":[{"count":7,"href":"https:\/\/www.salvatorianas.org.br\/blog\/wp-json\/wp\/v2\/posts\/7163\/revisions"}],"predecessor-version":[{"id":7173,"href":"https:\/\/www.salvatorianas.org.br\/blog\/wp-json\/wp\/v2\/posts\/7163\/revisions\/7173"}],"wp:featuredmedia":[{"embeddable":true,"href":"https:\/\/www.salvatorianas.org.br\/blog\/wp-json\/wp\/v2\/media\/7164"}],"wp:attachment":[{"href":"https:\/\/www.salvatorianas.org.br\/blog\/wp-json\/wp\/v2\/media?parent=7163"}],"wp:term":[{"taxonomy":"category","embeddable":true,"href":"https:\/\/www.salvatorianas.org.br\/blog\/wp-json\/wp\/v2\/categories?post=7163"},{"taxonomy":"post_tag","embeddable":true,"href":"https:\/\/www.salvatorianas.org.br\/blog\/wp-json\/wp\/v2\/tags?post=7163"}],"curies":[{"name":"wp","href":"https:\/\/api.w.org\/{rel}","templated":true}]}}