{"id":7153,"date":"2018-09-08T03:00:21","date_gmt":"2018-09-08T03:00:21","guid":{"rendered":"https:\/\/www.salvatorianas.org.br\/blog\/?p=7153"},"modified":"2018-09-08T12:24:46","modified_gmt":"2018-09-08T12:24:46","slug":"centenario-da-morte-de-padre-jordan","status":"publish","type":"post","link":"https:\/\/www.salvatorianas.org.br\/blog\/centenario-da-morte-de-padre-jordan\/","title":{"rendered":"CENTEN\u00c1RIO DA MORTE DE PADRE JORDAN"},"content":{"rendered":"<p>No dia 08 de setembro de 1918, h\u00e1 100 anos, Padre Francisco Maria da Cruz Jordan faleceu num humilde hospital em Tafers, pr\u00f3ximo de Friburgo, na Su\u00ed\u00e7a, e foi sepultado na igreja paroquial local. No dia 12 de setembro de 1956, seus restos mortais foram transladados para Roma, onde se encontram at\u00e9 hoje na Capela da Casa Geral dos Padres Salvatorianos.<\/p>\n<p>O fundador da Fam\u00edlia Salvatoriana dedicou sua vida \u00e0 miss\u00e3o de anunciar Jesus Salvador ao mundo; foi um homem m\u00edstico e prof\u00e9tico, apaixonado pela miss\u00e3o, esteve sempre muito \u00e0 frente do seu tempo. Tinha um grande zelo apost\u00f3lico, e viveu a universalidade como princ\u00edpio.<\/p>\n<p>A Fam\u00edlia Salvatoriana em todo o mundo iniciou no dia 08 de setembro de 2017 as celebra\u00e7\u00f5es e homenagens em mem\u00f3ria pelos 100 anos da morte\/ressurrei\u00e7\u00e3o do vener\u00e1vel Pe. Jordan, encerradas oficialmente neste s\u00e1bado, 08 de setembro de 2018, quando completa-se o centen\u00e1rio da sua morte. No Brasil, especificamente, foram 3 anos de celebra\u00e7\u00f5es e eventos alusivos \u00e0 data. Desde a ora\u00e7\u00e3o comum dia 08 de cada m\u00eas \u00e0 realiza\u00e7\u00e3o do <strong>I Congresso da Fam\u00edlia Salvatoriana<\/strong>. Confira o v\u00eddeo do Congresso:<\/p>\n<p><iframe loading=\"lazy\" width=\"500\" height=\"281\" src=\"https:\/\/www.youtube.com\/embed\/-Rr0g8rEpyE?feature=oembed\" frameborder=\"0\" allow=\"autoplay; encrypted-media\" allowfullscreen><\/iframe><\/p>\n<p>O \u201c<strong>Ano Centen\u00e1rio de Padre Jordan<\/strong>\u201d possibilitou a cada Salvatoriano e Salvatoriana a \u00a0aproxima\u00e7\u00e3o do esp\u00edrito apost\u00f3lico desse homem singular, sondar sua vida, seu carisma original, sua m\u00edstica no seguimento de Jesus Salvador como intui\u00e7\u00e3o para revigorar a vida salvatoriana e ressignificar o Carisma para nossos dias.<\/p>\n<p>Padre Jordan nasceu na Alemanha, em 16 de junho de 1848. Viveu em um tempo conturbado por graves conflitos, transforma\u00e7\u00f5es culturais, t\u00e9cnico-cient\u00edficas, industriais, religiosos e pol\u00edticos, como a Revolu\u00e7\u00e3o Cultural (Kulturkampf), per\u00edodo em que os cat\u00f3licos eram obrigados a cumprir in\u00fameras restri\u00e7\u00f5es. Jordan, contemplando as grandes mudan\u00e7as na sociedade do s\u00e9culo XIX, percebeu o analfabetismo, a ignor\u00e2ncia religiosa do povo, bem como a falta de espa\u00e7o para o crist\u00e3o exercer sua miss\u00e3o. Frente a esta realidade mostrou-se corajoso e persistente na busca de seu ideal. Desejava ardentemente trabalhar para que Jesus se tornasse conhecido e amado e que todas as pessoas encontrassem a salva\u00e7\u00e3o. Para isso, fundou em 1881 a Sociedade do Divino Salvador, de padres e irm\u00e3os religiosos; e em 1888, com o aux\u00edlio de Madre Maria dos Ap\u00f3stolos, fundou a Congrega\u00e7\u00e3o das Irm\u00e3s Salvatorianas. A presen\u00e7a de leigos e leigas em sua obra foi sonhada desde as origens, este \u00e9 o ramo mais novo da Fam\u00edlia Salvatoriana contando com aproximadamente 1070 no mundo.<\/p>\n<p>Ap\u00f3s ter experimentado as consequ\u00eancias da Primeira Guerra Mundial, Padre Jordan precisou se mudar de Roma para a Su\u00ed\u00e7a, onde passou os \u00faltimos tr\u00eas anos de sua vida em Friburgo (Su\u00ed\u00e7a).<\/p>\n<p>Pe. Jordan est\u00e1 a caminho da Beatifica\u00e7\u00e3o, fato que comprova a sua santidade de vida, bem como a import\u00e2ncia de sua obra para a Igreja. O Papa Bento XVI, em 14 de janeiro de 2011, reconheceu que Pe. Francisco Jordan, viveu em grau heroico as virtudes teologais e cardeais da f\u00e9 crist\u00e3, concedendo-lhe o t\u00edtulo de Vener\u00e1vel Servo de Deus. <strong>Confira o Decreto<\/strong>:\u00a0<a href=\"https:\/\/goo.gl\/cEN6eS\" target=\"_blank\" rel=\"noopener\">https:\/\/goo.gl\/cEN6eS<\/a><\/p>\n<p>Hoje, a <strong>Fam\u00edlia Salvatoriana<\/strong> (padres, irm\u00e3os, irm\u00e3s, leigos e leigas) conta com mais de <strong>3 mil membros<\/strong>\u00a0espalhados\u00a0 em todos os continentes do mundo, atuando apostolicamente em 44 pa\u00edses. Assim, cada Salvatoriano e Salvatoriana \u00e9 convidado\/a a viver a miss\u00e3o t\u00e3o sonhada por Jordan, a fim de que todos conhe\u00e7am, amem e sirvam o Salvador.<\/p>\n<h2 style=\"text-align: center;\"><strong>CARACTER\u00cdSTICAS DO VENER\u00c1VEL PADRE JORDAN<\/strong><\/h2>\n<p>Nesta data memor\u00e1vel do centen\u00e1rio de sua morte\/ressurrei\u00e7\u00e3o, queremos relembrar as caracter\u00edsticas mais marcantes da vida Vener\u00e1vel Francisco Maria da Cruz Jordan (por Ir. Ines Razera):<\/p>\n<p><strong>Ora\u00e7\u00e3o &#8211; <\/strong>Uma caracter\u00edstica do nosso vener\u00e1vel fundador era o seu esp\u00edrito de ora\u00e7\u00e3o. Toda sua vida interior repousava sobre o fundamento da ora\u00e7\u00e3o. E foi sobre estes alicerces que ele fundou a congrega\u00e7\u00e3o. <em>\u201cRezem, rezem sempre de novo\u201d. \u201cEu queria deixar-vos uma heran\u00e7a particular, se assim posso dizer, e esta heran\u00e7a \u00e9 precisamente uma grande confian\u00e7a em Deus\u201d.<\/em> (Palavras e Exorta\u00e7\u00f5es P\u00e1g. 16; 1-2.)<\/p>\n<p><strong>Facilidade lingu\u00edstica &#8211; <\/strong>No dia 21 de julho de 1878, Jordan foi ordenado sacerdote e mais tarde, por ordem de seu bispo, foi para Roma a fim de iniciar os estudos de l\u00ednguas orientais: s\u00edrio, aramaico, copta, \u00e1rabe, hebraico e grego. O conhecimento de tais idiomas o facilitaria na comunica\u00e7\u00e3o entre os diferentes povos. Nesse tempo, no L\u00edbano, ao toque da gra\u00e7a, num segredo que o c\u00e9u lhe reservou, teve clareza da vontade de Deus em fundar a Congrega\u00e7\u00e3o. A partir dali, com o apoio da Igreja e muito sacrif\u00edcio iniciou a coloca\u00e7\u00e3o dos alicerces da congrega\u00e7\u00e3o.<\/p>\n<p><strong>Confian\u00e7a inabal\u00e1vel na Divina Provid\u00eancia.<\/strong> <em>\u201cSe quisermos ser fi\u00e9is \u00e0 nossa voca\u00e7\u00e3o e miss\u00e3o, no dia-a-dia, n\u00e3o podemos perder de vista duas premissas fundamentais: uma grande confian\u00e7a em Deus, aliada a uma forma\u00e7\u00e3o s\u00f3lida\u201d<\/em>.<\/p>\n<p><strong>Im<\/strong><strong>prensa &#8211;<\/strong> O vener\u00e1vel fundador estabeleceu fortes v\u00ednculos com a imprensa, pois acreditava que poderia, pela imprensa, divulgar o amor salv\u00edfico de Deus ao povo. \u201cN\u00e3o se esque\u00e7am, pois, n\u00e3o se esque\u00e7am de se recordarem sempre de novo da import\u00e2ncia da imprensa, para que todos se capacitem e se tornem \u00fateis para anunciar a palavra de Deus no p\u00falpito, nas escolas, onde quer que seja!\u201d O importante era levar a Palavra de Deus a um n\u00famero maior poss\u00edvel de pessoas.<\/p>\n<p><strong>AMOR \u00c0 CRUZ &#8211; <\/strong>Padre Jordan dizia que o amor \u00e0 cruz era o seu tema predileto. <em>\u201cN\u00e3o tenhais medo da cruz. Ela \u00e9 um sinal de que Deus vos ama\u201d<\/em>. (Pe. Jordan).<strong> <em>\u201c<\/em><\/strong><em>As obras s\u00f3 vingam \u00e0 sombra da cruz&#8230;. O seguimento de Jesus Cristo e a cruz s\u00e3o insepar\u00e1veis\u201d<\/em> (Alocu\u00e7\u00f5es 01 &#8211; p\u00e1g. 26). Com a m\u00e1xima do seguimento, Padre Jordan descreve, aconselha, encoraja e envia \u00e0 miss\u00e3o. <em>\u201cQue o bom Deus fa\u00e7a de voc\u00eas aut\u00eanticos e constantes amantes e imitadores da cruz!\u201d<\/em> (Alocu\u00e7\u00f5es 279).<\/p>\n<p>Padre Jordan n\u00e3o escondia as dificuldades que as irm\u00e3s certamente iriam enfrentar na miss\u00e3o e em suas vidas de consagradas. Com palavras carregadas de afeto paterno, ele as encoraja a seguir em frente, confiando no amor e na gra\u00e7a de Deus. Ao enviar as primeiras irm\u00e3s para o Brasil, assim as encoraja: <em>\u201cV\u00f3s ides a um pa\u00eds distante onde n\u00e3o conheceis l\u00edngua nem costumes nem ra\u00e7as, mas uma linguagem \u00e9 comum a todos: O AMOR. Servi-vos dele para vos comunicar\u201d<\/em>.<\/p>\n<p><strong>Devo\u00e7\u00e3o \u00e0 Nossa Senhora &#8211; <\/strong>Nosso vener\u00e1vel fundador era particularmente devoto \u00e0 Nossa Senhora. Ele era um verdadeiro e fiel filho de Maria. Era extraordinariamente grande a sua confian\u00e7a em Maria. <em>\u201c\u00d3 Maria, M\u00e3e de Deus, s\u00ea minha auxiliadora e poderosa protetora!\u201d<\/em> (Pe. Jordan).<\/p>\n<p><strong>A Paz &#8211;<\/strong> Padre Jordan, era um homem muito pac\u00edfico. Ele amava a paz e a considerava como uma grande heran\u00e7a deixada pelo Salvador do mundo, a qual n\u00f3s devemos conservar, mesmo \u00e0 custa dos maiores sacrif\u00edcios.<\/p>\n<p>No legado aos seus filhos e filhas espirituais ele insiste que tenhamos mansid\u00e3o e humildade, amabilidade e gratid\u00e3o; vida de f\u00e9 e santidade; sil\u00eancio e uni\u00e3o; universalidade, caridade fraterna e paz; zelo apost\u00f3lico e devo\u00e7\u00e3o ao Esp\u00edrito Santo. Sobretudo, ele nos recomenda o <strong>S<\/strong><strong>eguimento do Evangelho.<\/strong> Essas e outras caracter\u00edsticas, lhe eram peculiares, exigiam dele muita determina\u00e7\u00e3o, disciplina e busca de seus objetivos.<\/p>\n<p>Padre Jordan nutria uma especial devo\u00e7\u00e3o ao Esp\u00edrito Santo. Exortava-nos frequentemente a que recorr\u00eassemos ao Divino Par\u00e1clito. Ele revela, aqui, seu apre\u00e7o \u00e0 vida de ora\u00e7\u00e3o; e est\u00e1 profundamente convencido de que, sem a ora\u00e7\u00e3o e, particularmente, sem as luzes do Esp\u00edrito Santo, n\u00e3o podemos realizar a miss\u00e3o na Congrega\u00e7\u00e3o. Nossa miss\u00e3o exige que sejamos pessoas orantes. Para concluir, a \u00faltima exorta\u00e7\u00e3o de nosso vener\u00e1vel fundador:<\/p>\n<p><em>\u201cSe voc\u00eas cumprirem o seu dever, ainda que as ondas quebrem por cima de suas cabe\u00e7as, persegui\u00e7\u00f5es de todos os lados, venha o que vier, n\u00e3o temam! Confiem no Senhor e andem no caminho certo. Cumpram seu dever e voc\u00eas ver\u00e3o que o Senhor os ajudar\u00e1\u201d<\/em> (Alocu\u00e7\u00f5es 16; p\u00e1g. 231).<\/p>\n<p>&nbsp;<\/p>\n<p><strong>POEMA ACR\u00d3STICO<\/strong><\/p>\n<p>A ti, Padre Jordan, a minha gratid\u00e3o!<\/p>\n<p>&#8211;\u00a0 Um poema acr\u00f3stico escrito pela Ir. Zelita Maria de Melo (SDS) sobre o Vener\u00e1vel Padre Francisco Maria da Cruz Jordan. Confira:\u00a0<a href=\"https:\/\/goo.gl\/Z7UuPF\" target=\"_blank\" rel=\"noopener\">https:\/\/goo.gl\/Z7UuPF<\/a><\/p>\n<h3 style=\"text-align: center;\"><strong>ORA\u00c7\u00c3O NO CENTEN\u00c1RIO DE MORTE DE PE. FRANCISCO MARIA DA CRUZ JORDAN <\/strong><\/h3>\n<p><strong>Pai de eterno amor e fonte de nossa salva\u00e7\u00e3o<\/strong>, neste tempo em que recordamos o centen\u00e1rio da morte de nosso Fundador, Pe. Francisco Maria da Cruz Jordan, agradecemos-Te pela sua vida doada ao servi\u00e7o da f\u00e9 e da Igreja. Louvamos-Te, Bom Pai, porque, pela vida de nosso fundador, conduziste tantas pessoas \u00e0 santidade e a uma vida de servi\u00e7o apost\u00f3lico.<\/p>\n<p><strong>Jesus Cristo, nosso Divino Salvador<\/strong>, recordamos com gratid\u00e3o o forte testemunho de santidade apost\u00f3lica do Pe. Francisco Jordan, bem como a sua corajosa luta para levar a Tua obra de salva\u00e7\u00e3o a todos os povos. Pedimos-Te a gra\u00e7a de reavivar em n\u00f3s o esp\u00edrito de sua vida e miss\u00e3o, abra\u00e7ando, com renovado ardor, a sua experi\u00eancia de Deus e a sua ampla vis\u00e3o de evangeliza\u00e7\u00e3o.<\/p>\n<p><strong>Esp\u00edrito Santo de vida<\/strong>, louvamos e agradecemos a Ti, por ter suscitado o Carisma em nosso fundador. Escuta a nossa prece, de modo que, como Fam\u00edlia Salvatoriana, possamos viver e continuar a recolher os frutos de sua heran\u00e7a espiritual. Torna-nos capazes de sermos suas testemunhas hoje, ainda que nas contradi\u00e7\u00f5es e hostilidades da vida, aceitando qualquer cruz que a miss\u00e3o nos apresente, confiando firmemente na Provid\u00eancia de Teu amor.<\/p>\n<p>Neste ano, no qual recordamos o centen\u00e1rio da morte do Pe. Francisco Jordan, imploramos a intercess\u00e3o de Maria, M\u00e3e do Salvador e Rainha dos Ap\u00f3stolos; a ajuda de nossos santos padroeiros; e da Beata Maria dos Ap\u00f3stolos, de modo que a Fam\u00edlia Salvatoriana, em todo o mundo, seja sempre reflexo de sua vida de santidade e de zelo apost\u00f3lico. <strong>Am\u00e9m!<\/strong><\/p>\n<hr \/>\n<p>&nbsp;<\/p>\n<p><img decoding=\"async\" loading=\"lazy\" class=\"aligncenter wp-image-7155 size-large\" src=\"https:\/\/www.salvatorianas.org.br\/blog\/wp-content\/uploads\/2018\/09\/IGREJA-1024x768.jpg\" alt=\"\" width=\"1024\" height=\"768\" srcset=\"https:\/\/www.salvatorianas.org.br\/blog\/wp-content\/uploads\/2018\/09\/IGREJA.jpg 1024w, https:\/\/www.salvatorianas.org.br\/blog\/wp-content\/uploads\/2018\/09\/IGREJA-300x225.jpg 300w, https:\/\/www.salvatorianas.org.br\/blog\/wp-content\/uploads\/2018\/09\/IGREJA-768x576.jpg 768w\" sizes=\"(max-width: 1024px) 100vw, 1024px\" \/><\/p>\n<p style=\"text-align: center;\"><strong>Igreja onde Jordan foi sepultado em Tafers, Friburgo<\/strong><\/p>\n<p>&nbsp;<\/p>\n<p><img decoding=\"async\" loading=\"lazy\" class=\"aligncenter wp-image-7156 size-large\" src=\"https:\/\/www.salvatorianas.org.br\/blog\/wp-content\/uploads\/2018\/09\/Onde-Foi-sepultado-Padre-Jordan-1024x650.jpg\" alt=\"\" width=\"1024\" height=\"650\" srcset=\"https:\/\/www.salvatorianas.org.br\/blog\/wp-content\/uploads\/2018\/09\/Onde-Foi-sepultado-Padre-Jordan-1024x650.jpg 1024w, https:\/\/www.salvatorianas.org.br\/blog\/wp-content\/uploads\/2018\/09\/Onde-Foi-sepultado-Padre-Jordan-300x191.jpg 300w, https:\/\/www.salvatorianas.org.br\/blog\/wp-content\/uploads\/2018\/09\/Onde-Foi-sepultado-Padre-Jordan-768x488.jpg 768w\" sizes=\"(max-width: 1024px) 100vw, 1024px\" \/><\/p>\n<p style=\"text-align: center;\"><strong>Lugar onde foi sepultado Padre Jordan<\/strong> (Foto Ir. In\u00eas Boesisng, Coordenadora Provincial)<\/p>\n<p>&nbsp;<\/p>\n<p><img decoding=\"async\" loading=\"lazy\" class=\"aligncenter wp-image-7157 size-large\" src=\"https:\/\/www.salvatorianas.org.br\/blog\/wp-content\/uploads\/2018\/09\/T\u00famulo-Pe.-Jordan-1024x768.jpg\" alt=\"\" width=\"1024\" height=\"768\" srcset=\"https:\/\/www.salvatorianas.org.br\/blog\/wp-content\/uploads\/2018\/09\/T\u00famulo-Pe.-Jordan-1024x768.jpg 1024w, https:\/\/www.salvatorianas.org.br\/blog\/wp-content\/uploads\/2018\/09\/T\u00famulo-Pe.-Jordan-300x225.jpg 300w, https:\/\/www.salvatorianas.org.br\/blog\/wp-content\/uploads\/2018\/09\/T\u00famulo-Pe.-Jordan-768x576.jpg 768w\" sizes=\"(max-width: 1024px) 100vw, 1024px\" \/><\/p>\n<p style=\"text-align: center;\"><strong>Tumba do Fundador da Fam\u00edlia Salvatoriana \u2013 Padre Jordan<\/strong><\/p>\n<p>Em 1956 seus restos mortais foram levados para a Casa M\u00e3e em Roma, onde se encontra na Capela a ele dedicada. Frequentemente, pessoas do mundo inteiro visitam e rezam junto a sua tumba. No dia 19 de mar\u00e7o de 1999, o Papa Jo\u00e3o Paulo II rezou diante da tumba do Fundador.<\/p>\n<p>&nbsp;<\/p>\n<p><strong>:: Conhe\u00e7a mais sobre a trajet\u00f3ria de vida de Padre Jordan: <\/strong><a href=\"https:\/\/goo.gl\/VEKn4F\" target=\"_blank\" rel=\"noopener\">https:\/\/goo.gl\/VEKn4F<\/a><\/p>\n<hr \/>\n<p>Neste dia em que celebramos o Centen\u00e1rio da morte\/ressurrei\u00e7\u00e3o do Vener\u00e1vel Padre Jordan, apresentamos com imensa alegria o novo design aplicado \u00e0 sua fotografia. Nossa gratid\u00e3o e reconhecimento ao Ateli\u00ea15 pela distinta cria\u00e7\u00e3o art\u00edstica!<\/p>\n<p><img decoding=\"async\" loading=\"lazy\" class=\"aligncenter wp-image-7158 size-large\" src=\"https:\/\/www.salvatorianas.org.br\/blog\/wp-content\/uploads\/2018\/09\/padre-c\u00a6pia-744x1024.jpg\" alt=\"\" width=\"744\" height=\"1024\" srcset=\"https:\/\/www.salvatorianas.org.br\/blog\/wp-content\/uploads\/2018\/09\/padre-c\u00a6pia-744x1024.jpg 744w, https:\/\/www.salvatorianas.org.br\/blog\/wp-content\/uploads\/2018\/09\/padre-c\u00a6pia-218x300.jpg 218w, https:\/\/www.salvatorianas.org.br\/blog\/wp-content\/uploads\/2018\/09\/padre-c\u00a6pia-768x1057.jpg 768w\" sizes=\"(max-width: 744px) 100vw, 744px\" \/><\/p>\n","protected":false},"excerpt":{"rendered":"<p>No dia 08 de setembro de 1918, h\u00e1 100 anos, Padre Francisco Maria da Cruz Jordan faleceu num humilde hospital em Tafers, pr\u00f3ximo de Friburgo, na Su\u00ed\u00e7a, e foi sepultado na igreja paroquial&#8230;<\/p>\n","protected":false},"author":2,"featured_media":7159,"comment_status":"open","ping_status":"open","sticky":false,"template":"","format":"standard","meta":[],"categories":[27,1],"tags":[],"_links":{"self":[{"href":"https:\/\/www.salvatorianas.org.br\/blog\/wp-json\/wp\/v2\/posts\/7153"}],"collection":[{"href":"https:\/\/www.salvatorianas.org.br\/blog\/wp-json\/wp\/v2\/posts"}],"about":[{"href":"https:\/\/www.salvatorianas.org.br\/blog\/wp-json\/wp\/v2\/types\/post"}],"author":[{"embeddable":true,"href":"https:\/\/www.salvatorianas.org.br\/blog\/wp-json\/wp\/v2\/users\/2"}],"replies":[{"embeddable":true,"href":"https:\/\/www.salvatorianas.org.br\/blog\/wp-json\/wp\/v2\/comments?post=7153"}],"version-history":[{"count":9,"href":"https:\/\/www.salvatorianas.org.br\/blog\/wp-json\/wp\/v2\/posts\/7153\/revisions"}],"predecessor-version":[{"id":7181,"href":"https:\/\/www.salvatorianas.org.br\/blog\/wp-json\/wp\/v2\/posts\/7153\/revisions\/7181"}],"wp:featuredmedia":[{"embeddable":true,"href":"https:\/\/www.salvatorianas.org.br\/blog\/wp-json\/wp\/v2\/media\/7159"}],"wp:attachment":[{"href":"https:\/\/www.salvatorianas.org.br\/blog\/wp-json\/wp\/v2\/media?parent=7153"}],"wp:term":[{"taxonomy":"category","embeddable":true,"href":"https:\/\/www.salvatorianas.org.br\/blog\/wp-json\/wp\/v2\/categories?post=7153"},{"taxonomy":"post_tag","embeddable":true,"href":"https:\/\/www.salvatorianas.org.br\/blog\/wp-json\/wp\/v2\/tags?post=7153"}],"curies":[{"name":"wp","href":"https:\/\/api.w.org\/{rel}","templated":true}]}}