{"id":7075,"date":"2018-07-30T13:55:33","date_gmt":"2018-07-30T13:55:33","guid":{"rendered":"https:\/\/www.salvatorianas.org.br\/blog\/?p=7075"},"modified":"2020-01-15T14:17:30","modified_gmt":"2020-01-15T14:17:30","slug":"o-sonho-de-uma-baronesa","status":"publish","type":"post","link":"https:\/\/www.salvatorianas.org.br\/blog\/o-sonho-de-uma-baronesa\/","title":{"rendered":"O SONHO DE UMA BARONESA"},"content":{"rendered":"<p>No dia 19 de fevereiro de 1833, no Castelo de M\u00fcllendonk, perto de M\u00f6nchengladbach, na Alemanha, nasceu uma menina com um grande sonho.<\/p>\n<p>Filha do Bar\u00e3o Jos\u00e9 Teodoro von W\u00fcllenweber e Constan\u00e7a Elisabet Lefort recebeu no batismo o nome de Teresa Francisca Josefina Elisabete Constan\u00e7a von W\u00fcllenweber. Com pais de intensa viv\u00eancia crist\u00e3, cresceu numa atmosfera de amor, aconchego, bondade e f\u00e9 que foi solidificando em Teresa um esp\u00edrito profundamente religioso. Gozava de boa sa\u00fade, era esperta e travessa, inteligente e tinha talento para a m\u00fasica.<\/p>\n<p>Como filha mais velha, devia herdar o castelo. Por isso, o pai procurou dar-lhe uma forma\u00e7\u00e3o correspondente e qualificada. Quando atingiu a idade de 15 anos, Teresa devia completar sua forma\u00e7\u00e3o, como era costume na nobreza. Foi para o pensionato das Irm\u00e3s Beneditinas em Li\u00e8ge, na B\u00e9lgica.<\/p>\n<p>Teresa regressou \u00e0 casa paterna aos 17 anos. O pai introduziu-a nos neg\u00f3cios do Castelo como filha herdeira, e esperava que em breve tivesse um distinto e famoso marido. Entretanto as aspira\u00e7\u00f5es de Teresa eram outras, e cada vez mais se sentia atra\u00edda para um caminho diferente daquele proposto pela fam\u00edlia.<\/p>\n<p>Com 20 anos participou de uma miss\u00e3o pregada pelos mission\u00e1rios jesu\u00edtas. Teresa sentiu-se fortemente atra\u00edda por tudo o que \u00e9 apost\u00f3lico e tinha uma grande paix\u00e3o pelas miss\u00f5es. Ela lutava em seu \u00edntimo para reconhecer a vontade de Deus a seu respeito e escreve: &#8220;<em>Eu lia de prefer\u00eancia no Santo Evangelho, como no tempo de Jesus os ap\u00f3stolos e as piedosas mulheres trabalhavam juntos por Cristo<\/em>\u201d.<\/p>\n<p>A realidade hist\u00f3rica social da Alemanha estava bastante complicada. Acontecia o \u201cKulturkampf\u201d, a Revolu\u00e7\u00e3o Cultural contra a Igreja, iniciada na Pr\u00fassia com Bismark. O bar\u00e3o Jos\u00e9 Teodoro era um homem pol\u00edtico e participava ativamente nos Congressos Cat\u00f3licos, movimento da Igreja contra a Revolu\u00e7\u00e3o Cultural.<\/p>\n<p>Teresa alugou a antiga Abadia de Neuwerk e, aos 13 de novembro de 1876, silenciosamente se mudou para a Abadia. Deu a esta sua obra o nome de Instituto Santa B\u00e1rbara. Ali levava vida conventual, dedicando-se \u00e0 instru\u00e7\u00e3o de crian\u00e7as pobres, aulas de trabalhos manuais e canto. Mas estava descontente com a pouca chance de agir apostolicamente em Neuwerk. Temia morrer sem fazer algo pelas miss\u00f5es.<\/p>\n<p>Finalmente surge uma luz em seu sonho apost\u00f3lico mission\u00e1rio, como ela mesma escreve: &#8221; <em>&#8230; assim continuei a esperar e a rezar, at\u00e9 que, na P\u00e1scoa de 1882, aos 12 de abril, li um an\u00fancio com a propaganda\u00a0 da rec\u00e9m fundada Sociedade Apost\u00f3lica Instrutiva, cujo\u00a0 Fundador \u00e9 o sacerdote alem\u00e3o Padre Francisco Jordan e cujo carisma \u00e9: \u2018Tornar conhecido e amado Jesus Salvador por todas as pessoas, de todos os modos e meios que a caridade de Cristo inspirar\u2019.\u201d<\/em><\/p>\n<p>Nessa Sociedade ela percebeu que podia realizar suas aspira\u00e7\u00f5es mission\u00e1rias que h\u00e1 muito tempo buscava. Aos 04 de julho chegou a Neuwerk, proveniente de Roma, o Padre Jo\u00e3o Batista Jordan &#8211; Fundador da Sociedade Apost\u00f3lica Instrutiva. Em seu depoimento Teresa escreve:\u00a0 \u201c<em>Meu mais ardente e \u00fanico desejo \u00e9 pertencer sempre mais \u00e0 <\/em><\/p>\n<p><em>Sociedade, at\u00e9 \u00e0 morte. Deus te dou gra\u00e7as eternamente.\u2019\u2019<\/em>\u00a0 Aos 05 de setembro de 1882, Teresa fez seus primeiros votos, e foi admitida ao primeiro grau da Sociedade Apost\u00f3lica Instrutiva.<\/p>\n<p>Aos 21 de novembro de 1888, Teresa von W\u00fcllenveber, seguindo o chamado do Ven. Fundador da Sociedade Cat\u00f3lica Instrutiva, partiu do Instituto Santa B\u00e1rbara de Neuwerk para Roma.<\/p>\n<p>No dia 08 de dezembro de 1888, dia memor\u00e1vel, na cidade de T\u00edvoli-It\u00e1lia, a Baronesa Teresa von W\u00fcllenweber recebeu do Ven. Pai a Santa Regra e ele disse: \u201c<em>Se viverem isto se tornar\u00e3o santas&#8217;<\/em>!&#8221; Recebeu tamb\u00e9m de Pe. Jordan o nome de Ir. Maria dos Ap\u00f3stolos. De modo simples e humilde, ela se tornou co-fundadora da Congrega\u00e7\u00e3o das Irm\u00e3s do Divino Salvador e a primeira superiora e mestra das novi\u00e7as das Irm\u00e3s Salvatorianas.<\/p>\n<p>O compromisso era grande para Madre Maria dos Ap\u00f3stolos. A ela foi dada a tarefa de colocar as bases para que a Congrega\u00e7\u00e3o pudesse sempre corresponder \u00e0s exig\u00eancias de uma verdadeira voca\u00e7\u00e3o apost\u00f3lica. Tamb\u00e9m se esfor\u00e7ava para guiar as Irm\u00e3s no esp\u00edrito do Fundador, com um forte compromisso apost\u00f3lico, \u00a0fundamentado no esp\u00edrito de f\u00e9 e ora\u00e7\u00e3o, que foi purificado pela aceita\u00e7\u00e3o di\u00e1ria da cruz. Em 1890 partiram as tr\u00eas primeiras Irm\u00e3s mission\u00e1rias para a \u00cdndia e mais tr\u00eas partiram em 1891.<\/p>\n<p>Depois de uma vida laboriosa, vivida com dedica\u00e7\u00e3o e total consagra\u00e7\u00e3o ao ideal e \u00e0 miss\u00e3o salvatoriana, o Senhor, que Madre Maria amou desde a inf\u00e2ncia, veio busc\u00e1-la, em Roma, no dia 25 de dezembro de 1907, durante a missa de Natal, \u00e0 meia noite, e foi sepultada no Campo Santo Teut\u00f4nico.<\/p>\n<p>Madre Lib\u00f3ria Hansknecht, em 1939, introduziu o Processo da Causa de Beatifica\u00e7\u00e3o de Madre Maria dos Ap\u00f3stolos. Suas virtudes, sua f\u00e9 e consagra\u00e7\u00e3o a Deus e \u00e0 causa mission\u00e1ria foram solenemente reconhecidas quando o Papa Paulo VI a beatificou, na Bas\u00edlica de S\u00e3o Pedro. Era dia 13 de outubro de 1968.<\/p>\n<p>Por:\u00a0Ir. Rozilde Maria Binotto (SDS)<\/p>\n<p>Em homenagem a Madre Maria dos Ap\u00f3stolos, preparamos um\u00a0<b>Infogr\u00e1fico<\/b>\u00a0que conta a sua hist\u00f3ria de vida religiosa. \u00a0Acesse:\u00a0<a href=\"https:\/\/goo.gl\/HJq6pB\">https:\/\/goo.gl\/HJq6pB<\/a><\/p>\n","protected":false},"excerpt":{"rendered":"<p>No dia 19 de fevereiro de 1833, no Castelo de M\u00fcllendonk, perto de M\u00f6nchengladbach, na Alemanha, nasceu uma menina com um grande sonho. Filha do Bar\u00e3o Jos\u00e9 Teodoro von W\u00fcllenweber e Constan\u00e7a Elisabet&#8230;<\/p>\n","protected":false},"author":2,"featured_media":7079,"comment_status":"open","ping_status":"open","sticky":false,"template":"","format":"standard","meta":[],"categories":[26],"tags":[],"_links":{"self":[{"href":"https:\/\/www.salvatorianas.org.br\/blog\/wp-json\/wp\/v2\/posts\/7075"}],"collection":[{"href":"https:\/\/www.salvatorianas.org.br\/blog\/wp-json\/wp\/v2\/posts"}],"about":[{"href":"https:\/\/www.salvatorianas.org.br\/blog\/wp-json\/wp\/v2\/types\/post"}],"author":[{"embeddable":true,"href":"https:\/\/www.salvatorianas.org.br\/blog\/wp-json\/wp\/v2\/users\/2"}],"replies":[{"embeddable":true,"href":"https:\/\/www.salvatorianas.org.br\/blog\/wp-json\/wp\/v2\/comments?post=7075"}],"version-history":[{"count":2,"href":"https:\/\/www.salvatorianas.org.br\/blog\/wp-json\/wp\/v2\/posts\/7075\/revisions"}],"predecessor-version":[{"id":12740,"href":"https:\/\/www.salvatorianas.org.br\/blog\/wp-json\/wp\/v2\/posts\/7075\/revisions\/12740"}],"wp:featuredmedia":[{"embeddable":true,"href":"https:\/\/www.salvatorianas.org.br\/blog\/wp-json\/wp\/v2\/media\/7079"}],"wp:attachment":[{"href":"https:\/\/www.salvatorianas.org.br\/blog\/wp-json\/wp\/v2\/media?parent=7075"}],"wp:term":[{"taxonomy":"category","embeddable":true,"href":"https:\/\/www.salvatorianas.org.br\/blog\/wp-json\/wp\/v2\/categories?post=7075"},{"taxonomy":"post_tag","embeddable":true,"href":"https:\/\/www.salvatorianas.org.br\/blog\/wp-json\/wp\/v2\/tags?post=7075"}],"curies":[{"name":"wp","href":"https:\/\/api.w.org\/{rel}","templated":true}]}}