{"id":6965,"date":"2018-08-27T09:00:13","date_gmt":"2018-08-27T09:00:13","guid":{"rendered":"https:\/\/www.salvatorianas.org.br\/blog\/?p=6965"},"modified":"2018-08-27T13:05:21","modified_gmt":"2018-08-27T13:05:21","slug":"convivencia-vocacional-2","status":"publish","type":"post","link":"https:\/\/www.salvatorianas.org.br\/blog\/convivencia-vocacional-2\/","title":{"rendered":"CONVIV\u00caNCIA VOCACIONAL"},"content":{"rendered":"<p>Neste final de semana ( 25 e 26), aconteceu em Xique-Xique\/BA e S\u00e3o Jos\u00e9 dos Pinhais\/PR uma Conviv\u00eancia Vocacional Salvatoriana. O encontro reuniu jovens para uma experi\u00eancia de discernimento vocacional, ou seja, um momento especial para que as jovens possam ir descobrindo a vontade de Deus em suas vidas, para que estas possam ofertar as suas vidas pelo Projeto de Jesus Salvador.<\/p>\n<p>A conviv\u00eancia Vocacional foi marcada pela ora\u00e7\u00e3o, reflex\u00e3o, partilha, amizade e alegria. Esta experi\u00eancia vivida no M\u00eas Vocacional possibilitou as jovens vocacionadas a conhecer um pouco mais da vida e miss\u00e3o das Irm\u00e3s Salvatoriana, para que possam com f\u00e9 e disposi\u00e7\u00e3o acolher com generosidade ao chamado que Deus faz a cada uma, como fez Maria, a M\u00e3e do Salvador.<\/p>\n<p>Continuemos rezando pelas voca\u00e7\u00f5es, para que a juventude possa escutar, discernir e viver a sua voca\u00e7\u00e3o!<\/p>\n<p style=\"text-align: center;\"><strong>\u201cMostra-me, Senhor, o Caminho a seguir.\u201d<\/strong> (Pe. Jordan)<\/p>\n<p>&nbsp;<\/p>\n<p><img decoding=\"async\" loading=\"lazy\" class=\"alignnone wp-image-6967 size-large\" src=\"https:\/\/www.salvatorianas.org.br\/blog\/wp-content\/uploads\/2018\/08\/WhatsApp-Image-2018-08-26-at-18.21.16-1024x576.jpeg\" alt=\"\" width=\"1024\" height=\"576\" srcset=\"https:\/\/www.salvatorianas.org.br\/blog\/wp-content\/uploads\/2018\/08\/WhatsApp-Image-2018-08-26-at-18.21.16-1024x576.jpeg 1024w, https:\/\/www.salvatorianas.org.br\/blog\/wp-content\/uploads\/2018\/08\/WhatsApp-Image-2018-08-26-at-18.21.16-300x169.jpeg 300w, https:\/\/www.salvatorianas.org.br\/blog\/wp-content\/uploads\/2018\/08\/WhatsApp-Image-2018-08-26-at-18.21.16-768x432.jpeg 768w, https:\/\/www.salvatorianas.org.br\/blog\/wp-content\/uploads\/2018\/08\/WhatsApp-Image-2018-08-26-at-18.21.16.jpeg 1280w\" sizes=\"(max-width: 1024px) 100vw, 1024px\" \/> <img decoding=\"async\" loading=\"lazy\" class=\"alignnone wp-image-6968 size-large\" src=\"https:\/\/www.salvatorianas.org.br\/blog\/wp-content\/uploads\/2018\/08\/WhatsApp-Image-2018-08-26-at-18.21.45-1024x768.jpeg\" alt=\"\" width=\"1024\" height=\"768\" srcset=\"https:\/\/www.salvatorianas.org.br\/blog\/wp-content\/uploads\/2018\/08\/WhatsApp-Image-2018-08-26-at-18.21.45-1024x768.jpeg 1024w, https:\/\/www.salvatorianas.org.br\/blog\/wp-content\/uploads\/2018\/08\/WhatsApp-Image-2018-08-26-at-18.21.45-300x225.jpeg 300w, https:\/\/www.salvatorianas.org.br\/blog\/wp-content\/uploads\/2018\/08\/WhatsApp-Image-2018-08-26-at-18.21.45-768x576.jpeg 768w, https:\/\/www.salvatorianas.org.br\/blog\/wp-content\/uploads\/2018\/08\/WhatsApp-Image-2018-08-26-at-18.21.45.jpeg 1280w\" sizes=\"(max-width: 1024px) 100vw, 1024px\" \/> <img decoding=\"async\" loading=\"lazy\" class=\"alignnone wp-image-6969 size-large\" src=\"https:\/\/www.salvatorianas.org.br\/blog\/wp-content\/uploads\/2018\/08\/WhatsApp-Image-2018-08-26-at-18.21.58-e1535374040735-1024x576.jpeg\" alt=\"\" width=\"1024\" height=\"576\" srcset=\"https:\/\/www.salvatorianas.org.br\/blog\/wp-content\/uploads\/2018\/08\/WhatsApp-Image-2018-08-26-at-18.21.58-e1535374040735-1024x576.jpeg 1024w, https:\/\/www.salvatorianas.org.br\/blog\/wp-content\/uploads\/2018\/08\/WhatsApp-Image-2018-08-26-at-18.21.58-e1535374040735-300x169.jpeg 300w, https:\/\/www.salvatorianas.org.br\/blog\/wp-content\/uploads\/2018\/08\/WhatsApp-Image-2018-08-26-at-18.21.58-e1535374040735-768x432.jpeg 768w, https:\/\/www.salvatorianas.org.br\/blog\/wp-content\/uploads\/2018\/08\/WhatsApp-Image-2018-08-26-at-18.21.58-e1535374040735.jpeg 1280w\" sizes=\"(max-width: 1024px) 100vw, 1024px\" \/> <img decoding=\"async\" loading=\"lazy\" class=\"alignnone wp-image-6970 size-large\" src=\"https:\/\/www.salvatorianas.org.br\/blog\/wp-content\/uploads\/2018\/08\/WhatsApp-Image-2018-08-26-at-19.39.30-1024x576.jpeg\" alt=\"\" width=\"1024\" height=\"576\" srcset=\"https:\/\/www.salvatorianas.org.br\/blog\/wp-content\/uploads\/2018\/08\/WhatsApp-Image-2018-08-26-at-19.39.30-1024x576.jpeg 1024w, https:\/\/www.salvatorianas.org.br\/blog\/wp-content\/uploads\/2018\/08\/WhatsApp-Image-2018-08-26-at-19.39.30-300x169.jpeg 300w, https:\/\/www.salvatorianas.org.br\/blog\/wp-content\/uploads\/2018\/08\/WhatsApp-Image-2018-08-26-at-19.39.30-768x432.jpeg 768w, https:\/\/www.salvatorianas.org.br\/blog\/wp-content\/uploads\/2018\/08\/WhatsApp-Image-2018-08-26-at-19.39.30.jpeg 1280w\" sizes=\"(max-width: 1024px) 100vw, 1024px\" \/> <img decoding=\"async\" loading=\"lazy\" class=\"alignnone wp-image-6971 size-large\" src=\"https:\/\/www.salvatorianas.org.br\/blog\/wp-content\/uploads\/2018\/08\/WhatsApp-Image-2018-08-26-at-19.39.45-1024x576.jpeg\" alt=\"\" width=\"1024\" height=\"576\" srcset=\"https:\/\/www.salvatorianas.org.br\/blog\/wp-content\/uploads\/2018\/08\/WhatsApp-Image-2018-08-26-at-19.39.45-1024x576.jpeg 1024w, https:\/\/www.salvatorianas.org.br\/blog\/wp-content\/uploads\/2018\/08\/WhatsApp-Image-2018-08-26-at-19.39.45-300x169.jpeg 300w, https:\/\/www.salvatorianas.org.br\/blog\/wp-content\/uploads\/2018\/08\/WhatsApp-Image-2018-08-26-at-19.39.45-768x432.jpeg 768w, https:\/\/www.salvatorianas.org.br\/blog\/wp-content\/uploads\/2018\/08\/WhatsApp-Image-2018-08-26-at-19.39.45.jpeg 1280w\" sizes=\"(max-width: 1024px) 100vw, 1024px\" \/> \u00a0<img decoding=\"async\" loading=\"lazy\" class=\"alignnone wp-image-6973 size-large\" src=\"https:\/\/www.salvatorianas.org.br\/blog\/wp-content\/uploads\/2018\/08\/WhatsApp-Image-2018-08-26-at-19.40.15-1024x576.jpeg\" alt=\"\" width=\"1024\" height=\"576\" srcset=\"https:\/\/www.salvatorianas.org.br\/blog\/wp-content\/uploads\/2018\/08\/WhatsApp-Image-2018-08-26-at-19.40.15-1024x576.jpeg 1024w, https:\/\/www.salvatorianas.org.br\/blog\/wp-content\/uploads\/2018\/08\/WhatsApp-Image-2018-08-26-at-19.40.15-300x169.jpeg 300w, https:\/\/www.salvatorianas.org.br\/blog\/wp-content\/uploads\/2018\/08\/WhatsApp-Image-2018-08-26-at-19.40.15-768x432.jpeg 768w, https:\/\/www.salvatorianas.org.br\/blog\/wp-content\/uploads\/2018\/08\/WhatsApp-Image-2018-08-26-at-19.40.15.jpeg 1280w\" sizes=\"(max-width: 1024px) 100vw, 1024px\" \/>\u00a0<img decoding=\"async\" loading=\"lazy\" class=\"alignnone wp-image-6972 size-large\" src=\"https:\/\/www.salvatorianas.org.br\/blog\/wp-content\/uploads\/2018\/08\/WhatsApp-Image-2018-08-26-at-19.40.14-576x1024.jpeg\" alt=\"\" width=\"576\" height=\"1024\" srcset=\"https:\/\/www.salvatorianas.org.br\/blog\/wp-content\/uploads\/2018\/08\/WhatsApp-Image-2018-08-26-at-19.40.14-576x1024.jpeg 576w, https:\/\/www.salvatorianas.org.br\/blog\/wp-content\/uploads\/2018\/08\/WhatsApp-Image-2018-08-26-at-19.40.14-169x300.jpeg 169w, https:\/\/www.salvatorianas.org.br\/blog\/wp-content\/uploads\/2018\/08\/WhatsApp-Image-2018-08-26-at-19.40.14.jpeg 720w\" sizes=\"(max-width: 576px) 100vw, 576px\" \/><img decoding=\"async\" loading=\"lazy\" class=\"alignnone wp-image-6974 size-large\" src=\"https:\/\/www.salvatorianas.org.br\/blog\/wp-content\/uploads\/2018\/08\/WhatsApp-Image-2018-08-26-at-19.40.19-576x1024.jpeg\" alt=\"\" width=\"576\" height=\"1024\" srcset=\"https:\/\/www.salvatorianas.org.br\/blog\/wp-content\/uploads\/2018\/08\/WhatsApp-Image-2018-08-26-at-19.40.19-576x1024.jpeg 576w, https:\/\/www.salvatorianas.org.br\/blog\/wp-content\/uploads\/2018\/08\/WhatsApp-Image-2018-08-26-at-19.40.19-169x300.jpeg 169w, https:\/\/www.salvatorianas.org.br\/blog\/wp-content\/uploads\/2018\/08\/WhatsApp-Image-2018-08-26-at-19.40.19.jpeg 720w\" sizes=\"(max-width: 576px) 100vw, 576px\" \/><\/p>\n","protected":false},"excerpt":{"rendered":"<p>Neste final de semana ( 25 e 26), aconteceu em Xique-Xique\/BA e S\u00e3o Jos\u00e9 dos Pinhais\/PR uma Conviv\u00eancia Vocacional Salvatoriana. O encontro reuniu jovens para uma experi\u00eancia de discernimento vocacional, ou seja, um&#8230;<\/p>\n","protected":false},"author":2,"featured_media":6966,"comment_status":"open","ping_status":"open","sticky":false,"template":"","format":"standard","meta":[],"categories":[28,1],"tags":[],"_links":{"self":[{"href":"https:\/\/www.salvatorianas.org.br\/blog\/wp-json\/wp\/v2\/posts\/6965"}],"collection":[{"href":"https:\/\/www.salvatorianas.org.br\/blog\/wp-json\/wp\/v2\/posts"}],"about":[{"href":"https:\/\/www.salvatorianas.org.br\/blog\/wp-json\/wp\/v2\/types\/post"}],"author":[{"embeddable":true,"href":"https:\/\/www.salvatorianas.org.br\/blog\/wp-json\/wp\/v2\/users\/2"}],"replies":[{"embeddable":true,"href":"https:\/\/www.salvatorianas.org.br\/blog\/wp-json\/wp\/v2\/comments?post=6965"}],"version-history":[{"count":2,"href":"https:\/\/www.salvatorianas.org.br\/blog\/wp-json\/wp\/v2\/posts\/6965\/revisions"}],"predecessor-version":[{"id":6976,"href":"https:\/\/www.salvatorianas.org.br\/blog\/wp-json\/wp\/v2\/posts\/6965\/revisions\/6976"}],"wp:featuredmedia":[{"embeddable":true,"href":"https:\/\/www.salvatorianas.org.br\/blog\/wp-json\/wp\/v2\/media\/6966"}],"wp:attachment":[{"href":"https:\/\/www.salvatorianas.org.br\/blog\/wp-json\/wp\/v2\/media?parent=6965"}],"wp:term":[{"taxonomy":"category","embeddable":true,"href":"https:\/\/www.salvatorianas.org.br\/blog\/wp-json\/wp\/v2\/categories?post=6965"},{"taxonomy":"post_tag","embeddable":true,"href":"https:\/\/www.salvatorianas.org.br\/blog\/wp-json\/wp\/v2\/tags?post=6965"}],"curies":[{"name":"wp","href":"https:\/\/api.w.org\/{rel}","templated":true}]}}