{"id":6779,"date":"2018-08-08T10:01:38","date_gmt":"2018-08-08T10:01:38","guid":{"rendered":"https:\/\/www.salvatorianas.org.br\/blog\/?p=6779"},"modified":"2018-08-08T20:18:18","modified_gmt":"2018-08-08T20:18:18","slug":"padre-jordan-instrumento-nas-maos-de-deus","status":"publish","type":"post","link":"https:\/\/www.salvatorianas.org.br\/blog\/padre-jordan-instrumento-nas-maos-de-deus\/","title":{"rendered":"Padre Jordan &#8211; Instrumento nas m\u00e3os de Deus"},"content":{"rendered":"<p>Neste dia 08 de agosto, 7\u00ba Dia da Novena em prepara\u00e7\u00e3o ao Centen\u00e1rio da Morte\/Ressurrei\u00e7\u00e3o do Vener\u00e1vel Servo de Deus, Pe. Francisco Maria da Cruz Jordan traz como tema: <strong>\u201cPadre Jordan\u00a0 \u2013 Instrumento nas m\u00e3os de Deus&#8221;<\/strong>.\u00a0 Novena que est\u00e1 sendo rezada todo dia 08 de cada m\u00eas nos espa\u00e7os de miss\u00e3o salvatoriana.<\/p>\n<p style=\"text-align: center;\"><strong>08 de agosto<\/strong><\/p>\n<p style=\"text-align: center;\"><strong>Vener\u00e1vel Servo de Deus<\/strong><\/p>\n<p style=\"text-align: center;\"><strong>Pe. Francisco Maria da Cruz Jordan<\/strong><\/p>\n<p style=\"text-align: center;\"><strong>Instrumento nas m\u00e3os de Deus<\/strong><\/p>\n<p>&nbsp;<\/p>\n<p><strong><em>\u201cMant\u00e9m-te em conversa espiritual com teu amado Salvador! Em atitude de humildade e de docilidade, senta-te a seus p\u00e9s, e escuta atentamente suas palavras\u201d<\/em><\/strong> <strong>(DE I 165,1)<\/strong><\/p>\n<p><strong>\u00a0<\/strong><\/p>\n<p><strong>Comentarista: <\/strong>vamos iniciar este momento de ora\u00e7\u00e3o invocando a Sant\u00edssima Trindade:\u00a0 Em nome do Pai, + do Filho e do Esp\u00edrito Santo. Am\u00e9m.<\/p>\n<p><strong>Comentarista:<\/strong> desde muito cedo, Padre Jordan percebeu o chamado que Deus fazia para que ele fosse seu instrumento no mundo. Este chamado podemos chamar de Voca\u00e7\u00e3o. Deus chama e o ser humano tem a liberdade de responder <em>sim<\/em> ou <em>n\u00e3o<\/em> para Deus. Visitando algumas par\u00f3quias, foi poss\u00edvel ler um cartaz, que dizia: <em>\u201cVoca\u00e7\u00e3o acertada \u00e9 futuro feliz\u201d<\/em>. O vocacionado que se identifica na voca\u00e7\u00e3o, ser\u00e1 com certeza um instrumento nas m\u00e3os de Deus.<\/p>\n<p><strong>Leitor 1<\/strong> (estola): no primeiro final de semana do m\u00eas de agosto, a Igreja celebra a voca\u00e7\u00e3o sacerdotal. Ser padre \u00e9 tornar-se pai espiritual do povo de Deus. \u00c9 poder doar-se por inteiro no cuidado ao povo que Deus lhe confiou. Recebamos a estola que nos remete ao minist\u00e9rio sacerdotal que o padre recebeu no dia da sua ordena\u00e7\u00e3o presbiteral.<\/p>\n<p><strong>Todos: obrigado, Senhor, pelas voca\u00e7\u00f5es sacerdotais.<\/strong><\/p>\n<p><strong>Leitor 2 <\/strong>(alian\u00e7a): no segundo final de semana de agosto a Igreja comemora a voca\u00e7\u00e3o matrimonial. Os que optam pela voca\u00e7\u00e3o matrimonial t\u00eam que se sentir interpelados a santificar todos os seus membros da fam\u00edlia.<\/p>\n<p><strong>Todos:<\/strong> <strong>obrigado, Senhor, pela voca\u00e7\u00e3o matrimonial.<\/strong><\/p>\n<p><strong>Leitor 3 <\/strong>(velas): no terceiro final de semana de agosto a Igreja comemora a Voca\u00e7\u00e3o Religiosa. Religioso \u00e9 aquele que deixa tudo para seguir a Jesus Cristo vivendo em Comunidade, assumindo o carisma, a espiritualidade de sua respectiva\u00a0 congrega\u00e7\u00e3o, e na viv\u00eancia dos tr\u00eas votos: pobreza, obedi\u00eancia e castidade. Ao acender essas tr\u00eas velas, recordemos os votos assumidos pelos religiosos (as) Salvatorianos e Salvatorianas que deixaram tudo, a exemplo do Pe. Jordan e Madre Maria, para servirem o povo de Deus.<\/p>\n<p><strong>Todos:<\/strong> <strong>obrigado, Senhor, pelas voca\u00e7\u00f5es \u00e0 vida religiosa.<\/strong><\/p>\n<p><strong>\u00a0<\/strong><strong>Leitor 1<\/strong> (sand\u00e1lias): as sand\u00e1lias tamb\u00e9m nos lembram aquelas pessoas que caminham na finalidade de anunciar a bondade e o amor de Deus. No quarto final de semana de agosto a Igreja celebra a voca\u00e7\u00e3o do leigo e tamb\u00e9m a voca\u00e7\u00e3o mission\u00e1ria. O leigo \u00e9 chamado a ser mission\u00e1rio na fam\u00edlia, no trabalho, na sociedade, na Igreja. Agrade\u00e7amos a Deus pela voca\u00e7\u00e3o desses nossos irm\u00e3os e irm\u00e3s que conciliam a sua vida familiar, trabalho, estudo e atividades da comunidade paroquial.<\/p>\n<p><strong>Todos:<\/strong> <strong>obrigado, Senhor, pelas voca\u00e7\u00f5es mission\u00e1rias e pelos leigos.<\/strong><\/p>\n<p><strong>Leitor 2<\/strong>: recordemos o que nos fala Padre Jordan em seu Di\u00e1rio Espiritual: <em>\u201c<strong>Mant\u00e9m-te em conversa espiritual com teu amado Salvador! Em atitude de humildade e de docilidade, senta-te a seus p\u00e9s, e escuta atentamente suas palavras\u201d.<\/strong><\/em><\/p>\n<p><strong>\u00a0<\/strong><strong>Comentarista:<\/strong> o ser humano, como obra criada por Deus \u00e0 sua imagem e semelhan\u00e7a, \u00e9 convidado a revelar pela sua vida a beleza de Deus. Pe. Jordan, ao fazer a sua primeira comunh\u00e3o, sentiu um grande apelo de Deus de se colocar a servi\u00e7o do Reino sonhado por Jesus Salvador.<\/p>\n<p><strong>Cantemos:<\/strong> <strong>Voca\u00e7\u00e3o do profeta<\/strong><\/p>\n<p><strong>&#8211; <\/strong>Antes que te formasses dentro do seio de tua m\u00e3e,\/antes que tu nascestes, te conhecia e te consagrei.\/Para se meu profeta entre as na\u00e7\u00f5es eu te escolhi,\/ir\u00e1s onde enviar-te e o que eu mando proclamar\u00e1s.<\/p>\n<p><strong>Tenho que gritar, tenho que arriscar, ai de mim se n\u00e3o o fa\u00e7o. Como escapar de ti? Como calar, se tua voz arde em meu peito? Tenho que andar, tenho que lutar, ai de mim se n\u00e3o o fa\u00e7o. Como escapar de ti, como calar, se Tua voz arde em meu peito?<\/strong><\/p>\n<p><strong>&#8211; <\/strong>N\u00e3o temas arriscar-te porque contigo eu estarei\/n\u00e3o temas anunciar-me, em tua boca eu falarei\/entrego-te meu povo, vai arrancar e derrubar\/para edificares, destruir\u00e1s e plantar\u00e1s.<\/p>\n<p>&#8211; Deixa os teus irm\u00e3os, deixa o teu pai e tua m\u00e3e,\/deixa a tua casa, porque a terra gritando est\u00e1. Nada tragas contigo, pois a teu lado eu estarei \u00e9 hora de lutar porque meu povo sofrendo est\u00e1.<\/p>\n<p>&nbsp;<\/p>\n<p><strong>ORA\u00c7\u00c3O INICIAL &#8211;<\/strong> <strong>CHAMADO E <\/strong><strong>RESPOSTA <\/strong><em>(livro \u201cPreces Salvatorianas\u201d, ora\u00e7\u00e3o 51, p\u00e1gina 65)<\/em><\/p>\n<p><strong>Todos: Senhor Jesus Cristo, Salvador do mundo, em todos os tempos chamas homens e mulheres que, a exemplo dos Ap\u00f3stolos, se empenham para que todos te conhe\u00e7am e encontrem em ti a salva\u00e7\u00e3o.<\/strong><\/p>\n<p>Escolheste Francisco Jordan como zeloso e fiel servidor do an\u00fancio apost\u00f3lico. Pela intercess\u00e3o de Maria, M\u00e3e do Salvador e Rainha dos Ap\u00f3stolos, te pedimos: como concedeste a teu servo Francisco, d\u00e1 tamb\u00e9m a n\u00f3s, seus filhos e filhas espirituais, uma inabal\u00e1vel confian\u00e7a em tua amorosa Provid\u00eancia, zelo apost\u00f3lico por teu Reino, dedica\u00e7\u00e3o no servi\u00e7o aos irm\u00e3os e irm\u00e3s, e coragem para te seguir.<\/p>\n<p>Pela intercess\u00e3o de teu servo Francisco, atende nossas preces, e ajuda-nos em nossas necessidades. Am\u00e9m.<\/p>\n<p><strong>Rezando com a Palavra de Deus: 1 Sm 3,1-21<\/strong><\/p>\n<p><strong>Leitor 1:<\/strong>E o jovem Samuel servia ao SENHOR perante Eli; e a palavra do SENHOR era de muita valia naqueles dias; n\u00e3o havia vis\u00e3o manifesta.<br \/>\nE sucedeu, naquele dia, que, estando Eli deitado no seu lugar (e os seus olhos come\u00e7avam a escurecer, pois n\u00e3o podia ver),<br \/>\nE estando tamb\u00e9m Samuel j\u00e1 deitado, antes que a l\u00e2mpada de Deus se apagasse no templo do Senhor, onde estava a arca de Deus,<br \/>\nO Senhor chamou a Samuel, e disse ele: Eis-me aqui.<br \/>\nE correu a Eli, e disse: Eis-me aqui, porque tu me chamaste. Mas ele disse: N\u00e3o te chamei eu, torna a deitar-te. E foi e se deitou.<br \/>\nE o Senhor tornou a chamar outra vez a Samuel, e Samuel se levantou, e foi a Eli, e disse: Eis-me aqui, porque tu me chamaste. Mas ele disse: N\u00e3o te chamei eu, filho meu, torna a deitar-te.<br \/>\nPor\u00e9m Samuel ainda n\u00e3o conhecia ao Senhor, e ainda n\u00e3o lhe tinha sido manifestada a palavra do Senhor.<br \/>\nO Senhor, pois, tornou a chamar a Samuel terceira vez, e ele se levantou, e foi a Eli, e disse: Eis-me aqui, porque tu me chamaste. Ent\u00e3o entendeu Eli que o Senhor chamava o jovem.<br \/>\nPor isso Eli disse a Samuel: Vai deitar-te e h\u00e1 de ser que, se te chamar, dir\u00e1s: Fala, Senhor, porque o teu servo ouve. Ent\u00e3o Samuel foi e se deitou no seu lugar.<br \/>\nEnt\u00e3o veio o Senhor, e p\u00f4s-se ali, e chamou como das outras vezes: Samuel, Samuel. E disse Samuel: Fala, porque o teu servo ouve.<br \/>\nE disse o Senhor a Samuel: Eis que vou fazer uma coisa em Israel, a qual todo o que ouvir lhe tinir\u00e3o ambos os ouvidos.<br \/>\nNaquele mesmo dia suscitarei contra Eli tudo quanto tenho falado contra a sua casa, come\u00e7arei e acabarei.<br \/>\nPorque eu j\u00e1 lhe fiz saber que julgarei a sua casa para sempre, pela iniq\u00fcidade que ele bem conhecia, porque, fazendo-se os seus filhos execr\u00e1veis, n\u00e3o os repreendeu.<br \/>\nPortanto, jurei \u00e0 casa de Eli que nunca jamais ser\u00e1 expiada a sua iniq\u00fcidade, nem com sacrif\u00edcio, nem com oferta de alimentos.<br \/>\nE Samuel ficou deitado at\u00e9 pela manh\u00e3, e ent\u00e3o abriu as portas da casa do Senhor; por\u00e9m temia Samuel relatar esta vis\u00e3o a Eli.<br \/>\nEnt\u00e3o chamou Eli a Samuel, e disse: Samuel, meu filho. E disse ele: Eis-me aqui.<br \/>\nE ele disse: Qual \u00e9 a palavra que te falou? Pe\u00e7o-te que n\u00e3o ma encubras; assim Deus te fa\u00e7a, e outro tanto, se me encobrires alguma palavra de todas as que te falou.<br \/>\nEnt\u00e3o Samuel lhe contou todas aquelas palavras, e nada lhe encobriu. E disse ele: Ele \u00e9 o Senhor; fa\u00e7a o que bem parecer aos seus olhos.<br \/>\nE crescia Samuel, e o Senhor era com ele, e nenhuma de todas as suas palavras deixou cair em terra.<br \/>\nE todo o Israel, desde D\u00e3 at\u00e9 Berseba, conheceu que Samuel estava confirmado por profeta do Senhor.<br \/>\nE continuou o Senhor a aparecer em Sil\u00f3; porquanto o Senhor se manifestava a Samuel em Sil\u00f3 pela palavra do Senhor.<\/p>\n<p>&nbsp;<\/p>\n<p>(Momento de contempla\u00e7\u00e3o)<\/p>\n<p>&#8211; Refletir o que a Palavra de Deus est\u00e1 nos falando hoje.<\/p>\n<p>&#8211; Breve momento de partilha<\/p>\n<p><strong>\u00a0<\/strong><\/p>\n<p><strong>Comentarista: <\/strong>recordemos alguns artigos das Constitui\u00e7\u00f5es, Regras de Vida e Estatutos dos ramos da Fam\u00edlia Salvatoriana.<\/p>\n<p><strong>\u00a0<\/strong><strong>Leitor 2: <\/strong>\u201cA exemplo do que fez com os ap\u00f3stolos, Jesus nos impele a assumir uma vida de total consagra\u00e7\u00e3o a Deus. Nossa voca\u00e7\u00e3o batismal nos obriga a lutar por um amor sempre mais perfeito, o qual, no nosso caso, \u00e9 vivenciado na vida em comunidade, em conson\u00e2ncia com os conselhos evang\u00e9licos e o servi\u00e7o apost\u00f3lico\u201d (Constitui\u00e7\u00f5es da Sociedade do Divino Salvador, artigo 102).<\/p>\n<p><strong>Todos:<\/strong> <strong>fortale\u00e7a, Senhor, os nossos Salvatorianos<\/strong>.<\/p>\n<p><strong>Leitor 3: <\/strong>a exemplo de nosso fundador, procuremos cumprir a vontade de Deus, sendo fi\u00e9is \u00e0 Igreja em nossa maneira de ser e agir, e servindo aos outros com simplicidade e humildade. Assim, manifestamos ao mundo a bondade e o amor de Deus, nosso Salvador (Constitui\u00e7\u00f5es da Sociedade do Divino Salvador, artigo 105).<\/p>\n<p><strong>Todos:<\/strong> <strong>fortale\u00e7a, Senhor, os nossos Salvatorianos.<\/strong><\/p>\n<p><strong>Leitor 4: <\/strong>como Irm\u00e3s do Divino Salvador, o Pai nos chama a prolongar na hist\u00f3ria o dom particular de nossos fundadores. Esse chamado exige que, de modo radical, sigamos a Jesus, que foi casto e pobre, e que salvou o mundo por sua obedi\u00eancia. O Esp\u00edrito Santo nos une em comunidade e nos envia a realizar o nosso objetivo apost\u00f3lico como miss\u00e3o na Igreja (Regra de Vida da Congrega\u00e7\u00e3o das Irm\u00e3s Salvatorianas, artigo 3).<\/p>\n<p><strong>Todos:<\/strong> <strong>aben\u00e7oai, Senhor, a miss\u00e3o das nossas Irm\u00e3s Salvatorianas.<\/strong><\/p>\n<p><strong>Leitor 1: <\/strong>Jesus, como Salvador do mundo, \u00e9 o centro e a fonte da nossa vida. Dele aprendemos a viver em busca constante da gl\u00f3ria do Pai, a exemplo de nossos fundadores. Nosso desejo de sermos totalmente dele e de colaborar em sua obra salv\u00edfica, nos impulsiona\u00a0\u00a0 a conhec\u00ea-lo intimamente, a am\u00e1-lo e servi-lo sem reserva (Regra de Vida da Congrega\u00e7\u00e3o das Irm\u00e3s Salvatorianas, artigo 4).<\/p>\n<p><strong>Todos:<\/strong> <strong>aben\u00e7oai, Senhor, a miss\u00e3o das nossas Irm\u00e3s Salvatorianas.<\/strong><\/p>\n<p><strong>Leitor 2: <\/strong>como leigos\/as Salvatorianos\/as, respondemos ao chamado de Deus, intensificando nossa voca\u00e7\u00e3o crist\u00e3 \u00e0 santidade e \u00e0 a\u00e7\u00e3o apost\u00f3lica. Somos chamados\/as a ser ap\u00f3stolos\/as, vivendo no mundo nossa voca\u00e7\u00e3o, na fam\u00edlia, na vida profissional e num amplo contexto de vida eclesial, social e pol\u00edtica (Estatutos da Associa\u00e7\u00e3o do Divino Salvador, artigo 10).<\/p>\n<p><strong>Todos:<\/strong> <strong>continue, Senhor, conduzindo os nossos Leigos Salvatorianos.<\/strong><\/p>\n<p><strong>Leitor 3: <\/strong>comprometemo-nos em ser ap\u00f3stolos no ambiente em que vivemos, participando ativamente na vida da igreja local, particular e universal. Empenhamo-nos em intervir nos ambientes e esferas da sociedade humana que ainda requerem uma primeira evangeliza\u00e7\u00e3o ou uma reevangeliza\u00e7\u00e3o. Por princ\u00edpio, utilizamo-nos de todos os modos e meios, que o amor de Cristo inspira, participando da miss\u00e3o na Igreja em obras pr\u00f3prias da Fam\u00edlia Salvatoriana e em outras a\u00e7\u00f5es em favor da vida (Estatutos da Associa\u00e7\u00e3o do Divino Salvador, artigo 13).<\/p>\n<p><strong>Comentarista: Medita\u00e7\u00f5es do Pe. Jordan <\/strong>&#8211; Acompanhemos em clima de ora\u00e7\u00e3o as palavras do Pe. Jordan deixadas em suas alocu\u00e7\u00f5es.<\/p>\n<p><strong>\u00a0<\/strong><strong>Leitor 1: <\/strong>a voca\u00e7\u00e3o \u00e0 Vida Religiosa e ao presbiterato, que recebemos do Bom Deus, \u00e9 t\u00e3o sublime, que escapa \u00e0 nossa compreens\u00e3o (Alocu\u00e7\u00f5es 17 de 29\/03\/1895).<\/p>\n<p><strong>Ant\u00edfona cantada:<\/strong> bendito seja Deus para sempre. Bendito, bendito, bendito seja Deus para sempre.<\/p>\n<p><strong>Leitor 4: <\/strong>para n\u00f3s, religiosos, o dever \u00e9 ainda maior. O Senhor nos chamou \u00e0 vida&#8230; Se voc\u00eas n\u00e3o corresponderem a essa voca\u00e7\u00e3o, existe o grande perigo de que, mais cedo ou mais tarde, voc\u00eas sucumbam. Empenhem-se para se tornarem santos. S\u00f3 assim voc\u00eas haver\u00e3o de compreender que sua dignidade \u00e9 divinal. S\u00f3 assim haver\u00e3o de compreender qu\u00e3o sublime \u00e9 a dignidade que Deus lhes confia\u201d (Alocu\u00e7\u00f5es 17 de 29\/03\/1895)<\/p>\n<p><strong>Ant\u00edfona cantada:<\/strong> bendito seja Deus para sempre. Bendito, bendito, bendito seja Deus para sempre.<\/p>\n<p><strong>Leitor 2: <\/strong>\u201cPor isso que quero adverti-los novamente a que, com todos os modos e meios poss\u00edveis, em conformidade com seu estado de vida e voca\u00e7\u00e3o, ajam, promover e colaborarem para atingirmos a sublime miss\u00e3o da Sociedade\u201d (Alocu\u00e7\u00f5es 40 de 29\/01.1897).<\/p>\n<p><strong>Ant\u00edfona cantada:<\/strong> bendito seja Deus para sempre. Bendito, bendito, bendito seja Deus para sempre.<\/p>\n<p><strong>Rezando com a Fam\u00edlia Salvatoriana hoje<\/strong><\/p>\n<p><strong>Leitor 1: \u201c<\/strong>Pe. Jordan, reconhecendo sua pequenez, diante da grandeza do Salvador, soube ser instrumento nas m\u00e3os de Deus e ajudou outros\/as a fazerem o mesmo. Ele escreve em seu di\u00e1rio Espiritual: \u2018<em>Jesus Cristo, aceita-me como teu indigno instrumento, e disp\u00f5e de mim como te aprouver\u2019.<\/em> Deus se alegrou com sua generosidade e fez dele um ardoroso disc\u00edpulo-mission\u00e1rio. Hoje, temos o seu legado como fonte de inspira\u00e7\u00e3o apost\u00f3lica neste mundo que sofre e clama por salva\u00e7\u00e3o\u201d (<em>Ir. Maria Jovelina Oliveira, religiosa Salvatoriana, assistente social &#8211; Xique-Xique\/BA<\/em>).<\/p>\n<p><strong>Todos: <\/strong><strong>somos instrumentos nas m\u00e3os de Deus.<\/strong><\/p>\n<p><strong>Leitor 2: <\/strong>\u201cDeus permeou a nossa hist\u00f3ria, despertando em diferentes pessoas o desejo do seguimento. Pela encarna\u00e7\u00e3o, Deus tornou-se um ser de rela\u00e7\u00e3o, que tece incessantemente a vincula\u00e7\u00e3o com o ser humano, desejando estabelecer um encontro. Mas n\u00e3o \u00e9 qualquer encontro, \u00e9 um encontro para permanecer com Ele, por isso ele nos chama para uma miss\u00e3o que \u00e9 pessoal. Assim com Pe. Jordan, que soube responder positivamente o seu chamado, cada um de n\u00f3s somos convidados a se deixar encontrar por Jesus, permanecer com Ele e realizar a voca\u00e7\u00e3o que nos foi confiada. Fa\u00e7amos a experi\u00eancia do encontro, deixemo-nos encontrar, e experimentemos a concretiza\u00e7\u00e3o humana da voca\u00e7\u00e3o Divina. O caminho est\u00e1 posto e necessita basicamente do primeiro passo\u201d (<em>Marciel O. de Souza, sds, pedagogo, religioso Salvatoriano &#8211; Jundia\u00ed\/SP).\u00a0\u00a0 <\/em><\/p>\n<p><em>\u00a0<\/em><strong>Todos: <\/strong><strong>somos instrumentos nas m\u00e3os de Deus.<\/strong><\/p>\n<p><em>\u00a0<\/em><strong>Leitor 3:<\/strong> \u201cPara Padre Jordan, a participa\u00e7\u00e3o do leigo na evangeliza\u00e7\u00e3o era fundamental. <strong><em>\u2018Outros vir\u00e3o e continuar\u00e3o a nossa obra\u2019.<\/em><\/strong> Cento e trinta anos se passaram e a igreja cat\u00f3lica, atrav\u00e9s do Papa e de seus bispos, lan\u00e7a o \u2018Ano do Laicato\u2019, como se voltasse \u00e0 fonte inesgot\u00e1vel do Amor: \u2018<em>V\u00f3s sois o sal da terra e a luz do mundo\u2019<\/em> (Mt 5, 13-14). Senhor, que possamos tamb\u00e9m n\u00f3s, incorporarmos esta exorta\u00e7\u00e3o de nosso Mestre Jesus, animados pelo nosso fundador, Pe. Jordan e impulsionados pelo Papa Francisco e nossos bispos em vista de nossos irm\u00e3os. E dai-nos for\u00e7as, Senhor, para que possamos implantar uma nova cultura de paz, de justi\u00e7a e de amor\u201d <em>(Dorival Jos\u00e9 Zonta, leigo do Grupo Caminheiros &#8211; de Passo Fundo\/RS).<\/em><\/p>\n<p><em>\u00a0<\/em><strong>Todos:<\/strong> <strong>somos instrumentos nas m\u00e3os de Deus.<\/strong><\/p>\n<p><strong>Comentarista:<\/strong> cantemos juntos.<\/p>\n<p><strong>Venho, Senhor, minha vida oferecer.<\/strong><\/p>\n<p>Venho, Senhor, minha vida oferecer. Como oferta de amor e sacrif\u00edcio. Quero,\u00a0minha vida a ti entregar como oferta viva em Teu altar. Pois pra Te adorar\u00a0foi que eu\u00a0nasci.\u00a0Cumpra em mim o Teu querer. Fa\u00e7a o que est\u00e1 em Teu cora\u00e7\u00e3o\/. E que a cada dia eu queira mais e mais estar ao Teu lado, Senhor. Pois pra Te adorar\u00a0foi que eu nasci.<\/p>\n<p>Cumpra em mim o Teu querer. Fa\u00e7a o que est\u00e1 em Teu cora\u00e7\u00e3o.\u00a0E que a cada dia eu queira mais e mais estar ao Teu lado, estar ao Teu lado, Senhor.<\/p>\n<p>&nbsp;<\/p>\n<p><strong>Rezando com a Igreja:<\/strong><\/p>\n<p><strong>\u00a0<\/strong><strong>Comentarista:<\/strong> o Brasil est\u00e1 se preparando para realizar em 2019 mais com Congresso Nacional Vocacional. Vamos rezar agora com alguns trechos do subs\u00eddio do instrumento de trabalho do 3\u00ba Congresso Nacional Vocacional, realizado em 2010 na cidade de Indaiatuba\/SP.<\/p>\n<p><strong>Leitor 1<\/strong>: na B\u00edblia toda voca\u00e7\u00e3o \u00e9 para a miss\u00e3o, o que pressup\u00f5e um chamado: a voca\u00e7\u00e3o. Do contr\u00e1rio, a voca\u00e7\u00e3o seria algo est\u00e9ril, fechada em si mesma, sem comunh\u00e3o e consequ\u00eancias em prol do Reino e de sua justi\u00e7a. Tamb\u00e9m n\u00e3o podemos reduzir a miss\u00e3o a uma tarefa posterior ao chamado ou a uma simples dimens\u00e3o da voca\u00e7\u00e3o. A miss\u00e3o n\u00e3o \u00e9 um acr\u00e9scimo ou extens\u00e3o da voca\u00e7\u00e3o, mas um componente essencial quer seja ela leiga, religiosa ou sacerdotal. A miss\u00e3o faz parte do DNA de toda e qualquer voca\u00e7\u00e3o.<\/p>\n<p><strong>Todos cantam: e<\/strong><strong>is-me aqui Senhor, eis-me aqui Senhor, pra fazer a Tua vontade, pra viver no Teu amor, pra fazer Tua vontade, pra viver no Teu amor! Eis-me aqui Senhor.\u00a0\u00a0<\/strong><\/p>\n<p><strong>Leitor 2<\/strong>: a voca\u00e7\u00e3o tem origem divina: Deus \u00e9 quem toma a iniciativa e nos chama desde a sua gratuidade. O chamado \u00e9 gra\u00e7a e o envio tamb\u00e9m. Tanto a voca\u00e7\u00e3o quanto a miss\u00e3o nunca visam o bem pessoal do vocacionado, mas de todo o povo de Deus. A verdadeira voca\u00e7\u00e3o e miss\u00e3o n\u00e3o s\u00e3o gra\u00e7as apenas para as pessoas escolhidas, mas para muitos conforme dizia Jesus referindo-se a sua pr\u00f3pria voca\u00e7\u00e3o e miss\u00e3o: \u201cO Filho do Homem n\u00e3o veio para ser servido, mas para servir e dar sua vida como resgate por muitos\u201d (Mt 20,28).<\/p>\n<p><strong>\u00a0<\/strong><strong>Todos cantam: <\/strong><strong>eis-me aqui Senhor, eis-me aqui Senhor, pra fazer a Tua vontade, pra viver no Teu amor, pra fazer Tua vontade, pra viver no Teu amor! Eis-me aqui Senhor.<\/strong><\/p>\n<p><em>\u00a0<\/em><strong>Leitor 3<\/strong>: um aut\u00eantico servi\u00e7o de anima\u00e7\u00e3o vocacional \u00e9, antes de tudo, uma a\u00e7\u00e3o evangelizadora e genuinamente mission\u00e1ria. Nos evangelhos, aquele que chama \u00e9 o mesmo que envia. Tal realidade confirma que voca\u00e7\u00e3o e miss\u00e3o s\u00e3o partes de um bin\u00f4mio insepar\u00e1vel e complementar. Ou, como diz a express\u00e3o popular: s\u00e3o dois lados de uma mesma moeda. Lados distintos, cada um com suas caracter\u00edsticas pr\u00f3prias, mas partes de uma realidade insepar\u00e1vel onde uma pressup\u00f5e a outra (O papa Bento XVI cita a met\u00e1fora dos &#8220;dois lados da moeda&#8221; ao referir-se ao discipulado e a miss\u00e3o por ocasi\u00e3o do discurso inaugural da V Confer\u00eancia. Cf. Documento de Aparecida, Texto conclusivo da V Confer\u00eancia Geral do Episcopado Latino-americano e do Caribe, Paulus, S\u00e3o Paulo, 2007, p.274).<\/p>\n<p><strong>Todos cantam: <\/strong><strong>eis-me aqui Senhor, eis-me aqui Senhor, pra fazer a Tua vontade, pra viver no Teu amor, pra fazer Tua vontade, pra viver no Teu amor! Eis-me aqui Senhor.<\/strong><\/p>\n<p><strong>Leitor 4:<\/strong> a comunidade dos seguidores de Jesus existe para a miss\u00e3o e dela procede. Por isso, podemos afirmar com seguran\u00e7a que todas as voca\u00e7\u00f5es e minist\u00e9rios tamb\u00e9m s\u00e3o de natureza mission\u00e1ria e se fundamentam na miss\u00e3o de Jesus Cristo e do Esp\u00edrito Santo.<\/p>\n<p><strong>Todos cantam: e<\/strong><strong>is-me aqui Senhor, eis-me aqui Senhor, pra fazer a Tua vontade, pra viver no Teu amor, pra fazer Tua vontade, pra viver no Teu amor! Eis-me aqui Senhor.\u00a0\u00a0<\/strong><\/p>\n<p><strong>Leitor 5<\/strong>: de maneira geral podemos afirmar que no Antigo Testamento Deus \u00e9 o autor de todos os chamados, enquanto que no Novo Testamento esta fun\u00e7\u00e3o \u00e9 reservada a Jesus. Por\u00e9m, tanto no Antigo quanto no Novo Testamento, todos os vocacionados e vocacionadas s\u00e3o enviados a uma determinada miss\u00e3o. N\u00e3o h\u00e1 sequer um \u00fanico caso onde o tema da voca\u00e7\u00e3o aparece desvinculado do envio e da miss\u00e3o.<\/p>\n<p><strong>Todos cantam: e<\/strong><strong>is-me aqui Senhor, eis-me aqui Senhor, pra fazer a Tua vontade, pra viver no Teu amor, pra fazer Tua vontade, pra viver no Teu amor! Eis-me aqui Senhor.<\/strong><\/p>\n<ul>\n<li>Tempo de contempla\u00e7\u00e3o da Palavra (instantes de sil\u00eancio)<\/li>\n<\/ul>\n<p>&nbsp;<\/p>\n<p><strong>B\u00ean\u00e7\u00e3o de Padre Jordan\u00a0 <\/strong><\/p>\n<p><strong><em>Aben\u00e7oe-vos Deus Todo Poderoso: Pai, Filho e Esp\u00edrito Santo.<\/em><\/strong><\/p>\n<p><strong><em>Ele vos santifique, confirme e multiplique como a areia do mar e como as estrelas do c\u00e9u, at\u00e9 o fim dos tempos. Am\u00e9m!<\/em><\/strong><\/p>\n<p><strong><em>\u00a0<\/em><\/strong>Pai Nosso &#8230; Ave Maria&#8230; Gl\u00f3ria ao Pai&#8230;<\/p>\n","protected":false},"excerpt":{"rendered":"<p>Neste dia 08 de agosto, 7\u00ba Dia da Novena em prepara\u00e7\u00e3o ao Centen\u00e1rio da Morte\/Ressurrei\u00e7\u00e3o do Vener\u00e1vel Servo de Deus, Pe. Francisco Maria da Cruz Jordan traz como tema: \u201cPadre Jordan\u00a0 \u2013 Instrumento&#8230;<\/p>\n","protected":false},"author":2,"featured_media":6780,"comment_status":"open","ping_status":"open","sticky":false,"template":"","format":"standard","meta":[],"categories":[27,1],"tags":[],"_links":{"self":[{"href":"https:\/\/www.salvatorianas.org.br\/blog\/wp-json\/wp\/v2\/posts\/6779"}],"collection":[{"href":"https:\/\/www.salvatorianas.org.br\/blog\/wp-json\/wp\/v2\/posts"}],"about":[{"href":"https:\/\/www.salvatorianas.org.br\/blog\/wp-json\/wp\/v2\/types\/post"}],"author":[{"embeddable":true,"href":"https:\/\/www.salvatorianas.org.br\/blog\/wp-json\/wp\/v2\/users\/2"}],"replies":[{"embeddable":true,"href":"https:\/\/www.salvatorianas.org.br\/blog\/wp-json\/wp\/v2\/comments?post=6779"}],"version-history":[{"count":4,"href":"https:\/\/www.salvatorianas.org.br\/blog\/wp-json\/wp\/v2\/posts\/6779\/revisions"}],"predecessor-version":[{"id":6785,"href":"https:\/\/www.salvatorianas.org.br\/blog\/wp-json\/wp\/v2\/posts\/6779\/revisions\/6785"}],"wp:featuredmedia":[{"embeddable":true,"href":"https:\/\/www.salvatorianas.org.br\/blog\/wp-json\/wp\/v2\/media\/6780"}],"wp:attachment":[{"href":"https:\/\/www.salvatorianas.org.br\/blog\/wp-json\/wp\/v2\/media?parent=6779"}],"wp:term":[{"taxonomy":"category","embeddable":true,"href":"https:\/\/www.salvatorianas.org.br\/blog\/wp-json\/wp\/v2\/categories?post=6779"},{"taxonomy":"post_tag","embeddable":true,"href":"https:\/\/www.salvatorianas.org.br\/blog\/wp-json\/wp\/v2\/tags?post=6779"}],"curies":[{"name":"wp","href":"https:\/\/api.w.org\/{rel}","templated":true}]}}