{"id":6773,"date":"2018-09-01T04:00:51","date_gmt":"2018-09-01T04:00:51","guid":{"rendered":"https:\/\/www.salvatorianas.org.br\/blog\/?p=6773"},"modified":"2018-09-02T12:37:42","modified_gmt":"2018-09-02T12:37:42","slug":"testemunho-vocacional","status":"publish","type":"post","link":"https:\/\/www.salvatorianas.org.br\/blog\/testemunho-vocacional\/","title":{"rendered":"Testemunho Vocacional"},"content":{"rendered":"<p>\u201cSeguir Jesus a luz da f\u00e9\u201d \u00a0\u00e9 o tema escolhido para o m\u00eas de agosto, em que a Igreja em todo o Brasil celebra as voca\u00e7\u00f5es. Para aprofundar ainda mais a reflex\u00e3o desta tem\u00e1tica tem o lema \u201cSei em quem acreditei\u201d (2 Tm 2,12). A proposta aponta que \u00e9 preciso f\u00e9 para esta caminhada de seguimento a Jesus e lembra a import\u00e2ncia da confian\u00e7a em quem chama a sermos disc\u00edpulos mission\u00e1rios do Reino.<\/p>\n<p style=\"text-align: center;\"><strong>Saiba porque as jovens vocacionadas salvatorianas Ana Paula de Morais Oliveira e Marcela Chaves B\u00fcttencourtee Alves est\u00e3o buscando seguir o caminho da Vida Religiosa Salvatoriana. Confira os depoimentos! <\/strong><\/p>\n<p><iframe loading=\"lazy\" width=\"500\" height=\"281\" src=\"https:\/\/www.youtube.com\/embed\/ycZ5hBmjFcY?feature=oembed\" frameborder=\"0\" allow=\"autoplay; encrypted-media\" allowfullscreen><\/iframe><\/p>\n<p style=\"text-align: center;\"><strong>Entenda porque a mission\u00e1ria brasileira em solo mo\u00e7ambicano, Ir. Cl\u00e9ia Bueno \u00e9 Irm\u00e3 Salvatoriana. Confira o seu testemunho! <\/strong><\/p>\n<p><iframe loading=\"lazy\" width=\"500\" height=\"281\" src=\"https:\/\/www.youtube.com\/embed\/3FZ8mFgz0_I?feature=oembed\" frameborder=\"0\" allow=\"autoplay; encrypted-media\" allowfullscreen><\/iframe><\/p>\n<p style=\"text-align: center;\"><strong>Entenda porque a Ir. Maria Jovelina Oliveira \u00e9 Irm\u00e3 Salvatoriana. Confira o seu testemunho! <\/strong><\/p>\n<p><iframe loading=\"lazy\" width=\"500\" height=\"281\" src=\"https:\/\/www.youtube.com\/embed\/khAy41bGNKw?feature=oembed\" frameborder=\"0\" allow=\"autoplay; encrypted-media\" allowfullscreen><\/iframe><\/p>\n<p style=\"text-align: center;\"><strong>Saiba porque a jovem Novi\u00e7a Patr\u00edcia Santana decidiu seguir o caminho da Vida Religiosa Salvatoriana. Confira o seu depoimento! <\/strong><\/p>\n<p><iframe loading=\"lazy\" width=\"500\" height=\"281\" src=\"https:\/\/www.youtube.com\/embed\/HodKbag0PZA?feature=oembed\" frameborder=\"0\" allow=\"autoplay; encrypted-media\" allowfullscreen><\/iframe><\/p>\n<p style=\"text-align: center;\"><strong>Entenda porque a Ir. Emirian Oliveira da Assun\u00e7\u00e3o \u00e9 Irm\u00e3 Salvatoriana. Confira o seu testemunho! <\/strong><\/p>\n<p><iframe loading=\"lazy\" width=\"500\" height=\"281\" src=\"https:\/\/www.youtube.com\/embed\/3KFskWgVsWY?feature=oembed\" frameborder=\"0\" allow=\"autoplay; encrypted-media\" allowfullscreen><\/iframe><\/p>\n<p style=\"text-align: center;\"><strong>Saiba porque a jovem Novi\u00e7a Idiavina de F\u00e1tima Ernesto Baessa decidiu seguir o caminho da Vida Religiosa Salvatoriana. Confira o seu depoimento! <\/strong><\/p>\n<p><iframe loading=\"lazy\" width=\"500\" height=\"281\" src=\"https:\/\/www.youtube.com\/embed\/FlZdJHYWUKY?feature=oembed\" frameborder=\"0\" allow=\"autoplay; encrypted-media\" allowfullscreen><\/iframe><\/p>\n<p style=\"text-align: center;\"><strong>Entenda porque a Ir. Therezinha Rasera \u00e9 Irm\u00e3 Salvatoriana. Confira o seu testemunho! <\/strong><\/p>\n<p><iframe loading=\"lazy\" width=\"500\" height=\"281\" src=\"https:\/\/www.youtube.com\/embed\/YIMiRljU-WU?feature=oembed\" frameborder=\"0\" allow=\"autoplay; encrypted-media\" allowfullscreen><\/iframe><\/p>\n<p style=\"text-align: center;\"><strong>Entenda porque a jovem Ir. Joana Orlando Janu\u00e1rio de Mo\u00e7ambique \u00e9 Irm\u00e3 Salvatoriana. Confira o seu testemunho! <\/strong><\/p>\n<p><iframe loading=\"lazy\" width=\"500\" height=\"281\" src=\"https:\/\/www.youtube.com\/embed\/UBHT_Y86JuE?feature=oembed\" frameborder=\"0\" allow=\"autoplay; encrypted-media\" allowfullscreen><\/iframe><\/p>\n<p style=\"text-align: center;\"><strong>Entenda porque Ir. Petronilla Maria Tonello de 94 anos \u00e9 Irm\u00e3 Salvatoriana. Confira o seu testemunho! <\/strong><\/p>\n<p><iframe loading=\"lazy\" width=\"500\" height=\"281\" src=\"https:\/\/www.youtube.com\/embed\/V9fkvoNrSAM?feature=oembed\" frameborder=\"0\" allow=\"autoplay; encrypted-media\" allowfullscreen><\/iframe><\/p>\n<p>&nbsp;<\/p>\n<p style=\"text-align: center;\"><strong>Saiba porque a jovem Luana Costa Oliveira decidiu seguir o caminho da Vida Religiosa Salvatoriana. Confira o seu depoimento! <\/strong><\/p>\n<p><iframe loading=\"lazy\" width=\"500\" height=\"281\" src=\"https:\/\/www.youtube.com\/embed\/ckkjoF-QpRI?feature=oembed\" frameborder=\"0\" allow=\"autoplay; encrypted-media\" allowfullscreen><\/iframe><\/p>\n<p>&nbsp;<\/p>\n<p style=\"text-align: center;\"><strong>Entenda porque Ir. S\u00f4nia Estela Agostini \u00e9 Irm\u00e3 Salvatoriana. Confira o seu testemunho! <\/strong><\/p>\n<p><iframe loading=\"lazy\" width=\"500\" height=\"281\" src=\"https:\/\/www.youtube.com\/embed\/qntjC1oMk8A?feature=oembed\" frameborder=\"0\" allow=\"autoplay; encrypted-media\" allowfullscreen><\/iframe><\/p>\n<p>&nbsp;<\/p>\n<p style=\"text-align: center;\"><strong>Saiba porque a jovem T\u00e2mara Nunes G. Oliveira decidiu seguir o caminho da Vida Religiosa Salvatoriana. Confira o seu depoimento:<\/strong><\/p>\n<p><iframe loading=\"lazy\" width=\"500\" height=\"281\" src=\"https:\/\/www.youtube.com\/embed\/TgP2EXETZdQ?feature=oembed\" frameborder=\"0\" allow=\"autoplay; encrypted-media\" allowfullscreen><\/iframe><\/p>\n<p>&nbsp;<\/p>\n<p style=\"text-align: center;\"><strong>Saiba porque a jovem Maria do Socorro de Jesus decidiu seguir o caminho da Vida Religiosa Salvatoriana. Confira o seu depoimento:<\/strong><\/p>\n<p><iframe loading=\"lazy\" width=\"500\" height=\"281\" src=\"https:\/\/www.youtube.com\/embed\/q3y6JugofKY?feature=oembed\" frameborder=\"0\" allow=\"autoplay; encrypted-media\" allowfullscreen><\/iframe><\/p>\n<p>&nbsp;<\/p>\n<p style=\"text-align: center;\"><strong>Entenda porque Ir. Elzi Bittencourt \u00e9 Irm\u00e3 Salvatoriana. Confira o seu testemunho junto aos jovens! <\/strong><\/p>\n<p><iframe loading=\"lazy\" width=\"500\" height=\"281\" src=\"https:\/\/www.youtube.com\/embed\/SqX5Qhx9lxo?feature=oembed\" frameborder=\"0\" allow=\"autoplay; encrypted-media\" allowfullscreen><\/iframe><\/p>\n<p>&nbsp;<\/p>\n<p style=\"text-align: center;\"><strong>Saiba porque a jovem Kalene Leite Alves decidiu seguir o caminho da Vida Religiosa Salvatoriana. Confira o seu depoimento:<\/strong><\/p>\n<p><iframe loading=\"lazy\" width=\"500\" height=\"281\" src=\"https:\/\/www.youtube.com\/embed\/Jw4RFIy6Ans?feature=oembed\" frameborder=\"0\" allow=\"autoplay; encrypted-media\" allowfullscreen><\/iframe><\/p>\n<p>&nbsp;<\/p>\n<p style=\"text-align: center;\"><strong>Entenda porque Ir. Romana Berton \u00e9 Irm\u00e3 Salvatoriana. Confira o seu testemunho vocacional:<\/strong><\/p>\n<p><iframe loading=\"lazy\" width=\"500\" height=\"281\" src=\"https:\/\/www.youtube.com\/embed\/C-3D45COXY4?feature=oembed\" frameborder=\"0\" allow=\"autoplay; encrypted-media\" allowfullscreen><\/iframe><\/p>\n<p>&nbsp;<\/p>\n<p>&nbsp;<\/p>\n","protected":false},"excerpt":{"rendered":"<p>\u201cSeguir Jesus a luz da f\u00e9\u201d \u00a0\u00e9 o tema escolhido para o m\u00eas de agosto, em que a Igreja em todo o Brasil celebra as voca\u00e7\u00f5es. Para aprofundar ainda mais a reflex\u00e3o desta&#8230;<\/p>\n","protected":false},"author":2,"featured_media":7045,"comment_status":"open","ping_status":"open","sticky":false,"template":"","format":"standard","meta":[],"categories":[1],"tags":[35],"_links":{"self":[{"href":"https:\/\/www.salvatorianas.org.br\/blog\/wp-json\/wp\/v2\/posts\/6773"}],"collection":[{"href":"https:\/\/www.salvatorianas.org.br\/blog\/wp-json\/wp\/v2\/posts"}],"about":[{"href":"https:\/\/www.salvatorianas.org.br\/blog\/wp-json\/wp\/v2\/types\/post"}],"author":[{"embeddable":true,"href":"https:\/\/www.salvatorianas.org.br\/blog\/wp-json\/wp\/v2\/users\/2"}],"replies":[{"embeddable":true,"href":"https:\/\/www.salvatorianas.org.br\/blog\/wp-json\/wp\/v2\/comments?post=6773"}],"version-history":[{"count":19,"href":"https:\/\/www.salvatorianas.org.br\/blog\/wp-json\/wp\/v2\/posts\/6773\/revisions"}],"predecessor-version":[{"id":7046,"href":"https:\/\/www.salvatorianas.org.br\/blog\/wp-json\/wp\/v2\/posts\/6773\/revisions\/7046"}],"wp:featuredmedia":[{"embeddable":true,"href":"https:\/\/www.salvatorianas.org.br\/blog\/wp-json\/wp\/v2\/media\/7045"}],"wp:attachment":[{"href":"https:\/\/www.salvatorianas.org.br\/blog\/wp-json\/wp\/v2\/media?parent=6773"}],"wp:term":[{"taxonomy":"category","embeddable":true,"href":"https:\/\/www.salvatorianas.org.br\/blog\/wp-json\/wp\/v2\/categories?post=6773"},{"taxonomy":"post_tag","embeddable":true,"href":"https:\/\/www.salvatorianas.org.br\/blog\/wp-json\/wp\/v2\/tags?post=6773"}],"curies":[{"name":"wp","href":"https:\/\/api.w.org\/{rel}","templated":true}]}}