{"id":6550,"date":"2018-07-08T08:36:20","date_gmt":"2018-07-08T08:36:20","guid":{"rendered":"https:\/\/www.salvatorianas.org.br\/blog\/?p=6550"},"modified":"2018-07-08T11:52:13","modified_gmt":"2018-07-08T11:52:13","slug":"padre-jordan-fe-na-providencia-divina","status":"publish","type":"post","link":"https:\/\/www.salvatorianas.org.br\/blog\/padre-jordan-fe-na-providencia-divina\/","title":{"rendered":"Padre Jordan &#8211; F\u00e9 na Provid\u00eancia Divina"},"content":{"rendered":"<p>Neste dia 08 de julho, 6\u00ba Dia da Novena em prepara\u00e7\u00e3o ao Centen\u00e1rio da Morte\/Ressurrei\u00e7\u00e3o do Vener\u00e1vel Servo de Deus, Pe. Francisco Maria da Cruz Jordan traz como tema: <strong>\u201cPadre Jordan &#8211;\u00a0Confiante na Divina Provid\u00eancia\u201d<\/strong>. Novena que est\u00e1 sendo rezada todo dia 08 de cada m\u00eas nos espa\u00e7os de miss\u00e3o salvatoriana e se estender\u00e1 at\u00e9 setembro, m\u00eas que marca a celebra\u00e7\u00e3o do Ano Centen\u00e1rio. Reze conosco esta novena!<\/p>\n<p style=\"text-align: center;\"><strong>08 de julho de 2018<\/strong><\/p>\n<p style=\"text-align: center;\"><strong>\u00a0<\/strong><strong>VENER\u00c1VEL SERVO DE DEUS<\/strong><\/p>\n<p style=\"text-align: center;\"><strong>FRANCISCO MARIA DA CRUZ JORDAN<\/strong><\/p>\n<p style=\"text-align: center;\"><strong>Confiante na Divina Provid\u00eancia<\/strong><strong>\u00a0<\/strong><\/p>\n<p style=\"text-align: center;\"><strong><em>\u201cComo serei feliz, sem confiar em Deus? Pois, neste caso, poderei contar sempre com a Sua Provid\u00eancia em meus afazeres, e ele afastar\u00e1 os perigos antes mesmo que eles me atinjam\u201d<\/em><\/strong> <strong>(DE I 45,2)<\/strong><\/p>\n<p><strong>\u00a0<\/strong><strong>Comentarista: <\/strong>Vamos iniciar este momento de ora\u00e7\u00e3o invocando a Sant\u00edssima Trindade:\u00a0 Em nome do Pai, do Filho e do Esp\u00edrito Santo. Am\u00e9m.<\/p>\n<p><strong>Comentarista:<\/strong> A confian\u00e7a na Divina Provid\u00eancia era uma caracter\u00edstica de Padre Jordan. Quem convivia com ele percebia claramente como se abandonava nas m\u00e3os de Deus.<\/p>\n<p><strong>Leitor 1<\/strong> (semente): Acolhamos estas sementes, que trazem consigo o dom da vida. Ao apresent\u00e1-las, fazemos mem\u00f3ria aos tr\u00eas Ramos da Fam\u00edlia Salvatoriana, que um dia foram sementes lan\u00e7adas ao mundo para dar frutos.<\/p>\n<p><strong>Leitor 2 <\/strong>(jarro com uma planta): A planta, para que estivesse aqui, foi necess\u00e1rio que algu\u00e9m tivesse o carinho de cuid\u00e1-la. Deus coloca em nossas m\u00e3os a humanidade para que possamos, como \u00a0Fam\u00edlia Salvatoriana, cuidar de toda a obra criada.<\/p>\n<p><strong>Leitor 3 <\/strong>(entra com a vela e a B\u00edblia): A vela traz consigo o dom de iluminar. Como Fam\u00edlia Salvatoriana, tamb\u00e9m somos convidados a ser luz no mundo. Que a Palavra de Deus continue iluminando os nossos projetos e sonhos. Pe\u00e7amos a Deus que sejamos fi\u00e9is ao seu projeto, assim como foram Pe. Jordan e Madre Maria.<\/p>\n<p><strong>Todos: Padre Jordan nos deixa em seu Di\u00e1rio Espiritual:<\/strong> <em>\u201c<\/em><strong><em>Como serei feliz, sem confiar em Deus? Pois, neste caso, poderei contar sempre com a Sua provid\u00eancia em meus afazeres, e ele afastar\u00e1 os perigos antes mesmo que eles me atinjam\u201d.<\/em><\/strong><\/p>\n<p><strong>\u00a0<\/strong><strong>Comentarista:<\/strong> O cardeal \u00c2ngelo Amato, prefeito da Causa dos Santos, atesta que Pe. Jordan era conhecido como aquele que nutria uma grande confian\u00e7a na Divina Provid\u00eancia. Quando tentavam question\u00e1-lo se algo seria poss\u00edvel de ser realizado, ele respondia de maneira muito simples: que era preciso confiar na Provid\u00eancia Divina. Devido \u00e0s in\u00fameras dificuldades, a Provid\u00eancia Divina se tornou a companheira constante deste grande homem.<\/p>\n<p><strong>Cantemos:<\/strong> <strong>Eis-me aqui, Senhor! Eis-me, aqui, Senhor!\/Pra fazer tua vontade, pra viver no teu amor. Pra fazer Tua Vontade, pra viver no Teu amor, eis-me aqui, Senhor!<\/strong><\/p>\n<p>&#8211; O Senhor \u00e9 o pastor que me conduz,\/por caminhos nunca vistos me enviou.\/Sou chamado a ser fermento, sal e\u00a0luz,\/e por isso respondi: aqui estou!<\/p>\n<p><strong>&#8211; <\/strong>Ele p\u00f4s em minha boca uma can\u00e7\u00e3o,\/ me ungiu como profeta e trovador,\/da hist\u00f3ria e da vida do meu povo,\/e por isso respondi: aqui estou!<\/p>\n<p><strong>&#8211; <\/strong>Ponho a minha confian\u00e7a no Senhor,\/da esperan\u00e7a sou chamado a ser sinal,\/Seu ouvido se inclinou ao meu clamor,\/e por isso respondi: aqui estou!<\/p>\n<p>&nbsp;<\/p>\n<p style=\"text-align: center;\"><strong>ORA\u00c7\u00c3O INICIAL &#8211;<\/strong> <strong>CHAMADO E RESPOSTA<\/strong> (livro \u201cPreces Salvatorianas\u201d &#8211; Ora\u00e7\u00e3o 51, p\u00e1gina 65)<\/p>\n<p><strong>Todos: <\/strong><em>Senhor Jesus Cristo, Salvador do mundo, em todos os tempos chamas homens e mulheres que, a exemplo dos ap\u00f3stolos, se empenham para que todos te conhe\u00e7am e encontrem em ti a salva\u00e7\u00e3o.<\/em><\/p>\n<p><em>Escolheste Francisco Jordan como zeloso e fiel servidor do an\u00fancio apost\u00f3lico. Pela intercess\u00e3o de Maria, M\u00e3e do Salvador e Rainha dos Ap\u00f3stolos, te pedimos: como concedeste a teu servo Francisco, d\u00e1 tamb\u00e9m a n\u00f3s, seus filhos e filhas espirituais, uma inabal\u00e1vel confian\u00e7a em tua amorosa Provid\u00eancia, zelo apost\u00f3lico por teu Reino, dedica\u00e7\u00e3o no servi\u00e7o aos irm\u00e3os e irm\u00e3s, e coragem para te seguir.<\/em><\/p>\n<p><em>Pela intercess\u00e3o de teu servo Francisco, atende nossas preces, e ajuda-nos em nossas necessidades. Am\u00e9m<\/em>.<\/p>\n<p>&nbsp;<\/p>\n<p><strong>Rezando com a Palavra de Deus: 1 Jo 5,13-15<\/strong><\/p>\n<p><span style=\"color: #000000;\"><strong>Leitor 1:\u00a0<\/strong><\/span>13 Escrevo tudo isso para que voc\u00eas, que acreditam no nome do Filho de Deus, estejam certos de que t\u00eam Vida Eterna. 14 Ao nos dirigirmos a Deus, podemos ter esta confian\u00e7a: quando pedimos alguma coisa conforme o seu projeto, ele nos ouve. 15 E, se sabemos que ele nos ouve em tudo o que lhe pedimos, estamos certos de que j\u00e1 obtivemos o que lhe hav\u00edamos pedido.<\/p>\n<p>Momento de contempla\u00e7\u00e3o &#8211; Refletir o que a Palavra de Deus est\u00e1 nos falando hoje.<\/p>\n<p>&#8211; Breve momento de partilha<\/p>\n<p><strong>Leitor 2: Recordando as medita\u00e7\u00f5es de Pe. Jordan &#8211; \u201c<\/strong><em>Repito:<\/em> <em>quanto maiores os sofrimentos, tanto maior o sucesso! Mesmo que nos planos da Provid\u00eancia constasse que voc\u00eas devem derramar, como m\u00e1rtires, o pr\u00f3prio sangue, olhem para a cruz e n\u00e3o lhes parecer\u00e1 dif\u00edcil!\u201d<\/em> (Alocu\u00e7\u00f5es 01 de 17\/01\/1890).<\/p>\n<p><strong>Ant\u00edfona cantada:<\/strong> Louvarei a Deus, seu nome bendirei. Louvarei a Deus, Ele \u00e9 minha salva\u00e7\u00e3o.<\/p>\n<p><em>\u00a0<\/em><strong>Leitor 3: \u201c<\/strong>Confiem no Senhor! Acreditem na Divina Provid\u00eancia! E quando, na velhice, voc\u00eas lan\u00e7arem um olhar retrospectivo sobre tantos acontecimentos sombrios do passado e compararem com que sofrimento os receberam, e agora se derem conta como Deus conduziu tudo para o seu maior bem, oh! como ent\u00e3o haver\u00e3o de julgar tudo de maneira bem diferente!\u201d (Alocu\u00e7\u00f5es 64 de 18\/02\/1898).<\/p>\n<p><strong>Ant\u00edfona cantada:<\/strong> Louvarei a Deus, seu nome bendirei. Louvarei a Deus, Ele \u00e9 minha salva\u00e7\u00e3o.<\/p>\n<p><strong>Leitor 4: \u201c<\/strong>\u00c9 impressionante como, espontaneamente, de todas as partes, chega tanta coisa! Com quanta prodigalidade a Divina Provid\u00eancia acaba de nos ajudar! Quase daria para uma caravana inteira viajar para a Am\u00e9rica. Nada acontece por acaso. E este \u00e9 o sinal mais seguro de que tudo isto procede do alto!\u201d (Alocu\u00e7\u00f5es 23 de 08\/07\/1896).<\/p>\n<p><strong>Ant\u00edfona cantada:<\/strong> Louvarei a Deus, seu nome bendirei. Louvarei a Deus, Ele \u00e9 minha salva\u00e7\u00e3o.<\/p>\n<p><strong>Leitor 1:<\/strong> \u201c&#8230; quem se refugia no ativismo corre s\u00e9rio risco de se arruinar. Mantenha-se cada qual no seu devido lugar, reze e confie tudo \u00e0 Divina Provid\u00eancia!\u201d (Alocu\u00e7\u00f5es 23 de 08\/07\/1896)<\/p>\n<p><strong>\u00a0<\/strong><strong>Ant\u00edfona cantada:<\/strong> Louvarei a Deus, seu nome bendirei. Louvarei a Deus, Ele \u00e9 minha salva\u00e7\u00e3o.<\/p>\n<p><strong>\u00a0<\/strong><strong>Comentarista: \u201c<\/strong>A ora\u00e7\u00e3o, como voc\u00eas devem saber e bem sabem, \u00e9 aquela for\u00e7a enorme que sobe ao c\u00e9u e de l\u00e1 faz descer a b\u00ean\u00e7\u00e3o, sem que voc\u00eas percebam. Confiem na Provid\u00eancia de Deus! Ele dirigir\u00e1 e ordenar\u00e1 tudo\u201d (Alocu\u00e7\u00f5es 38 de 15\/01\/1897).<\/p>\n<p>&nbsp;<\/p>\n<p style=\"text-align: center;\"><strong>Rezando com a Fam\u00edlia Salvatoriana hoje<\/strong><\/p>\n<p><strong>Leitor 1: <\/strong>&#8211; <em>\u201c<\/em><em>Padre Jordan, n\u00e3o s\u00f3 fez uma experi\u00eancia com a Divina Provid\u00eancia, como tamb\u00e9m depositava toda sua confian\u00e7a nela. Seus anseios, d\u00favidas e at\u00e9 os medos eram sentimentos que provavelmente n\u00e3o o afligiam, mas que o faziam experimentar, cada vez mais, um Deus providente e presente em todos os momentos e circunst\u00e2ncias de sua vida. Jordan foi um ser humano apaixonado em deixar-se guiar pela Divina Provid\u00eancia\u201d.<\/em> (Ir. J\u00e9ssica Marcela Louren\u00e7o, sds &#8211; graduanda em Enfermagem, S\u00e3o Paulo\/SP).<\/p>\n<p><em>\u00a0<\/em><strong>Todos: <\/strong><strong>Senhor n\u00f3s te esperamos, Senhor n\u00e3o tardes mais! Senhor n\u00f3s te esperamos, vem logo, vem nos salvar!<\/strong><\/p>\n<p><strong>\u00a0<\/strong><strong>Leitor 2: <\/strong>&#8211; <em>\u201cConfian\u00e7a na Divina Provid\u00eancia \u00e9 sentir a m\u00e3o poderosa de Deus que nos aponta o caminho a seguir. No dizer de Padre Francisco Maria da Cruz Jordan, confian\u00e7a em Deus&#8230; confian\u00e7a no amor de Deus. Acreditar que Deus est\u00e1 \u00e0 frente de n\u00f3s. Repito: confian\u00e7a em Deus\u201d<\/em> (Pe. C\u00e9lio Roberto dos Santos, sds (pedagogo, Salvatoriano, mission\u00e1rio no Peru).<em> \u00a0\u00a0<\/em><\/p>\n<p><strong>Todos:<\/strong> <strong>Senhor n\u00f3s te esperamos, Senhor n\u00e3o tardes mais! Senhor nos te esperamos, vem logo vem nos salvar!<\/strong><\/p>\n<p><em>\u00a0<\/em><strong>Leitor 3:<\/strong> <em>\u201c<\/em><em>\u00c9 preponderante a Provid\u00eancia Divina, pois quando temos confian\u00e7a plena nela, adquirimos for\u00e7as, luz e defesas para enfrentar as atribula\u00e7\u00f5es da vida no mundo atual\u201d <\/em>(Eva Santos de Oliveira, Grupo de leigos salvatorianos,\u00a0Baixa Grande\/BA).<\/p>\n<p><strong>Comentarista:<\/strong> Cantemos juntos<\/p>\n<p><strong>A CHAVE DO CORA\u00c7\u00c3O (ADRIANA)<\/strong><\/p>\n<p><strong>Qual \u00e9 a chave? Qual \u00e9 o segredo\u00a0que abre as portas do teu cora\u00e7\u00e3o? (2x)<\/strong><\/p>\n<p>Por que n\u00e3o falar se Ele quer te ouvir?\/Por que se esconder\u00a0se Ele est\u00e1 aqui?\/ Por que n\u00e3o aceitar se Ele quer te dar?\/Por que insistir em resistir?\/Pois Ele tem tanto pra te falar.\/Quer te amar te perdoar.<\/p>\n<p>Mas \u00e9 voc\u00ea que tem que abrir o cora\u00e7\u00e3o.\/Deixa Jesus te consolar.\/Deixa Jesus te aben\u00e7oar.\/<\/p>\n<p>Deixa Jesus te dar a sua\u00a0Salva\u00e7\u00e3o.<\/p>\n<p style=\"text-align: center;\"><strong><br \/>\n<\/strong><strong>Rezando com a Igreja:<\/strong><\/p>\n<p><strong>Comentarista:<\/strong> Recordemos alguns trechos da ora\u00e7\u00e3o do hoje Papa Em\u00e9rito Bento XVI, na ora\u00e7\u00e3o do Angelus do dia 27 de fevereiro de 2011.<\/p>\n<p><strong>Leitor 1<\/strong>: O Esp\u00edrito Santo nos doou mediante a escrita do, por assim dizer, \u201csegundo Isa\u00edas\u201d, o qual para consolar Jerusal\u00e9m das suas derrotas, assim se exprime: <em>\u201cPode uma mulher esquecer-se da sua pr\u00f3pria crian\u00e7a ao ponto de n\u00e3o comover-se pelo filho das suas entranhas? Mas se at\u00e9 esta se esquecesse, eu n\u00e3o te esqueceria jamais\u201d<\/em> (Is 49,15). Este convite \u00e0 confian\u00e7a no incondicional amor de Deus vem pr\u00f3ximo \u00e0 p\u00e1gina, de forma sugestiva, do Evangelho de Mateus, no qual Jesus exorta os seus disc\u00edpulos a confiar na provid\u00eancia do Pai Celeste, o qual nutre os p\u00e1ssaros do c\u00e9u e veste os l\u00edrios do campo e, al\u00e9m disso, conhece a nossa necessidade (cf. Mt 6,24-34).<\/p>\n<p><strong>Todos cantam: <\/strong><strong>Quem anda sempre no amor!\u00a0N\u00e3o cansa, nem se cansa!\u00a0\u00a0<\/strong><\/p>\n<p><strong>\u00a0<\/strong><strong>Leitor 2.<\/strong> Mateus se exprime desta forma: <em>\u201cN\u00e3o vos preocupeis, pois, dizendo: \u2018O que comeremos? O que beberemos? O que vestiremos?\u2019 De todas estas coisas v\u00e3o \u00e0 procura os pag\u00e3os. O vosso Pai celeste, de fato, sabe que haveis necessidade\u201d<\/em>.<\/p>\n<p><strong>\u00a0<\/strong><strong>Todos cantam<\/strong>: <strong>Quem anda sempre no amor!\u00a0N\u00e3o cansa, nem se cansa!\u00a0\u00a0<\/strong><\/p>\n<p><em>\u00a0<\/em><strong>Leitor 3<\/strong>: Quem acredita em Deus, Pai cheio de amor pelos seus filhos, coloca em primeiro lugar a procura pelo Reino, pela Sua vontade. E isto \u00e9 exatamente o contr\u00e1rio de um ing\u00eanuo conformismo. A f\u00e9 na provid\u00eancia, de fato, n\u00e3o dispensa a fadigosa luta por uma vida digna, mas liberta da ansiedade pelas coisas e do medo do amanh\u00e3.<\/p>\n<p><strong>Todos cantam<\/strong>: <strong>Quem anda sempre no amor!\u00a0N\u00e3o cansa, nem se cansa!\u00a0\u00a0<\/strong><\/p>\n<p><strong>\u00a0<\/strong><strong>Leitor 4:<\/strong> O crist\u00e3o se distingue pela absoluta confian\u00e7a no Pai celeste, como fez Jesus. \u00c9 justamente a rela\u00e7\u00e3o com Deus Pai que d\u00e1 sentido \u00e0 toda a vida de Cristo, \u00e0s suas palavras, aos seus gestos de salva\u00e7\u00e3o, at\u00e9 a sua paix\u00e3o, morte e ressurrei\u00e7\u00e3o. Jesus nos demonstrou o que significa viver com os p\u00e9s bem plantados na terra, atentos \u00e0s concretas situa\u00e7\u00f5es do pr\u00f3ximo e ao mesmo tempo conservando sempre o cora\u00e7\u00e3o no c\u00e9u e mergulhado na miseric\u00f3rdia de Deus.<\/p>\n<p><strong>Todos cantam: <\/strong><strong>Quem anda sempre no amor!\u00a0N\u00e3o cansa, nem se cansa!<\/strong><\/p>\n<p><em>\u00a0<\/em><strong>Leitor 5<\/strong>: Caros amigos, \u00e0 luz da Palavra de Deus deste domingo, vos convido a invocar a Virgem Maria com o t\u00edtulo de M\u00e3e da Divina Provid\u00eancia. A ela confiamos a nossa vida, o caminho da Igreja, os acontecimentos da hist\u00f3ria. Em particular, invocamos a sua intercess\u00e3o a fim que todos aprendamos a viver segundo um estilo mais simples e s\u00f3brio, na cotidiana atividade e no respeito para com a cria\u00e7\u00e3o que Deus confiou aos nossos cuidados.<\/p>\n<p><strong>Todos cantam: <\/strong><strong>Quem anda sempre no amor!\u00a0N\u00e3o cansa, nem se cansa!\u00a0\u00a0<\/strong><\/p>\n<p>Tempo de contempla\u00e7\u00e3o da Palavra (instantes de sil\u00eancio)<\/p>\n<p><strong>Comentarista: <\/strong><\/p>\n<p>Nosso vener\u00e1vel fundador, Padre Jordan, ficava horas na capela do Sant\u00edssimo. Estava certo da presen\u00e7a de Deus na sua vida e de toda Fam\u00edlia Salvatoriana. Agrade\u00e7amos a Jesus Salvador por nos conceder o seu corpo e sangue como alimento para a vida eterna. Manifestemos a nossa alegria cantando:<\/p>\n<p><strong>\u00a0<\/strong><strong>Canto: HINO SALVATORIANO<\/strong><\/p>\n<p><strong><em>Que todos possam ver\/e Cristo conhecer,\/saber de Cristo \u00e9 conhecer o amor!<\/em><\/strong><\/p>\n<ol>\n<li>Com alegria e muita gratid\u00e3o,\/a Deus erguemos hinos de louvor.<\/li>\n<\/ol>\n<p>Com toda Igreja e com cada irm\u00e3o,\/n\u00f3s proclamamos o Divino Salvador.<\/p>\n<ol>\n<li>Tornar o Cristo amado e conhecido,\/nos foi deixado como testamento.<\/li>\n<\/ol>\n<p>O mundo inteiro ser\u00e1 mais unido\/se o Evangelho for da vida o fundamento.<\/p>\n<ol>\n<li>Filhos e filhas pelo mundo afora\/de Padre Jordan seguem a miss\u00e3o.<\/li>\n<\/ol>\n<p>E n\u00e3o se cansam de esperar a hora\/de ver chegar a todo o povo a salva\u00e7\u00e3o.<\/p>\n<p><strong>Comentarista: \u00daltimos dias do Pe. Jordan &#8211; Cr\u00f4nicas deixadas pelo Pe. Pancr\u00e1cio<\/strong> (Dia 29 de agosto 1918)<\/p>\n<p><strong>Leitor 1. \u201c<\/strong>Tendo sido informado pelas Irm\u00e3s que, na parte da manh\u00e3, o vener\u00e1vel Pai estava mais l\u00facido do que \u00e0 noite, resolvi visit\u00e1-lo, doravante, sempre antes do meio-dia. De fato, hoje, \u00e0s 11,30 horas, eu o encontrei bem melhor. Ele repetia constantemente: \u2018<em>Deus \u00e9 t\u00e3o bom!\u2019.<\/em> Eu sentia muito de v\u00ea-lo numa casa estranha, e tratado por gente estranha\u201d.<\/p>\n<p><strong>Todos: \u201cO bom Deus far\u00e1 com que tudo d\u00ea certo\u201d <\/strong>(Padre Jordan)<\/p>\n<p><strong>\u00a0<\/strong><strong>Leitor 2: <\/strong>\u201cN\u00e3o consegui reter as l\u00e1grimas, e disse: <em>\u2018Vener\u00e1vel Pai, como \u00e9 poss\u00edvel acontecer tudo isso?\u2019 <\/em>Fitando-me, ele respondeu: <em>\u2018N\u00e3o se esque\u00e7a disto: Os caminhos de Deus n\u00e3o s\u00e3o os nossos caminhos, e seus pensamentos n\u00e3o s\u00e3o os nossos\u2019. Pouco depois ele acrescentava: \u2018A gente precisa deixar-se guiar pela Provid\u00eancia, tomando cuidado para n\u00e3o querer engabel\u00e1-la. Muitos j\u00e1 perderam a paci\u00eancia, ficando parados no meio do caminho. Perseverando, a gente acaba por encontrar uma solu\u00e7\u00e3o\u2019\u201d.<\/em><\/p>\n<p><em>\u00a0<\/em><strong>Todos: &#8220;Seja tudo como Deus quiser&#8221;<\/strong> (Padre Jordan).<\/p>\n<p><strong>Leitor 3:<\/strong> \u201cNa despedida, o vener\u00e1vel Pai me apertou a m\u00e3o, agradecendo a visita. Perguntei-lhe se ainda se sentia bem ali. Ao que ele respondeu: <em>\u2018Sim, muito.\u2019<\/em> E acrescentou: <em>\u2018As Irm\u00e3s s\u00e3o t\u00e3o boazinhas! Mas a gente nunca est\u00e1 seguro diante delas. Mesmo durante a noite, elas v\u00eam sempre de novo para ver se preciso de alguma coisa\u2019\u201d.<\/em><\/p>\n<p><strong>Todos:<\/strong> <em><strong>&#8220;Deus \u00e9 t\u00e3o bom! Seja feita a sua vontade&#8221; <\/strong><\/em><em>(Padre Jordan)<\/em><\/p>\n<p><strong><em>\u00a0<\/em><\/strong><strong>Leitor 4: <\/strong>\u201cNisto chega a Irm\u00e3 enfermeira, dizendo-me que, \u00e0 noite, o vener\u00e1vel Iai havia se levantado da cama, o que era muito perigoso para ele. Ent\u00e3o eu lhe disse: <em>\u2018vener\u00e1vel pai, o m\u00e9dico lhe proibiu isso. O senhor n\u00e3o deve levantar-se!\u2019<\/em> Mas, ele me respondeu: <em>\u2018O que adianta o Sr. me proibir, se a gente n\u00e3o sabe o que faz?\u2019\u201d<\/em><\/p>\n<p><em>\u00a0<\/em><strong>Todos:<\/strong> <em><strong>&#8220;Deus \u00e9 t\u00e3o bom! Seja feita a sua vontade<\/strong><\/em><em>&#8221; <\/em><em>(Padre Jordan)<\/em><\/p>\n<p><strong><em>\u00a0<\/em><\/strong><strong>Leitor 1:<\/strong> \u201cQuando a Irm\u00e3 deixou o quarto, ele ficou muito agitado, perguntando o que deveria fazer, se chegasse a deixar o leito sem o saber. Tentei ent\u00e3o livr\u00e1-lo dessa ang\u00fastia, mas foi muito dif\u00edcil tranquiliz\u00e1-lo. Finalmente eu lhe disse: <em>\u2018O senhor nunca sofreu disso; o senhor n\u00e3o \u00e9 nenhum son&#8230;\u2019<\/em> Interrompi a palavra iniciada, por julg\u00e1-la pouco reverente. <em>\u2018O senhor tem raz\u00e3o\u2019<\/em>, respondeu ele. E continuou: <em>\u2018Nenhum son\u00e2mbulo, isto \u00e9<\/em><em>, <\/em><em>nenhum \u2018somno ambulans\u2019\u2019 <\/em>(que anda durante o sono)\u201d.<\/p>\n<p><strong>Todos:<\/strong> <em><strong>&#8220;Deus \u00e9 t\u00e3o bom! Seja feita a sua vontade&#8221; <\/strong><\/em><em>(Padre Jordan)<\/em><\/p>\n<p><strong><em>\u00a0<\/em><\/strong><strong>Leitor 2<\/strong>: \u201cCom isso ele se tranquilizou, e tamb\u00e9m n\u00e3o tornou a se levantar. Manifestou o desejo de ver o Pe. Mac\u00e1rio, que era seu conselheiro e que costumava dissipar suas d\u00favidas. Entretanto, acrescentou: <em>\u2018Mas s\u00f3 se ele puder vir de Friburgo, sem descuidar, com isso, qualquer outra obriga\u00e7\u00e3o.\u2019\u201d<\/em><\/p>\n<p>&nbsp;<\/p>\n<p style=\"text-align: center;\"><strong>ORA\u00c7\u00c3O FINAL<\/strong><\/p>\n<p><strong>\u00a0<\/strong><strong>Confian\u00e7a na Divina Provid\u00eancia <\/strong>(Livro \u201cPreces Salvatorianas &#8211; Ora\u00e7\u00e3o 19, p\u00e1gina 27). Retirado do Di\u00e1rio Espiritual e Testamento do Pe. Jordan.<\/p>\n<p><em>Pai de amor e bondade, confiante me aproximo de ti. Tu podes tudo <\/em><em>(DE II 33,3).<\/em><em> Concede-me uma grande confian\u00e7a em tua Divina Provid\u00eancia. Bem sei que, qual m\u00e3e sol\u00edcita, cuidas de mim. Em ti coloco minha esperan\u00e7a e confian\u00e7a! <\/em><em>(<\/em><em>Testamento).<\/em><\/p>\n<p><em>Confio em tua admir\u00e1vel Provid\u00eancia, ainda que tudo pare\u00e7a estar perdido. Em tudo aquilo que me atinge, coloco-me inteiramente em tuas m\u00e3os.<\/em><\/p>\n<p><em>Tua Provid\u00eancia me criou! <\/em><em>(DE I 185,2). <\/em><em>Sei que te serves do tempo para realizar os planos de tua Provid\u00eancia. <\/em><em>(DE I 159*,3).\u00a0 <\/em><em>Ela n\u00e3o me deixar\u00e1 esperar em v\u00e3o. Lan\u00e7o sobre ti minhas preocupa\u00e7\u00f5es, pois bem sei que cuidas de mim com amor e carinho. <\/em><em>(DE<\/em> <em>I 162,2-3). <\/em><\/p>\n<p><strong>B\u00ean\u00e7\u00e3o de Padre Jordan:\u00a0 <\/strong><\/p>\n<p><em>Aben\u00e7oe-vos Deus todo poderoso: Pai, Filho e Esp\u00edrito Santo.<\/em><\/p>\n<p><em>Ele vos santifique, confirme e multiplique como a areia do mar e como as estrelas do c\u00e9u, at\u00e9 o fim dos tempos. Am\u00e9m!<\/em><\/p>\n<p><strong><em>\u00a0<\/em><\/strong>Pai Nosso &#8230; Ave Maria&#8230; Gl\u00f3ria ao Pai&#8230;<\/p>\n","protected":false},"excerpt":{"rendered":"<p>Neste dia 08 de julho, 6\u00ba Dia da Novena em prepara\u00e7\u00e3o ao Centen\u00e1rio da Morte\/Ressurrei\u00e7\u00e3o do Vener\u00e1vel Servo de Deus, Pe. Francisco Maria da Cruz Jordan traz como tema: \u201cPadre Jordan &#8211;\u00a0Confiante na&#8230;<\/p>\n","protected":false},"author":2,"featured_media":6551,"comment_status":"open","ping_status":"open","sticky":false,"template":"","format":"standard","meta":[],"categories":[27,1],"tags":[],"_links":{"self":[{"href":"https:\/\/www.salvatorianas.org.br\/blog\/wp-json\/wp\/v2\/posts\/6550"}],"collection":[{"href":"https:\/\/www.salvatorianas.org.br\/blog\/wp-json\/wp\/v2\/posts"}],"about":[{"href":"https:\/\/www.salvatorianas.org.br\/blog\/wp-json\/wp\/v2\/types\/post"}],"author":[{"embeddable":true,"href":"https:\/\/www.salvatorianas.org.br\/blog\/wp-json\/wp\/v2\/users\/2"}],"replies":[{"embeddable":true,"href":"https:\/\/www.salvatorianas.org.br\/blog\/wp-json\/wp\/v2\/comments?post=6550"}],"version-history":[{"count":4,"href":"https:\/\/www.salvatorianas.org.br\/blog\/wp-json\/wp\/v2\/posts\/6550\/revisions"}],"predecessor-version":[{"id":6555,"href":"https:\/\/www.salvatorianas.org.br\/blog\/wp-json\/wp\/v2\/posts\/6550\/revisions\/6555"}],"wp:featuredmedia":[{"embeddable":true,"href":"https:\/\/www.salvatorianas.org.br\/blog\/wp-json\/wp\/v2\/media\/6551"}],"wp:attachment":[{"href":"https:\/\/www.salvatorianas.org.br\/blog\/wp-json\/wp\/v2\/media?parent=6550"}],"wp:term":[{"taxonomy":"category","embeddable":true,"href":"https:\/\/www.salvatorianas.org.br\/blog\/wp-json\/wp\/v2\/categories?post=6550"},{"taxonomy":"post_tag","embeddable":true,"href":"https:\/\/www.salvatorianas.org.br\/blog\/wp-json\/wp\/v2\/tags?post=6550"}],"curies":[{"name":"wp","href":"https:\/\/api.w.org\/{rel}","templated":true}]}}