{"id":6491,"date":"2018-06-28T09:30:57","date_gmt":"2018-06-28T09:30:57","guid":{"rendered":"https:\/\/www.salvatorianas.org.br\/blog\/?p=6491"},"modified":"2018-06-28T12:39:45","modified_gmt":"2018-06-28T12:39:45","slug":"maria-dos-apostolos-em-visita-as-comunidades-e-ao-povo","status":"publish","type":"post","link":"https:\/\/www.salvatorianas.org.br\/blog\/maria-dos-apostolos-em-visita-as-comunidades-e-ao-povo\/","title":{"rendered":"MARIA DOS AP\u00d3STOLOS EM VISITA \u00c0S COMUNIDADES E AO POVO"},"content":{"rendered":"<p><em><strong>\u201cQuando ou\u00e7o falar em miss\u00f5es, sinto em mim um grande impulso. Tanto amor, tanta ansiedade, que s\u00f3 ent\u00e3o experimento em mim.\u201d<\/strong><\/em>\u00a0Madre Maria<\/p>\n<p>No final da tarde do dia 26 de junho, a Comunidade M\u00e3e do Bom Conselho acolheu com alegria a Comunidade S\u00e3o Rafael que trouxe a Rel\u00edquia da Bem-aventurada Maria dos Ap\u00f3stolos.\u00a0 Momento significativo de ora\u00e7\u00e3o e de conviv\u00eancia.<\/p>\n<p>A Rel\u00edquia permanecer\u00e1 na Comunidade Salvatoriana M\u00e3e do Bom Conselho at\u00e9 o dia 06 de julho de 2018. Para esse tempo, temos uma programa\u00e7\u00e3o comunit\u00e1ria e escolar, em sua homenagem. Da comunidade, as Irm\u00e3s Lourdes e Eloide encontram-se em retiro, por\u00e9m em profunda sintonia\u00a0 nesta visita de f\u00e9 e de gratid\u00e3o.<\/p>\n<p><img decoding=\"async\" src=\"https:\/\/scontent.ffln1-1.fna.fbcdn.net\/v\/t1.0-9\/36335998_2027556174163954_3496901023090343936_o.jpg?_nc_cat=0&amp;oh=d5b48023bdcf3b7b433ec9471a6bae04&amp;oe=5BE038DA\" alt=\"A imagem pode conter: 2 pessoas, pessoas sentadas, mesa e \u00c3\u00a1rea interna\" \/><\/p>\n<p>&nbsp;<\/p>\n<p><img decoding=\"async\" src=\"https:\/\/scontent.ffln1-1.fna.fbcdn.net\/v\/t1.0-9\/36327412_2027556107497294_5665380043191222272_o.jpg?_nc_cat=0&amp;oh=6f3c0bf6e95f90ec43ee179cfda721b0&amp;oe=5BDFB963\" alt=\"A imagem pode conter: 7 pessoas, pessoas sorrindo, pessoas sentadas, mesa e \u00c3\u00a1rea interna\" \/><\/p>\n<p>&nbsp;<\/p>\n<p><img decoding=\"async\" src=\"https:\/\/scontent.ffln1-1.fna.fbcdn.net\/v\/t1.0-9\/36310074_2027556280830610_3661099254903996416_o.jpg?_nc_cat=0&amp;oh=8d053d2ffd9b0ee3afe8b69d444bdb05&amp;oe=5BE8D9FE\" alt=\"A imagem pode conter: 7 pessoas, pessoas sorrindo, pessoas sentadas e \u00c3\u00a1rea interna\" \/><\/p>\n","protected":false},"excerpt":{"rendered":"<p>\u201cQuando ou\u00e7o falar em miss\u00f5es, sinto em mim um grande impulso. Tanto amor, tanta ansiedade, que s\u00f3 ent\u00e3o experimento em mim.\u201d\u00a0Madre Maria No final da tarde do dia 26 de junho, a Comunidade&#8230;<\/p>\n","protected":false},"author":2,"featured_media":6492,"comment_status":"open","ping_status":"open","sticky":false,"template":"","format":"standard","meta":[],"categories":[26,1],"tags":[33],"_links":{"self":[{"href":"https:\/\/www.salvatorianas.org.br\/blog\/wp-json\/wp\/v2\/posts\/6491"}],"collection":[{"href":"https:\/\/www.salvatorianas.org.br\/blog\/wp-json\/wp\/v2\/posts"}],"about":[{"href":"https:\/\/www.salvatorianas.org.br\/blog\/wp-json\/wp\/v2\/types\/post"}],"author":[{"embeddable":true,"href":"https:\/\/www.salvatorianas.org.br\/blog\/wp-json\/wp\/v2\/users\/2"}],"replies":[{"embeddable":true,"href":"https:\/\/www.salvatorianas.org.br\/blog\/wp-json\/wp\/v2\/comments?post=6491"}],"version-history":[{"count":3,"href":"https:\/\/www.salvatorianas.org.br\/blog\/wp-json\/wp\/v2\/posts\/6491\/revisions"}],"predecessor-version":[{"id":6495,"href":"https:\/\/www.salvatorianas.org.br\/blog\/wp-json\/wp\/v2\/posts\/6491\/revisions\/6495"}],"wp:featuredmedia":[{"embeddable":true,"href":"https:\/\/www.salvatorianas.org.br\/blog\/wp-json\/wp\/v2\/media\/6492"}],"wp:attachment":[{"href":"https:\/\/www.salvatorianas.org.br\/blog\/wp-json\/wp\/v2\/media?parent=6491"}],"wp:term":[{"taxonomy":"category","embeddable":true,"href":"https:\/\/www.salvatorianas.org.br\/blog\/wp-json\/wp\/v2\/categories?post=6491"},{"taxonomy":"post_tag","embeddable":true,"href":"https:\/\/www.salvatorianas.org.br\/blog\/wp-json\/wp\/v2\/tags?post=6491"}],"curies":[{"name":"wp","href":"https:\/\/api.w.org\/{rel}","templated":true}]}}