{"id":6339,"date":"2018-06-11T11:40:07","date_gmt":"2018-06-11T11:40:07","guid":{"rendered":"https:\/\/www.salvatorianas.org.br\/blog\/?p=6339"},"modified":"2018-06-11T14:09:31","modified_gmt":"2018-06-11T14:09:31","slug":"valores-vividos-por-madre-maria","status":"publish","type":"post","link":"https:\/\/www.salvatorianas.org.br\/blog\/valores-vividos-por-madre-maria\/","title":{"rendered":"VALORES VIVIDOS POR MADRE MARIA"},"content":{"rendered":"<p>Ao celebrarmos o jubileu dos 50 anos de beatifica\u00e7\u00e3o da Bem-aventurada Maria dos Ap\u00f3stolos, queremos destacar alguns valores vividos por esta que \u00e9 por excel\u00eancia uma aut\u00eantica Irm\u00e3 do Divino Salvador. Sua vida testemunha total dedica\u00e7\u00e3o \u00e0 propaga\u00e7\u00e3o do Reino de Deus, seu ardor mission\u00e1rio continua inspirando a Fam\u00edlia Salvatoriana no seguimento e anuncio do Salvador.<\/p>\n<p><strong>Mulher po\u00e9tica<\/strong>, desde a juventude, escreveu poemas: &#8220;quando ou\u00e7o falar em miss\u00f5es, sinto em mim um grande impulso. Tanto amor, tanta ansiedade, que s\u00f3 ent\u00e3o experimento em mim.&#8221; (Uma Aspira\u00e7\u00e3o)<\/p>\n<p><strong>Mulher com esp\u00edrito apost\u00f3lico mission\u00e1rio:<\/strong> &#8220;Sinto-me fortemente chamada a tudo o que \u00e9 apost\u00f3lico.&#8221;<\/p>\n<p><strong>Mulher com vis\u00e3o universal<\/strong>, dotada de uma grande sensibilidade diante das necessidades da realidade de seu tempo.<\/p>\n<p><strong>Mulher de doa\u00e7\u00e3o sem reservas<\/strong>, na busca incans\u00e1vel pela concretiza\u00e7\u00e3o do ideal salvatoriano.<\/p>\n<p><strong>Mulher alegre, simples e serena<\/strong>, pela sua dedica\u00e7\u00e3o conseguiu criar uma comunidade feliz.<\/p>\n<p><strong>Mulher acolhedora e grande hospitalidade:<\/strong> seu esp\u00edrito universal acolhia a todos, sem distin\u00e7\u00e3o.<\/p>\n<p><strong>Mulher de ora\u00e7\u00e3o:<\/strong> profunda experi\u00eancia de Deus foi o alicerce de sua vida e miss\u00e3o. Mulher de profundo compromisso com os pobres.<\/p>\n<p>&nbsp;<\/p>\n","protected":false},"excerpt":{"rendered":"<p>Ao celebrarmos o jubileu dos 50 anos de beatifica\u00e7\u00e3o da Bem-aventurada Maria dos Ap\u00f3stolos, queremos destacar alguns valores vividos por esta que \u00e9 por excel\u00eancia uma aut\u00eantica Irm\u00e3 do Divino Salvador. Sua vida&#8230;<\/p>\n","protected":false},"author":2,"featured_media":6340,"comment_status":"open","ping_status":"open","sticky":false,"template":"","format":"standard","meta":[],"categories":[26,1],"tags":[],"_links":{"self":[{"href":"https:\/\/www.salvatorianas.org.br\/blog\/wp-json\/wp\/v2\/posts\/6339"}],"collection":[{"href":"https:\/\/www.salvatorianas.org.br\/blog\/wp-json\/wp\/v2\/posts"}],"about":[{"href":"https:\/\/www.salvatorianas.org.br\/blog\/wp-json\/wp\/v2\/types\/post"}],"author":[{"embeddable":true,"href":"https:\/\/www.salvatorianas.org.br\/blog\/wp-json\/wp\/v2\/users\/2"}],"replies":[{"embeddable":true,"href":"https:\/\/www.salvatorianas.org.br\/blog\/wp-json\/wp\/v2\/comments?post=6339"}],"version-history":[{"count":2,"href":"https:\/\/www.salvatorianas.org.br\/blog\/wp-json\/wp\/v2\/posts\/6339\/revisions"}],"predecessor-version":[{"id":6342,"href":"https:\/\/www.salvatorianas.org.br\/blog\/wp-json\/wp\/v2\/posts\/6339\/revisions\/6342"}],"wp:featuredmedia":[{"embeddable":true,"href":"https:\/\/www.salvatorianas.org.br\/blog\/wp-json\/wp\/v2\/media\/6340"}],"wp:attachment":[{"href":"https:\/\/www.salvatorianas.org.br\/blog\/wp-json\/wp\/v2\/media?parent=6339"}],"wp:term":[{"taxonomy":"category","embeddable":true,"href":"https:\/\/www.salvatorianas.org.br\/blog\/wp-json\/wp\/v2\/categories?post=6339"},{"taxonomy":"post_tag","embeddable":true,"href":"https:\/\/www.salvatorianas.org.br\/blog\/wp-json\/wp\/v2\/tags?post=6339"}],"curies":[{"name":"wp","href":"https:\/\/api.w.org\/{rel}","templated":true}]}}