{"id":6308,"date":"2018-06-08T01:47:53","date_gmt":"2018-06-08T01:47:53","guid":{"rendered":"https:\/\/www.salvatorianas.org.br\/blog\/?p=6308"},"modified":"2018-06-07T19:13:24","modified_gmt":"2018-06-07T19:13:24","slug":"padre-jordan-grande-devoto-da-eucaristia","status":"publish","type":"post","link":"https:\/\/www.salvatorianas.org.br\/blog\/padre-jordan-grande-devoto-da-eucaristia\/","title":{"rendered":"Padre Jordan: grande devoto da Eucaristia"},"content":{"rendered":"<p>Neste dia 08 de junho, 5\u00ba Dia da Novena em prepara\u00e7\u00e3o ao Centen\u00e1rio da Morte\/Ressurrei\u00e7\u00e3o do Vener\u00e1vel Servo de Deus, Pe. Francisco Maria da Cruz Jordan traz como tema: \u201cPadre Jordan Fortalecido pela Eucaristia di\u00e1ria &#8211; Perseverante na ora\u00e7\u00e3o \u201d. Novena que est\u00e1 sendo rezada todo dia 08 de cada m\u00eas nos espa\u00e7os de miss\u00e3o salvatoriana e se estender\u00e1 at\u00e9 setembro, m\u00eas que marca a celebra\u00e7\u00e3o do Ano Centen\u00e1rio. Reze conosco esta novena!<\/p>\n<p>&nbsp;<\/p>\n<p style=\"text-align: center;\">08 de junho de 2018<\/p>\n<p style=\"text-align: center;\"><strong>VENER\u00c1VEL SERVO DE DEUS<\/strong><br \/>\n<strong>PE. FRANCISCO MARIA DA CRUZ JORDAN<\/strong><\/p>\n<p style=\"text-align: center;\"><strong>Fortalecido pela eucaristia di\u00e1ria<\/strong><br \/>\n<strong>&#8211; Perseverante na ora\u00e7\u00e3o &#8211;<\/strong><\/p>\n<p><strong><em>\u201cVisita, pelo menos uma vez, Jesus na Sant\u00edssima Eucaristia!<\/em> Dedica pelo menos meia hora \u00e0 medita\u00e7\u00e3o! Dirige in\u00fameras jaculat\u00f3rias a Deus! Anda ininterruptamente na presen\u00e7a de Deus!&#8221;<\/strong> (DE I 90,1)<\/p>\n<p><strong>Ant\u00edfona inicial:\u00a0<\/strong><br \/>\nSeremos respons\u00e1veis por levar o Teu nome, \u00d3 Cristo Salvador! Ajudai-nos em nossa miss\u00e3o!<\/p>\n<p style=\"text-align: left;\"><strong>Comentarista:<\/strong> Vamos iniciar esse momento de ora\u00e7\u00e3o invocando a Sant\u00edssima Trindade com o canto:<br \/>\n(Refr\u00e3o) <strong>Em nome do Pai \/e do Filho tamb\u00e9m \/e Em nome do Esp\u00edrito Santo. Am\u00e9m!<\/strong><br \/>\n1. O Pai nos acolha no seu grande amor \/ e aceite o carinho do nosso louvor.<br \/>\n2. O Pai nos acolha no Filho Jesus \/ nos d\u00ea sua gra\u00e7a, nos d\u00ea sua luz.<br \/>\n3. O Pai nos acolha no Esp\u00edrito Santo \/ nos guarde e proteja, na paz do seu manto.<\/p>\n<p style=\"text-align: left;\"><strong>Comentarista:<\/strong> A Eucaristia sempre foi presente na vida do Pe. Jordan. Ele ia com frequ\u00eancia \u00e0<br \/>\nBas\u00edlica de S\u00e3o Pedro e ficava horas em ora\u00e7\u00e3o pessoal. Ficava t\u00e3o envolvido a ponto de v\u00e1rias pessoas<br \/>\ndizerem que quando ele rezava, era poss\u00edvel se deparar com um santo rezando.<\/p>\n<p style=\"text-align: left;\"><strong>Leitor 1:<\/strong> (Entra com o livro de preces salvatorianas ou outro livro de ora\u00e7\u00f5es) Acolhamos este livro<br \/>\nde ora\u00e7\u00f5es salvatorianas que tanto nos ajuda a manter a nossa comunh\u00e3o como Fam\u00edlia Salvatoriana.<\/p>\n<p style=\"text-align: left;\"><strong>Leitor2:<\/strong> (entra com o Ter\u00e7o): A ora\u00e7\u00e3o do ter\u00e7o nos ajuda a recordar v\u00e1rios momentos da vida de<br \/>\nJesus e nos lembra tamb\u00e9m daquela que deu um Sim a Deus, nossa querida M\u00e3e do Salvador e Rainha<br \/>\ndos Ap\u00f3stolos.<\/p>\n<p style=\"text-align: left;\"><strong>Leitor3:<\/strong> (entra com a Liturgia das Horas ou Liturgia Di\u00e1ria) Nesse livro de ora\u00e7\u00f5es encontramos textos<br \/>\nb\u00edblicos que nos ajudam a conhecer melhor o plano de salva\u00e7\u00e3o e nos aponta o caminho que devemos<br \/>\npercorrer como disc\u00edpulos\/discipulas, mission\u00e1rios\/mission\u00e1rias.<\/p>\n<p style=\"text-align: left;\"><strong>Leitor4:<\/strong> (entra com Vela). A vela nos recorda que devemos ser a exemplo de Jesus luz para o mundo.<\/p>\n<p style=\"text-align: left;\">Todos: Padre Jordan nos deixa em seu Di\u00e1rio Espiritual: <em><strong>\u201cVisita, pelo menos uma vez, Jesus na<\/strong><\/em><br \/>\n<em><strong>Sant\u00edssima Eucaristia! Dedica pelo menos meia hora \u00e0 medita\u00e7\u00e3o! Dirige in\u00fameras jaculat\u00f3rias<\/strong><\/em><br \/>\n<em><strong>a Deus! Anda ininterruptamente na presen\u00e7a de Deus!\u201d<\/strong><\/em><\/p>\n<p style=\"text-align: left;\"><strong>Comentarista:<\/strong> Com Padre Jordan, Cantemos em homenagem a Jesus na Eucaristia e Maria, a M\u00e3e do<br \/>\nSalvador: <strong>Eucaristia.<\/strong><\/p>\n<p>1. Quando teu Filho contigo vier,\/ pra festa da vida fazer \/ Ensina-nos, Maria, \/ a fazer o que ele disser!<br \/>\n(Refr\u00e3o) Tudo \u00e9 poss\u00edvel nas tuas m\u00e3os, meu Senhor! \/ A Eucaristia \u00e9 teu milagre de amor!<br \/>\n2. Quando o vinho do amor nos faltar,\/ e a gente ao irm\u00e3o se fechar Ensina-nos, Maria,\/a fazer o que Ele disser!<br \/>\n3. Quando na mesa do nosso irm\u00e3o, \/ faltar \u00e1gua, vida e p\u00e3o \/ ensina-nos, Maria,\/a fazer o que Ele disser!<br \/>\n4. Quando faltar a justi\u00e7a entre n\u00f3s, \/ e muitos ficarem sem voz \/ ensina-nos, Maria, \/ a fazer o que Ele disser!<br \/>\n5. Quando o servi\u00e7o ao irm\u00e3o nos custar, \/ cedendo \u00e0 pregui\u00e7a o lugar: \/ ensina-nos, Maria, \/ a fazer o que Ele disser!<br \/>\n6. Quando o homem, em nome da paz,\/ matar o irm\u00e3o pra ter mais: \/ ensina-nos, Maria, \/ a fazer o que Ele disser!<br \/>\n7. Quando a tristeza invadir nosso ser,\/ e a vida o sentido perder: \/ ensina-nos, Maria, a fazer o que Ele disser!<br \/>\n8. Quando \u00e9 dif\u00edcil ser bom e ter f\u00e9,\/ na for\u00e7a e poder que Deus \u00e9: \/ ensina-nos, Maria,\/ a fazer o que Ele disser!<\/p>\n<p><strong>ORA\u00c7\u00c3O INICIAL &#8211; CHAMADO E RESPOSTA<\/strong><br \/>\n<strong>Todos:<\/strong> Senhor Jesus Cristo, Salvador do mundo, em todos os tempos chamas homens e mulheres que,<br \/>\na exemplo dos Ap\u00f3stolos, se empenham para que todos te conhe\u00e7am e encontrem em ti a salva\u00e7\u00e3o.<br \/>\nEscolheste Francisco Jordan como zeloso e fiel servidor do an\u00fancio apost\u00f3lico.<br \/>\nPela intercess\u00e3o de Maria, M\u00e3e do Salvador e Rainha dos Ap\u00f3stolos, te pedimos: como concedeste a<br \/>\nteu servo Francisco, d\u00e1 tamb\u00e9m a n\u00f3s, seus filhos e filhas espirituais, uma inabal\u00e1vel confian\u00e7a em<br \/>\ntua amorosa Provid\u00eancia, zelo apost\u00f3lico por teu Reino, dedica\u00e7\u00e3o no servi\u00e7o aos irm\u00e3os e irm\u00e3s, e<br \/>\ncoragem para te seguir.<br \/>\nPela intercess\u00e3o de teu servo Francisco, atende nossas preces, e ajuda-nos em nossas necessidades.<br \/>\nAm\u00e9m.<\/p>\n<p><strong>Rezando com a Palavra de Deus:<\/strong> Jo 6,51-58<\/p>\n<p><strong>Leitor 1:<\/strong> 51 E Jesus continuou: \u201cEu sou o p\u00e3o vivo que desceu do c\u00e9u. Quem come deste p\u00e3o viver\u00e1<br \/>\npara sempre. E o p\u00e3o que eu vou dar \u00e9 a minha pr\u00f3pria carne, para que o mundo tenha a vida.\u201d 52 As<br \/>\nautoridades dos judeus come\u00e7aram a discutir entre si: \u201cComo pode esse homem dar-nos a sua carne<br \/>\npara comer?\u201d 53 Jesus respondeu: \u201cEu garanto a voc\u00eas: se voc\u00eas n\u00e3o comem a carne do Filho do<br \/>\nHomem e n\u00e3o bebem o seu sangue, n\u00e3o ter\u00e3o a vida em voc\u00eas. 54 Quem come a minha carne e bebe<br \/>\no meu sangue tem a vida eterna, e eu o ressuscitarei no \u00faltimo dia. 55 Porque a minha carne \u00e9<br \/>\nverdadeira comida e o meu sangue \u00e9 verdadeira bebida.56 Quem come a minha carne e bebe o meu<br \/>\nsangue vive em mim e eu vivo nele. 57 E como o Pai, que vive, me enviou e eu vivo pelo Pai, assim,<br \/>\naquele que me receber como alimento viver\u00e1 por mim. 58 Este \u00e9 o p\u00e3o que desceu do c\u00e9u. N\u00e3o \u00e9<br \/>\ncomo o p\u00e3o que os pais de voc\u00eas comeram e depois morreram. Quem come deste p\u00e3o viver\u00e1 para<br \/>\nsempre.\u201d<\/p>\n<p>(Momento de contempla\u00e7\u00e3o) Refletir o que a Palavra de Deus est\u00e1 nos falando hoje.<br \/>\n&#8211; Breve momento de partilha<\/p>\n<p><strong>Leitor 2:<\/strong> <strong>Recordando as medita\u00e7\u00f5es do Pe. Jordan<\/strong> &#8211; Desejo que todos os membros da Sociedade<br \/>\nse tornem, o mais poss\u00edvel, pessoas de ora\u00e7\u00e3o. Oxal\u00e1 cada um reconhe\u00e7a o que significa: rezar! Quanto<br \/>\nse consegue pela ora\u00e7\u00e3o, quando se reza bem! Antes de mais nada, a ora\u00e7\u00e3o \u00e9 t\u00e3o necess\u00e1ria! De onde<br \/>\nnos vem, afinal, o nosso aux\u00edlio? O que adianta trabalhar o dia todo, suar e sofrer, se faltar a b\u00ean\u00e7\u00e3o<br \/>\ndo alto? Nem sequer podemos pronunciar, com m\u00e9rito, o nome de Jesus, sem o aux\u00edlio do alto!<br \/>\n(Alocu\u00e7\u00f5es 77 de 15\/07\/1898)<\/p>\n<p><strong>Ant\u00edfona cantada:<\/strong> Ave cheia de gra\u00e7a, Ave cheia de amor. \/: Salve M\u00e3e de Jesus a ti nosso canto e<br \/>\no nosso louvor:\/<\/p>\n<p><strong>Leitor 3:<\/strong> Sigam, pois, o Divino Salvador, sendo homens de ora\u00e7\u00e3o, rezando muito, rezando bem.<br \/>\nRezem bem, com profunda humildade. E sejam conscientes de que, por voc\u00eas mesmos, voc\u00eas nada<br \/>\npodem. De outro lado, por\u00e9m, voc\u00eas precisam rezar com grande confian\u00e7a no Senhor, do qual prov\u00e9m<br \/>\ntoda a ajuda. Por meio dessa confian\u00e7a voc\u00eas glorificam a Deus e o movem a ajudar!. (Alocu\u00e7\u00f5es 77 de<br \/>\n15\/07\/1898)<\/p>\n<p><strong>Ant\u00edfona cantada:<\/strong> Ave cheia de gra\u00e7a, Ave cheia de amor. \/: Salve M\u00e3e de Jesus a ti nosso canto e<br \/>\no nosso louvor:\/<\/p>\n<p><strong>Leitor 4:<\/strong> Portanto, rezem muito, e fa\u00e7am disso um h\u00e1bito, de modo que se possa dizer de cada um de<br \/>\nvoc\u00eas, que \u00e9 homem de ora\u00e7\u00e3o! Nosso tempo necessita de homens de ora\u00e7\u00e3o. A que servem tantos<br \/>\ntrabalhos e lutas, a que servem todos os discursos e escritos, se Deus n\u00e3o vem em nosso aux\u00edlio?<br \/>\nConven\u00e7am-se: o tempo empregado com a ora\u00e7\u00e3o n\u00e3o \u00e9 tempo perdido! (Alocu\u00e7\u00f5es 77 de 15\/07\/1898)<\/p>\n<p><strong>Ant\u00edfona cantada:<\/strong> Ave cheia de gra\u00e7a, Ave cheia de amor. \/: Salve M\u00e3e de Jesus a ti nosso canto e<br \/>\no nosso louvor:\/<\/p>\n<p><strong>Leitor 1:<\/strong> Considerem quanto bem voc\u00eas podem realizar com isso. E olhem para tantos her\u00f3is, para<br \/>\num S\u00e3o Francisco de Assis, um S\u00e3o Francisco Xavier, para o Divino Salvador, que passou a noite<br \/>\ninteira em ora\u00e7\u00e3o. Olhem para tantos Santos, um S\u00e3o Bonif\u00e1cio. Rezem para que o Senhor aben\u00e7oe<br \/>\nseus trabalhos. Rezem por aqueles pelos quais, um dia, voc\u00eas haver\u00e3o de trabalhar, sofrer e lutar.<br \/>\nMas rezem com muita confian\u00e7a e com profunda humildade. Rezem insistentemente! (Alocu\u00e7\u00f5es 90 de<br \/>\n03\/02\/1899)<\/p>\n<p><strong>Ant\u00edfona cantada:<\/strong>\u00a0 Ave cheia de gra\u00e7a, Ave cheia de amor. \/: Salve M\u00e3e de Jesus a ti nosso canto<br \/>\ne o nosso louvor:\/<\/p>\n<p><strong>Comentarista:<\/strong> E, a seguir, uma quest\u00e3o especial, para a qual eu gostaria de chamar novamente a<br \/>\naten\u00e7\u00e3o de voc\u00eas. O que \u00e9 t\u00e3o necess\u00e1rio para o apostolado, para a realiza\u00e7\u00e3o de sua nobre miss\u00e3o, \u00e9 a<br \/>\nora\u00e7\u00e3o! Oh, n\u00e3o se iludam a si pr\u00f3prios! Se voc\u00eas quiserem corresponder \u00e0 sua miss\u00e3o e quiserem ser<br \/>\nap\u00f3stolos, se quiserem realizar grandes coisas, ent\u00e3o se tornem homens de ora\u00e7\u00e3o! (Alocu\u00e7\u00f5es 122 de<br \/>\n05\/01\/1900)<\/p>\n<p><strong>Rezando com a Fam\u00edlia Salvatoriana hoje \u2013<\/strong><\/p>\n<p><strong>Comentarista:<\/strong> Olhando para a vida de Padre Jordan, desde a sua primeira eucaristia fez uma grande<br \/>\nexperi\u00eancia da a\u00e7\u00e3o do Espirito que contribuiu para sua profunda comunh\u00e3o e intimidade com Deus<br \/>\nTrindade. Na busca incans\u00e1vel de discernir a vontade de Deus para sua vida, ele diariamente se nutria<br \/>\nna ora\u00e7\u00e3o com sua presen\u00e7a. Ele foi fiel na eucaristia di\u00e1ria que lhe dava for\u00e7a para perseverar no<br \/>\nprojeto de Deus e por isso a obra floresceu e deu frutos. (Ir. Alice Chauque, Beira \u2013 Mo\u00e7ambique).<\/p>\n<p><strong>Todos:<\/strong> Cada um deve empenhar-se para venerar a M\u00e3e de Deus, pela pr\u00e1tica das virtudes (Alocu\u00e7\u00f5es<br \/>\nP\u00e1g. 357)<\/p>\n<p><strong>Comentarista:<\/strong> Pe. Jordan deixou um testemunho eficaz da for\u00e7a que obtinha diariamente na eucaristia<br \/>\nque celebrava. Seus ideais alimentados cotidianamente pela ora\u00e7\u00e3o perseverante faz dele um exemplo<br \/>\nde santidade a ser seguido. Somos convidados a imit\u00e1-lo nessas pr\u00e1ticas, assim seremos melhores<br \/>\ncontinuadores de sua obra. (Pe Deolino Pedro Baldissera, Psic\u00f3logo, Religioso e Padre Salvatoriano,<br \/>\nVideira-SC).<\/p>\n<p><strong>Todos:<\/strong> \/: Ide anunciar minha paz, \/ ide sem olhar para tr\u00e1s.\/ Estarei convosco e serei vossa luz na<br \/>\nmiss\u00e3o! :\/<\/p>\n<p><strong>Comentarista:<\/strong> Falar de Ora\u00e7\u00e3o \u00e9 falar da Comunh\u00e3o intima com Deus. Esta comunh\u00e3o \u00e9 fortalecida<br \/>\npela Eucaristia que \u00e9 o alimento e for\u00e7a da alma. O Leigo Salvatoriano, deve anunciar o Salvador,<br \/>\ntornando Jesus Cristo, mais amado e conhecido \u00e0 todos e sobretudo na Fam\u00edlia e na Comunidade. Esta<br \/>\nnobre miss\u00e3o de anunciar o Evangelho, s\u00f3 \u00e9 poss\u00edvel quando est\u00e1 em comunh\u00e3o com Deus, atrav\u00e9s da<br \/>\nEucaristia e Ora\u00e7\u00e3o que s\u00e3o for\u00e7a que nos conduzem. Pedimos ao Esp\u00edrito Santo para nos fortificar na<br \/>\nF\u00e9. (Ara\u00fajo Francisco Jos\u00e9, Funcion\u00e1rio P\u00fablico, Leigo Salvatoriano da Par\u00f3quia S\u00e3o Mateus \u2013<br \/>\nDiocese de Chimoio, Mo\u00e7ambique).<\/p>\n<p><strong>SAL DA TERRA (Pe. ZEZINHO)<\/strong><br \/>\n1. V\u00f3s sois o sal da terra \/ V\u00f3s sois a luz do mundo \/ Ningu\u00e9m mais quer o sal quando ele perde o seu sabor \/<br \/>\nNingu\u00e9m acende a luz para escond\u00ea-la logo ap\u00f3s.<br \/>\n<strong>O sal e a luz sou eu, eu sou do povo do Senhor \/ O sal e a luz sou eu, eu sou do povo de Senhor<\/strong><br \/>\n2. V\u00f3s sois o sal da terra \/ V\u00f3s sois a luz do mundo \/ Eu quero que esta vida tenha muito mais valor<br \/>\nEu quero que meu povo tenha muito mais amor<\/p>\n<p><strong>Rezando com a Igreja<\/strong><\/p>\n<p><strong>Comentarista:<\/strong> Vamos agora rezar utilizando alguns pensamentos do Papa Em\u00e9rito, Bento XVI, na<br \/>\nsua exorta\u00e7\u00e3o apost\u00f3lica p\u00f3s-sinodal, Sacramentum Caritatis.<\/p>\n<p><strong>Leitor 1:<\/strong> A sant\u00edssima Eucaristia \u00e9 a doa\u00e7\u00e3o que Jesus Cristo faz de Si mesmo, revelando-nos o amor<br \/>\ninfinito de Deus por cada homem. Neste sacramento admir\u00e1vel, manifesta-se o amor \u201cmaior\u201d: o amor<br \/>\nque leva a \u201cdar a vida pelos amigos\u201d (Jo 15, 13).<\/p>\n<p><strong>Todos cantam:<\/strong> Maria M\u00e3e da Igreja, Rainha universal \/ Modelo de virtude liberta-nos do mal. \/<br \/>\nEnsina ser fiel o povo do Senhor \/ Que o mundo se transforme no reino de amor.<\/p>\n<p><strong>Leitor 2.<\/strong> No sacramento da Eucaristia, Jesus mostra-nos de modo particular a verdade do amor, que \u00e9<br \/>\na pr\u00f3pria ess\u00eancia de Deus. Esta \u00e9 a verdade evang\u00e9lica que interessa a todo o homem e ao homem<br \/>\ntodo. Por isso a Igreja, que encontra na Eucaristia o seu centro vital, esfor\u00e7a-se constantemente por<br \/>\nanunciar a todos, em tempo prop\u00edcio e fora dele (opportune, importune: cf. 2 Tm 4, 2), que Deus \u00e9<br \/>\namor.<\/p>\n<p><strong>Todos cantam:<\/strong> Maria M\u00e3e da Igreja, Rainha universal \/ Modelo de virtude liberta-nos do mal. \/<br \/>\nEnsina ser fiel o povo do Senhor \/ Que o mundo se transforme no reino de amor.<\/p>\n<p><strong>Leitor 3:<\/strong> O sacramento do altar est\u00e1 sempre no centro da vida eclesial; \u201cgra\u00e7as \u00e0 Eucaristia, a Igreja<br \/>\nrenasce sempre de novo!\u201d (homilia Bento XVI, na tomada de posse da C\u00e1tedra de Roma, 07 de maio de 2005).<br \/>\nQuanto mais viva for a f\u00e9 eucar\u00edstica no povo de Deus, tanto mais profunda ser\u00e1 a sua participa\u00e7\u00e3o na<br \/>\nvida eclesial por meio duma ades\u00e3o convicta \u00e0 miss\u00e3o que Cristo confiou aos seus disc\u00edpulos.<br \/>\nTestemunha-o a pr\u00f3pria hist\u00f3ria da Igreja: toda a grande reforma est\u00e1, de algum modo, ligada \u00e0<br \/>\nredescoberta da f\u00e9 na presen\u00e7a eucar\u00edstica do Senhor no meio do seu povo.<\/p>\n<p><strong>Todos cantam:<\/strong> Maria M\u00e3e da Igreja, Rainha universal \/ Modelo de virtude liberta-nos do mal. \/ Ensina ser<br \/>\nfiel o povo do Senhor \/ Que o mundo se transforme no reino de amor.<\/p>\n<p><strong>Leitor 3:<\/strong> Na Eucaristia, Jesus n\u00e3o d\u00e1 \u201calguma coisa\u201d, mas d\u00e1-Se a Si mesmo; entrega o seu corpo e<br \/>\nderrama o seu sangue. Deste modo d\u00e1 a totalidade da sua pr\u00f3pria vida, manifestando a fonte origin\u00e1ria<br \/>\ndeste amor: Ele \u00e9 o Filho eterno que o Pai entregou por n\u00f3s.<\/p>\n<p><strong>Todos cantam:<\/strong> Maria M\u00e3e da Igreja, Rainha universal \/ Modelo de virtude liberta-nos do mal. \/ Ensina ser<br \/>\nfiel o povo do Senhor \/ Que o mundo se transforme no reino de amor.<\/p>\n<p><strong>Leitor 4:<\/strong> Mas, \u00e9 em Cristo morto e ressuscitado e na efus\u00e3o do Esp\u00edrito Santo, dado sem medida (Jo 3,<br \/>\n34), que nos tornamos participantes da intimidade divina. Assim Jesus Cristo, que \u201cpelo Esp\u00edrito eterno<br \/>\nSe ofereceu a Deus como v\u00edtima sem mancha\u201d (Hb 9, 14), no dom eucar\u00edstico comunica-nos a pr\u00f3pria<br \/>\nvida divina. Trata-se de um dom absolutamente gratuito, devido apenas \u00e0s promessas de Deus<br \/>\ncumpridas para al\u00e9m de toda e qualquer medida. A Igreja acolhe, celebra e adora este dom, com fiel<br \/>\nobedi\u00eancia. O \u201cmist\u00e9rio da f\u00e9\u201d \u00e9 mist\u00e9rio de amor trinit\u00e1rio, no qual, por gra\u00e7a, somos chamados a<br \/>\nparticipar.<\/p>\n<p><strong>\u00a0Todos Cantam:<\/strong> Maria M\u00e3e da Igreja, Rainha universal \/ Modelo de virtude liberta-nos do mal. \/ Ensina ser<br \/>\nfiel o povo do Senhor \/ Que o mundo se transforme no reino de amor.<\/p>\n<p><strong>&gt; Tempo de contempla\u00e7\u00e3o da Palavra. (Instantes de Sil\u00eancio)<\/strong><\/p>\n<p><strong>Comentarista:<\/strong> Nosso vener\u00e1vel fundador \u2013 Padre Jordan \u2013 ficava horas na capela do Sant\u00edssimo. Estava certo<br \/>\nda presen\u00e7a de Deus na sua vida e de toda Fam\u00edlia Salvatoriana. Agrade\u00e7amos a Jesus Salvador por nos conceder<br \/>\no seu corpo e sangue como alimento para a vida eterna. Manifestemos a nossa alegria cantando:<\/p>\n<p><strong>Canto: Hino Salvatoriano<\/strong><br \/>\n<strong>Que todos possam ver\/ e Cristo conhecer, \/ saber de Cristo \u00e9 conhecer o amor!<\/strong><br \/>\n1. Com alegria e muita gratid\u00e3o, \/ a Deus erguemos hinos de louvor.<br \/>\nCom toda Igreja e com cada irm\u00e3o, \/ n\u00f3s proclamamos o Divino Salvador.<br \/>\n2. Tornar o Cristo amado e conhecido, \/ nos foi deixado como testamento.<br \/>\nO mundo inteiro ser\u00e1 mais unido \/ se o Evangelho for da vida o fundamento.<br \/>\n3. Filhos e filhas pelo mundo afora \/ De Padre Jordan seguem a miss\u00e3o<br \/>\nE n\u00e3o se cansam de esperar a hora \/ De ver chegar a todo o povo a salva\u00e7\u00e3o.<\/p>\n<p><strong>B\u00ean\u00e7\u00e3o de Padre Jordan :<\/strong><\/p>\n<p>Aben\u00e7oe-vos Deus todo poderoso: Pai, Filho e Esp\u00edrito Santo. Ele vos santifique,<br \/>\nconfirme e multiplique como a areia do mar e como as estrelas do c\u00e9u, at\u00e9 o fim dos tempos. Am\u00e9m!<br \/>\nPai Nosso &#8230; Ave Maria&#8230; Gl\u00f3ria ao Pai&#8230;<\/p>\n<p><strong>Ave Maria, M\u00e3e do Salvador<\/strong><\/p>\n<p>1. Ave Maria M\u00e3e do Salvador, \/ viva esperan\u00e7a do povo sofredor.<br \/>\nFaz-se na terra sinal do nosso Deus, vem orientar os homens filhos teus.<\/p>\n<p><strong>Refr\u00e3o: Maria M\u00e3e da Igreja, \/ Rainha universal. Modelo de virtude liberta-nos do mal.<\/strong><br \/>\n<strong>Ensina ser fiel o povo do Senhor. Que o mundo se transforme no reino de amor.<\/strong><br \/>\n2. Humilde serva vem nos orientar,\/ por onde ir e como caminhar.<br \/>\nServindo a Deus e tamb\u00e9m ao nosso irm\u00e3o. Como resposta \u00e0 nossa voca\u00e7\u00e3o.<br \/>\n3. \u00c9s bem feliz porque soubeste crer,\/ dizendo sim, sem nada em Ti reter.<br \/>\nSer\u00e1s bendita em todas as na\u00e7\u00f5es.\/ Em Ti sentimos a paz nos cora\u00e7\u00f5es.<\/p>\n<p>&nbsp;<\/p>\n<p><strong>Voc\u00ea tamb\u00e9m pode baixar a Novena em PDF:\u00a0<a href=\"https:\/\/www.salvatorianas.org.br\/blog\/wp-content\/uploads\/2018\/06\/Celebra\u00e7\u00e3o-Centen\u00e1rio-08-de-junho.pdf\">Celebra\u00e7\u00e3o Centen\u00e1rio 08 de junho<\/a><\/strong><\/p>\n<p>&nbsp;<\/p>\n","protected":false},"excerpt":{"rendered":"<p>Neste dia 08 de junho, 5\u00ba Dia da Novena em prepara\u00e7\u00e3o ao Centen\u00e1rio da Morte\/Ressurrei\u00e7\u00e3o do Vener\u00e1vel Servo de Deus, Pe. Francisco Maria da Cruz Jordan traz como tema: \u201cPadre Jordan Fortalecido pela&#8230;<\/p>\n","protected":false},"author":2,"featured_media":6309,"comment_status":"open","ping_status":"open","sticky":false,"template":"","format":"standard","meta":[],"categories":[27,1],"tags":[],"_links":{"self":[{"href":"https:\/\/www.salvatorianas.org.br\/blog\/wp-json\/wp\/v2\/posts\/6308"}],"collection":[{"href":"https:\/\/www.salvatorianas.org.br\/blog\/wp-json\/wp\/v2\/posts"}],"about":[{"href":"https:\/\/www.salvatorianas.org.br\/blog\/wp-json\/wp\/v2\/types\/post"}],"author":[{"embeddable":true,"href":"https:\/\/www.salvatorianas.org.br\/blog\/wp-json\/wp\/v2\/users\/2"}],"replies":[{"embeddable":true,"href":"https:\/\/www.salvatorianas.org.br\/blog\/wp-json\/wp\/v2\/comments?post=6308"}],"version-history":[{"count":4,"href":"https:\/\/www.salvatorianas.org.br\/blog\/wp-json\/wp\/v2\/posts\/6308\/revisions"}],"predecessor-version":[{"id":6314,"href":"https:\/\/www.salvatorianas.org.br\/blog\/wp-json\/wp\/v2\/posts\/6308\/revisions\/6314"}],"wp:featuredmedia":[{"embeddable":true,"href":"https:\/\/www.salvatorianas.org.br\/blog\/wp-json\/wp\/v2\/media\/6309"}],"wp:attachment":[{"href":"https:\/\/www.salvatorianas.org.br\/blog\/wp-json\/wp\/v2\/media?parent=6308"}],"wp:term":[{"taxonomy":"category","embeddable":true,"href":"https:\/\/www.salvatorianas.org.br\/blog\/wp-json\/wp\/v2\/categories?post=6308"},{"taxonomy":"post_tag","embeddable":true,"href":"https:\/\/www.salvatorianas.org.br\/blog\/wp-json\/wp\/v2\/tags?post=6308"}],"curies":[{"name":"wp","href":"https:\/\/api.w.org\/{rel}","templated":true}]}}