{"id":6241,"date":"2018-06-01T11:30:28","date_gmt":"2018-06-01T11:30:28","guid":{"rendered":"https:\/\/www.salvatorianas.org.br\/blog\/?p=6241"},"modified":"2018-06-01T14:35:59","modified_gmt":"2018-06-01T14:35:59","slug":"mes-salvatoriano-2018","status":"publish","type":"post","link":"https:\/\/www.salvatorianas.org.br\/blog\/mes-salvatoriano-2018\/","title":{"rendered":"M\u00eas Salvatoriano 2018"},"content":{"rendered":"<p>O m\u00eas de Junho \u00e9 sempre muito aguardado pela Fam\u00edlia Salvatoriana, pois \u00e9 o <strong>M\u00caS SALVATORIANO<\/strong>, este ano tem um significado ainda mais especial, porque estamos celebrando os <strong>100 anos de morte de Padre Francisco Maria da Cruz Jordan<\/strong>, um homem que dedicou sua vida na miss\u00e3o de anunciar Jesus Salvador ao mundo e os <strong>50 anos da Beatifica\u00e7\u00e3o da Bem-aventurada Maria dos Ap\u00f3stolos<\/strong>, uma mulher de f\u00e9, de profunda sensibilidade e de grande ardor mission\u00e1rio. Neste M\u00eas Salvatoriano somos convidados a refletir e aprofundar a Identidade Apost\u00f3lica Salvatoriana que \u00e9 marcada pela viv\u00eancia do Carisma, Miss\u00e3o e Espiritualidade Salvatoriana.<\/p>\n<p><strong>\u201cS\u00ea um rio grato, mas sempre rio. Devolve ao mar o que do mar recebeste\u201d<em>,<\/em><\/strong> com essa frase de Padre Jordan, que a Fam\u00edlia Salvatoriana em seus espa\u00e7os de miss\u00e3o, celebra o M\u00eas Salvatoriano. Segundo o documento publicado pela Comiss\u00e3o Conjunta Internacional de Carisma, publicado em 2008, relata que a \u201cFam\u00edlia Salvatoriana \u00e9 como um rio&#8230; Nosso rio vai revelando sua identidade em tr\u00eas ramos que \u00e0s vezes t\u00eam outros pequenos afluentes e riachos&#8230; Somos meio de transmiss\u00e3o, de comunica\u00e7\u00e3o da evangeliza\u00e7\u00e3o. Nosso rio \u00e9 cada vez mais profundo, caudaloso e rico&#8230; Um exemplo para a Fam\u00edlia Salvatoriana: nascemos de uma \u00fanica origem que se foi ampliando, formando tr\u00eas ramos, convidados a dar vida.. N\u00e3o se trata de tr\u00eas rios ou ramos independentes, mas como uma for\u00e7a unida com a mesma e \u00fanica finalidade\u201d &#8211; Tornar Jesus Cristo conhecido e amado por todos, atrav\u00e9s de todos os modos e meios que a caridade inspirar, escolhendo as atividades apost\u00f3licas de acordo com as necessidades do tempo e lugar.<\/p>\n<p>A Fam\u00edlia Salvatoriana fundada por Padre Francisco Maria da Cruz Jordan \u00e9 formada por tr\u00eas ramos: A Sociedade do Divino Salvador (Padre e Irm\u00e3os Salvatorianos), a Congrega\u00e7\u00e3o das Irm\u00e3s do Divino Salvador (Irm\u00e3s Salvatorianas) e a Comunidade Internacional do Divino Salvador (Leigas e Leigos Salvatorianos). Juntos formamos uma fam\u00edlia de zelosos ap\u00f3stolos e ap\u00f3stolas, que anunciam a todas as pessoas a salva\u00e7\u00e3o manifestada em Jesus Cristo.<\/p>\n<p>Neste M\u00eas Salvatoriano somos tamb\u00e9m chamados a refletir sobre as virtudes de Padre Jordan e da Bem-aventurada Maria dos Ap\u00f3stolos, a fim de que possamos crescer sempre mais em nosso amor e dedica\u00e7\u00e3o na constru\u00e7\u00e3o do Reino de Deus. Vamos tamb\u00e9m rezar juntos por todos os membros da Fam\u00edlia Salvatoriana espalhados pelo mundo inteiro e pelas Voca\u00e7\u00f5es Salvatorianas, pedindo ao Senhor da messe que envie muitas, boas e santas voca\u00e7\u00f5es.<\/p>\n<p>Vamos viver intensamente o M\u00eas Salvatoriano em todas as nossas comunidades religiosas e espa\u00e7os de miss\u00e3o!<\/p>\n<p>&nbsp;<\/p>\n<p><strong>Voc\u00ea pode baixar o material que a \u00a0Colabora\u00e7\u00e3o Intersalvatoriana (CIS)\u00a0 preparou para o M\u00eas Salvatoriano:<\/strong><\/p>\n<p>&nbsp;<\/p>\n<p><strong>Encontros Catequ\u00e9ticos:<\/strong>\u00a0<a href=\"https:\/\/goo.gl\/9s8uXy\">https:\/\/goo.gl\/9s8uXy<\/a><\/p>\n<p><strong>Encontros Juvenis:<\/strong>\u00a0<a href=\"https:\/\/goo.gl\/GvEbwU\">https:\/\/goo.gl\/GvEbwU<\/a><\/p>\n<p><strong>Anima\u00e7\u00e3o Lit\u00fargica:<\/strong>\u00a0<a href=\"https:\/\/goo.gl\/GNjPG1\">https:\/\/goo.gl\/GNjPG1<\/a><\/p>\n","protected":false},"excerpt":{"rendered":"<p>O m\u00eas de Junho \u00e9 sempre muito aguardado pela Fam\u00edlia Salvatoriana, pois \u00e9 o M\u00caS SALVATORIANO, este ano tem um significado ainda mais especial, porque estamos celebrando os 100 anos de morte de&#8230;<\/p>\n","protected":false},"author":2,"featured_media":6248,"comment_status":"open","ping_status":"open","sticky":false,"template":"","format":"standard","meta":[],"categories":[1],"tags":[34],"_links":{"self":[{"href":"https:\/\/www.salvatorianas.org.br\/blog\/wp-json\/wp\/v2\/posts\/6241"}],"collection":[{"href":"https:\/\/www.salvatorianas.org.br\/blog\/wp-json\/wp\/v2\/posts"}],"about":[{"href":"https:\/\/www.salvatorianas.org.br\/blog\/wp-json\/wp\/v2\/types\/post"}],"author":[{"embeddable":true,"href":"https:\/\/www.salvatorianas.org.br\/blog\/wp-json\/wp\/v2\/users\/2"}],"replies":[{"embeddable":true,"href":"https:\/\/www.salvatorianas.org.br\/blog\/wp-json\/wp\/v2\/comments?post=6241"}],"version-history":[{"count":5,"href":"https:\/\/www.salvatorianas.org.br\/blog\/wp-json\/wp\/v2\/posts\/6241\/revisions"}],"predecessor-version":[{"id":6257,"href":"https:\/\/www.salvatorianas.org.br\/blog\/wp-json\/wp\/v2\/posts\/6241\/revisions\/6257"}],"wp:featuredmedia":[{"embeddable":true,"href":"https:\/\/www.salvatorianas.org.br\/blog\/wp-json\/wp\/v2\/media\/6248"}],"wp:attachment":[{"href":"https:\/\/www.salvatorianas.org.br\/blog\/wp-json\/wp\/v2\/media?parent=6241"}],"wp:term":[{"taxonomy":"category","embeddable":true,"href":"https:\/\/www.salvatorianas.org.br\/blog\/wp-json\/wp\/v2\/categories?post=6241"},{"taxonomy":"post_tag","embeddable":true,"href":"https:\/\/www.salvatorianas.org.br\/blog\/wp-json\/wp\/v2\/tags?post=6241"}],"curies":[{"name":"wp","href":"https:\/\/api.w.org\/{rel}","templated":true}]}}