{"id":6126,"date":"2018-05-21T07:40:30","date_gmt":"2018-05-21T07:40:30","guid":{"rendered":"https:\/\/www.salvatorianas.org.br\/blog\/?p=6126"},"modified":"2018-05-21T11:01:35","modified_gmt":"2018-05-21T11:01:35","slug":"encontro-reune-juventude-salvatoriana-em-tangara","status":"publish","type":"post","link":"https:\/\/www.salvatorianas.org.br\/blog\/encontro-reune-juventude-salvatoriana-em-tangara\/","title":{"rendered":"Encontro re\u00fane Juventude Salvatoriana em Tangar\u00e1"},"content":{"rendered":"<p>No \u00faltimo s\u00e1bado (19\/05), aconteceu em Tangar\u00e1-Ibiam\/SC o 2\u00ba Encontro da Juventude Salvatoriana. Os jovens reunidos refletiram o tema da Campanha da Fraternidade 2018 &#8220;Fraternidade e supera\u00e7\u00e3o da viol\u00eancia&#8221;.<\/p>\n<p>Na ocasi\u00e3o, os jovens partilharam momentos de reflex\u00e3o de como ampliar o di\u00e1logo sore a supera\u00e7\u00e3o da viol\u00eancia, como tamb\u00e9m da responsabilidade de cada um\/uma construir uma sociedade mais justa, fraterna e solid\u00e1ria.<\/p>\n<p>Ainda no encontro foi realizado momentos de Espiritualidade, viv\u00eancias da F\u00e9, anima\u00e7\u00e3o e partilha. Que o Divino Salvador aben\u00e7oe e cuide para que continuem anunciando e seguindo sempre o SALVADOR.<\/p>\n<p>&nbsp;<\/p>\n<p><img decoding=\"async\" src=\"https:\/\/scontent.ffln1-1.fna.fbcdn.net\/v\/t1.0-9\/32864658_456908868078782_4892060594452037632_o.jpg?_nc_cat=0&amp;oh=140e0230642817e862196697716ef85b&amp;oe=5B80897E\" alt=\"A imagem pode conter: 11 pessoas, pessoas sorrindo, pessoas em p\u00c3\u00a9\" \/><\/p>\n<p><img decoding=\"async\" src=\"https:\/\/scontent.ffln1-1.fna.fbcdn.net\/v\/t1.0-9\/33035551_456909101412092_6202409834621435904_o.jpg?_nc_cat=0&amp;oh=5b61bae0588813830aa81913cd9673b2&amp;oe=5B77FBEB\" alt=\"A imagem pode conter: uma ou mais pessoas, pessoas em p\u00c3\u00a9, campo de beisebol e \u00c3\u00a1rea interna\" \/><\/p>\n<p><img decoding=\"async\" src=\"https:\/\/scontent.ffln1-1.fna.fbcdn.net\/v\/t1.0-9\/32899218_456909131412089_6554882660844437504_o.jpg?_nc_cat=0&amp;oh=c70d07f5733869e5b33d3e13a316fa01&amp;oe=5B8195B6\" alt=\"A imagem pode conter: uma ou mais pessoas, pessoas dan\u00c3\u00a7ando, sapatos, campo de beisebol e \u00c3\u00a1rea interna\" \/><\/p>\n<p><img decoding=\"async\" src=\"https:\/\/scontent.ffln1-1.fna.fbcdn.net\/v\/t1.0-9\/32934655_456909368078732_5061182173046898688_o.jpg?_nc_cat=0&amp;oh=acea9b025ebef036f9a8c41cde5d7898&amp;oe=5B7999E0\" alt=\"A imagem pode conter: 7 pessoas, pessoas sorrindo, multid\u00c3\u00a3o e \u00c3\u00a1rea interna\" \/><\/p>\n<p><img decoding=\"async\" src=\"https:\/\/scontent.ffln1-1.fna.fbcdn.net\/v\/t1.0-9\/32960060_456909481412054_7299079091695648768_o.jpg?_nc_cat=0&amp;oh=331f66bae684c0681b797db16e815140&amp;oe=5B8C0AE8\" alt=\"A imagem pode conter: 6 pessoas, pessoas em p\u00c3\u00a9, multid\u00c3\u00a3o e \u00c3\u00a1rea interna\" \/><\/p>\n<p><img decoding=\"async\" src=\"https:\/\/scontent.ffln1-1.fna.fbcdn.net\/v\/t1.0-9\/32960543_456909171412085_2848494758215548928_o.jpg?_nc_cat=0&amp;oh=50b58c61e449ed78a6d86cc13ea0ada7&amp;oe=5B999A67\" alt=\"A imagem pode conter: 16 pessoas, pessoas sorrindo, pessoas em p\u00c3\u00a9\" \/><\/p>\n<p>&nbsp;<\/p>\n<p>&nbsp;<\/p>\n","protected":false},"excerpt":{"rendered":"<p>No \u00faltimo s\u00e1bado (19\/05), aconteceu em Tangar\u00e1-Ibiam\/SC o 2\u00ba Encontro da Juventude Salvatoriana. Os jovens reunidos refletiram o tema da Campanha da Fraternidade 2018 &#8220;Fraternidade e supera\u00e7\u00e3o da viol\u00eancia&#8221;. Na ocasi\u00e3o, os jovens&#8230;<\/p>\n","protected":false},"author":2,"featured_media":6127,"comment_status":"open","ping_status":"open","sticky":false,"template":"","format":"standard","meta":[],"categories":[28,1],"tags":[31,32],"_links":{"self":[{"href":"https:\/\/www.salvatorianas.org.br\/blog\/wp-json\/wp\/v2\/posts\/6126"}],"collection":[{"href":"https:\/\/www.salvatorianas.org.br\/blog\/wp-json\/wp\/v2\/posts"}],"about":[{"href":"https:\/\/www.salvatorianas.org.br\/blog\/wp-json\/wp\/v2\/types\/post"}],"author":[{"embeddable":true,"href":"https:\/\/www.salvatorianas.org.br\/blog\/wp-json\/wp\/v2\/users\/2"}],"replies":[{"embeddable":true,"href":"https:\/\/www.salvatorianas.org.br\/blog\/wp-json\/wp\/v2\/comments?post=6126"}],"version-history":[{"count":4,"href":"https:\/\/www.salvatorianas.org.br\/blog\/wp-json\/wp\/v2\/posts\/6126\/revisions"}],"predecessor-version":[{"id":6273,"href":"https:\/\/www.salvatorianas.org.br\/blog\/wp-json\/wp\/v2\/posts\/6126\/revisions\/6273"}],"wp:featuredmedia":[{"embeddable":true,"href":"https:\/\/www.salvatorianas.org.br\/blog\/wp-json\/wp\/v2\/media\/6127"}],"wp:attachment":[{"href":"https:\/\/www.salvatorianas.org.br\/blog\/wp-json\/wp\/v2\/media?parent=6126"}],"wp:term":[{"taxonomy":"category","embeddable":true,"href":"https:\/\/www.salvatorianas.org.br\/blog\/wp-json\/wp\/v2\/categories?post=6126"},{"taxonomy":"post_tag","embeddable":true,"href":"https:\/\/www.salvatorianas.org.br\/blog\/wp-json\/wp\/v2\/tags?post=6126"}],"curies":[{"name":"wp","href":"https:\/\/api.w.org\/{rel}","templated":true}]}}