{"id":6029,"date":"2018-05-08T08:37:30","date_gmt":"2018-05-08T08:37:30","guid":{"rendered":"https:\/\/www.salvatorianas.org.br\/blog\/?p=6029"},"modified":"2018-05-08T18:20:41","modified_gmt":"2018-05-08T18:20:41","slug":"padre-jordan-devoto-de-maria","status":"publish","type":"post","link":"https:\/\/www.salvatorianas.org.br\/blog\/padre-jordan-devoto-de-maria\/","title":{"rendered":"Padre Jordan &#8211; Devoto de Maria"},"content":{"rendered":"<p>A Fam\u00edlia Salvatoriana todo dia 08 de cada m\u00eas est\u00e1 rezando a Novena de Padre Jordan como itiner\u00e1rio para vivenciar o Ano Centen\u00e1rio da Morte\/Ressurrei\u00e7\u00e3o do Vener\u00e1vel Servo de Deus Pe. Francisco Maria da Cruz Jordan. Neste dia 08 de maio, 4\u00ba Dia da Novena traz como tema: <strong>\u201cPadre Jordan &#8211; Devoto de Maria\u201d<\/strong>. Reze conosco esta novena!<\/p>\n<p>&nbsp;<\/p>\n<p style=\"text-align: center;\"><strong>Vener\u00e1vel Servo de Deus<\/strong><br \/>\n<strong>Pe. Francisco Maria da Cruz Jordan<\/strong><\/p>\n<p style=\"text-align: center;\"><strong>Devoto de Maria<\/strong><\/p>\n<p style=\"text-align: center;\"><em>\u201c\u00d3 M\u00e3e, Rainha do c\u00e9u, ajuda-me,<\/em><br \/>\n<em>ajuda-me! Eis-me aqui! Aos teus p\u00e9s<\/em><br \/>\n<em>coloco todas as minhas aspira\u00e7\u00f5es. Hoje<\/em><br \/>\n<em>\u00e9 teu dia de j\u00fabilo\u201d<\/em> (DE III 18,21)<\/p>\n<p style=\"text-align: left;\"><strong>Ant\u00edfona inicial:<\/strong> (Mantras salvatorianos) Seremos respons\u00e1veis&#8230;<br \/>\nSeremos respons\u00e1veis por levar o Teu nome, \u00d3 Cristo Salvador! Ajudai-nos em nossa miss\u00e3o!<\/p>\n<p style=\"text-align: left;\"><strong>Comentarista:<\/strong> Vamos iniciar esse momento de ora\u00e7\u00e3o invocando a Sant\u00edssima Trindade: Em nome do Pai&#8230;<\/p>\n<p style=\"text-align: left;\"><strong>Comentarista:<\/strong> Era n\u00edtido o amor que o Pe. Jordan nutria por Nossa Senhora. A figura de Maria em sua vida fez com que abrisse o seu cora\u00e7\u00e3o para partilhar todas as suas afli\u00e7\u00f5es, preocupa\u00e7\u00f5es e sonhos. Na mesa de trabalho do Pe. Jordan havia uma imagem de Nossa Senhora e n\u00e3o era dif\u00edcil encontrar pap\u00e9is inscritos com a letra do Pe. Jordan onde ele colocava nas m\u00e3os de Nossa Senhora o momento em que estava vivendo.<\/p>\n<p style=\"text-align: left;\"><strong>Leitor 1:<\/strong> (Entra com a imagem de Nossa Senhora) Acolhamos a imagem de Nossa Senhora. Apresentamos em voz alta o t\u00edtulo de Nossa Senhora de nossa devo\u00e7\u00e3o.<br \/>\n<strong>Leitor 2:<\/strong> (entra com o C\u00edrio): Recordando a presen\u00e7a constante do ressuscitado entre n\u00f3s recebamos agora o C\u00edrio Pascal que nos remete ao Divino Salvador Ressuscitado.<br \/>\n<strong>Leitor 3:<\/strong> (entra com a B\u00edblia) A Palavra de Deus sempre nos inspira e nos remete a olharmos a presen\u00e7a constante de Deus ao longo da hist\u00f3ria da humanidade. Recebamos essa Palavra que nos orienta e guia.<br \/>\n<strong>Todos:<\/strong> <strong>Padre Jordan nos deixa em seu Di\u00e1rio Espiritual: \u00d3 M\u00e3e, Rainha do c\u00e9u, ajuda-me, ajuda-me! Eis-me aqui! Aos teus p\u00e9s coloco todas as minhas aspira\u00e7\u00f5es. Hoje \u00e9 teu dia de j\u00fabilo.<\/strong><br \/>\n<strong>Comentarista:<\/strong> Com Padre Jordan, Cantemos em homenagem a Maria, a M\u00e3e do salvador: Nossa Senhora Da Luz<\/p>\n<p style=\"text-align: left;\">\n1. Quem \u00e9 essa mulher, t\u00e3o formosa, vestida de sol?<br \/>\nQuem \u00e9 essa mulher, t\u00e3o bonita como o arrebol?<br \/>\nQuem \u00e9 essa mulher, coroada de estrelas no c\u00e9u?<\/p>\n<p style=\"text-align: left;\">Quem \u00e9 essa mulher, de sorriso meigo, doce como o mel?<\/p>\n<p style=\"text-align: left;\"><strong>Refr\u00e3o: \u00c9 Maria, a M\u00e3e de Jesus! \u00c9 Maria, a Senhora da Luz! (bis)<\/strong><\/p>\n<p>2. Quem \u00e9 essa mulher, de ternura expressa no olhar?<br \/>\nQuem \u00e9 essa mulher, bra\u00e7os fortes, rainha do lar?<br \/>\nQuem \u00e9 essa mulher que aceitou dar ao mundo a Luz?<br \/>\nQuem \u00e9 essa mulher, que carregou em seu ventre Jesus?<\/p>\n<p>3. Quem \u00e9 essa mulher, que se faz M\u00e3e com todas as m\u00e3es?<br \/>\nQuem \u00e9 essa mulher, que \u00e9 senhora, que \u00e9 serva, que \u00e9 M\u00e3e?<br \/>\nQuem \u00e9 essa mulher M\u00e3e do povo, aux\u00edlio na cruz?<br \/>\nQuem \u00e9 essa mulher, \u00c9 a M\u00e3e de Deus, a Senhora da luz.<\/p>\n<p><strong>ORA\u00c7\u00c3O INICIAL &#8211; CHAMADO E RESPOSTA\u00a0<\/strong><br \/>\n<strong>Todos:<\/strong> Senhor Jesus Cristo, Salvador do mundo, em todos os tempos chamas homens e mulheres que, a exemplo dos Ap\u00f3stolos, se empenham para que todos te conhe\u00e7am e encontrem em ti a salva\u00e7\u00e3o. Escolheste Francisco Jordan como zeloso e fiel servidor do an\u00fancio apost\u00f3lico. Pela intercess\u00e3o de Maria, M\u00e3e do Salvador e Rainha dos Ap\u00f3stolos, te pedimos: como concedeste a teu servo Francisco, d\u00e1 tamb\u00e9m a n\u00f3s, seus filhos e filhas espirituais, uma inabal\u00e1vel confian\u00e7a em tua amorosa Provid\u00eancia, zelo apost\u00f3lico por teu Reino, dedica\u00e7\u00e3o no servi\u00e7o aos irm\u00e3os e irm\u00e3s, e<br \/>\ncoragem para te seguir. Pela intercess\u00e3o de teu servo Francisco, atende nossas preces, e ajuda-nos em nossas necessidades.<br \/>\nAm\u00e9m.<\/p>\n<p><strong>Rezando com a Palavra de Deus:<\/strong><br \/>\n<strong>Leitor 1:<\/strong> No sexto m\u00eas, o anjo Gabriel foi enviado por Deus a uma cidade da Galileia chamada Nazar\u00e9. 27 Foi a uma virgem, prometida em casamento a um homem chamado Jos\u00e9, que era descendente de Davi. E o nome da virgem era Maria. 28 O anjo entrou onde ela estava, e disse:<br \/>\n\u00abAlegre-se, cheia de gra\u00e7a! O Senhor est\u00e1 com voc\u00ea!\u00bb 29 Ouvindo isso, Maria ficou preocupada, e perguntava a si mesma o que a sauda\u00e7\u00e3o queria dizer. 30 O anjo disse: \u00abN\u00e3o tenha medo, Maria, porque voc\u00ea encontrou gra\u00e7a diante de Deus. 31 Eis que voc\u00ea vai ficar gr\u00e1vida, ter\u00e1 um filho, e dar\u00e1<br \/>\na ele o nome de Jesus. 32 Ele ser\u00e1 grande, e ser\u00e1 chamado Filho do Alt\u00edssimo. E o Senhor dar\u00e1 a ele o trono de seu pai Davi, 33 e ele reinar\u00e1 para sempre sobre os descendentes de Jac\u00f3. E o seu reino n\u00e3o ter\u00e1 fim.\u00bb 34 Maria perguntou ao anjo: \u00abComo vai acontecer isso, se n\u00e3o vivo com nenhum<br \/>\nhomem?\u00bb 35 O anjo respondeu: \u00abO Esp\u00edrito Santo vir\u00e1 sobre voc\u00ea, e o poder do Alt\u00edssimo a cobrir\u00e1 com sua sombra. Por isso, o Santo que vai nascer de voc\u00ea ser\u00e1 chamado Filho de Deus. 36 Olhe a sua parenta Isabel: apesar da sua velhice, ela concebeu um filho. Aquela que era considerada est\u00e9ril,<br \/>\nj\u00e1 faz seis meses que est\u00e1 gr\u00e1vida. 37 Para Deus nada \u00e9 imposs\u00edvel.\u00bb 38 Maria disse: \u00abEis a escrava do Senhor. Fa\u00e7a-se em mim segundo a tua palavra.\u00bb E o anjo a deixou. Lucas 1,26-38<br \/>\n(Momento de contempla\u00e7\u00e3o) Refletir o\u00a0que a Palavra de Deus est\u00e1 nos falando hoje.<br \/>\n&#8211; Breve momento de partilha<\/p>\n<p><strong>Leitor 2: Recordando as medita\u00e7\u00f5es do Pe. Jordan<\/strong> &#8211; Venerem lealmente, com verdadeiro amor filial, a bem-aventurada Virgem Maria, Rainha dos Ap\u00f3stolos e nossa M\u00e3e que, com sua poderosa e amorosa ajuda, desde o in\u00edcio, sempre tem acompanhado a Sociedade. Por isso n\u00e3o deve existir membro de nossa Sociedade que n\u00e3o nutra um amor terno e profundo a Maria. Em toda parte onde est\u00e1 estabelecida nossa Sociedade, devem ressoar o louvor e a gl\u00f3ria de Maria (Alocu\u00e7\u00f5es 02 de 12\/12\/1890).<\/p>\n<p><strong>Ant\u00edfona cantada:<\/strong> <em>Ave cheia de gra\u00e7a, Ave cheia de amor. \/: Salve M\u00e3e de Jesus a ti nosso canto e o nosso louvor:\/<\/em><br \/>\n<strong>Leitor 3:<\/strong> Al\u00e9m do mais, o fato de voc\u00eas partirem para propagar a gl\u00f3ria de Deus e o louvor de Maria, para salvar almas, deve constituir para n\u00f3s uma grata recorda\u00e7\u00e3o. Sim! \u201cQuam speciosi pedes evangelizantium pacem!\u201d (\u201cQu\u00e3o maravilhosos s\u00e3o os p\u00e9s daqueles que anunciam a paz!\u201d (Rm 10,15).<br \/>\nLevem a paz! Se voc\u00eas est\u00e3o em paz com Deus, com seu pai espiritual e com seus confrades, ent\u00e3o voc\u00eas tamb\u00e9m est\u00e3o em condi\u00e7\u00e3o de transmiti-la a outros; caso contr\u00e1rio, voc\u00eas n\u00e3o transmitiriam paz, mas o oposto. (Alocu\u00e7\u00f5es 4 de 27\/06\/1892)<br \/>\n<strong>Ant\u00edfona cantada:<\/strong> <em>Ave cheia de gra\u00e7a, Ave cheia de amor. \/: Salve M\u00e3e de Jesus a ti nosso canto e o nosso louvor:\/<\/em><br \/>\n<strong>Leitor 4:<\/strong> Agrade\u00e7amos, pois, neste dia, \u00e0 bem-aventurada e imaculada Virgem Maria! A ela, por conseguinte, nosso mais profundo agradecimento! Portanto, profunda gratid\u00e3o! Sejamos agradecidos! N\u00e3o o esque\u00e7amos! S\u00f3 na eternidade haveremos de entender quantas gra\u00e7as recebemos de Deus e da querida M\u00e3e de Deus! Ponderemos, quanto \u00e9 prometido a quem vive, em tudo, segundo a vontade de Deus: \u201cFulgebunt sicut stellae\u201d (\u201cH\u00e3o de ser como estrelas\u201d (Dn 12,3)). (Alocu\u00e7\u00f5es 6 de 08\/12,1896)<br \/>\n<strong>Ant\u00edfona cantada:<\/strong> <em>Ave cheia de gra\u00e7a, Ave cheia de amor. \/: Salve M\u00e3e de Jesus a ti nosso canto e o nosso louvor:\/<\/em><br \/>\n<strong>Leitor 1:<\/strong> Esforcemo-nos para nos tornarmos verdadeiros filhos de Maria. E se quisermos s\u00ea-lo, ent\u00e3o nos arrependamos de nossos erros. Quantas vezes a M\u00e3e celeste nos ajudou, quando pesada carga pesava sobre n\u00f3s! Qu\u00e3o notoriamente ela nos ajudou! Agrade\u00e7am com uma vida santa, vivendo em conformidade com a voca\u00e7\u00e3o a que foram chamados! (Alocu\u00e7\u00f5es 6 de 08\/12,1896)<br \/>\n<strong>Ant\u00edfona cantada:<\/strong>\u00a0 Ave cheia de gra\u00e7a, Ave cheia de amor. \/: Salve M\u00e3e de Jesus a ti nosso canto e o nosso louvor:\/<br \/>\n<strong>Comentarista:<\/strong> Colabore, pois, cada qual, segundo as suas possibilidades! Ningu\u00e9m tem motivo para se desculpar! Maria \u00e9 sua M\u00e3e, M\u00e3e de nossa Fam\u00edlia! Refugiem-se nela, humildemente, em todas as necessidades, e ela os prover\u00e1 de gra\u00e7as. (Alocu\u00e7\u00f5es 6 de 08\/12,1896)<\/p>\n<p><strong>Rezando com a Fam\u00edlia Salvatoriana hoje<\/strong><br \/>\n&#8211; Maria foi para Pe. Jordan o sol radiante na aurora, que brilha e irradia imensa luz na vida e miss\u00e3o salvatoriana. Conduzido por ela Padre Jordan tinha o cora\u00e7\u00e3o modelado e entregue ao Divino Salvador numa rela\u00e7\u00e3o consciente de amor. Maria, mediadora de Deus nos ensina a experienciar a Divindade em Cristo, como ensinou a Pe. Jordan, esse \u00e9 o nosso legado, vivermos na gratuidade do amor maternal a beleza e grandeza do nosso carisma salvatoriano. Do Sim de Maria, a serva de Deus, nasceu o Salvador, do sim de Padre Jordan, o servo de Deus, nasceu a Fam\u00edlia Salvatoriana. (Irm\u00e3 Maria Cleonice dos Santos, mission\u00e1ria salvatoriana, Terapeuta Ocupacional, Fortaleza, CE).<\/p>\n<p><strong>Todos:<\/strong> Cada um deve empenhar-se para venerar a M\u00e3e de Deus, pela pr\u00e1tica das virtudes (Alocu\u00e7\u00f5es P\u00e1g. 357)<\/p>\n<p>&#8211; Padre Jordan carrega em seu nome sua predile\u00e7\u00e3o por Maria e acentua dentro tantos t\u00edtulos de f\u00e9 que<br \/>\na M\u00e3e de Deus recebe, o de Maria M\u00e3e do Salvador e Maria Rainha dos Ap\u00f3stolos. Sendo assim, Maria<br \/>\nocupa um lugar especial na Fam\u00edlia Salvatoriana porque Ela nos aponta para o caminho da Salva\u00e7\u00e3o<br \/>\nque est\u00e1 em Jesus bem como o caminho do apostolado.! Pe Carlos Jobed M. Saraiva, Religioso e<br \/>\nPadre Salvatoriano, Fortaleza \u2013 CE.<\/p>\n<p><strong>Todos:<\/strong> \/: Ide anunciar minha paz, \/ ide sem olhar para tr\u00e1s.\/ Estarei convosco e serei vossa luz na<br \/>\nmiss\u00e3o! :\/<\/p>\n<p>&#8211; Maria exemplo de F\u00e9, de Servi\u00e7o e de Amor ao projeto de Deus, confiou e foi fiel perseverando na<br \/>\nmiss\u00e3o que lhe foi confiada, no magnificat (Lc 1,46-56) ela faz sua declara\u00e7\u00e3o de amor e confian\u00e7a no<br \/>\nprojeto de Deus. Maria, a Bem Aventurada, inspira gera\u00e7\u00f5es, inspirou em muitos momentos Pe.<br \/>\nJordan e hoje continua nos inspirando a atuarmos na sociedade de forma transformadora, os santu\u00e1rios<br \/>\ndedicados a Maria recebem peregrina\u00e7\u00f5es o ano inteiro sendo sinal de liga\u00e7\u00e3o do povo com Deus<br \/>\natrav\u00e9s de Maria. Que possamos denunciar as injusti\u00e7as e atrav\u00e9s do servi\u00e7o aos nossos semelhantes<br \/>\npossamos a exemplo de Maria contribuir na constru\u00e7\u00e3o de sociedade mais justa e mais fraterna. A Paz<br \/>\nesteja com todos! \u2013 Marcelo da Motta Mendon\u00e7a, Grupo de Leigos Salvatorianos Pe. Jordan, Professor<br \/>\ne Diretor de Escola, Rio de Janeiro-RJ.<\/p>\n<p><strong>SAL DA TERRA<\/strong> (Pe. ZEZINHO)<br \/>\n1. V\u00f3s sois o sal da terra \/ V\u00f3s sois a luz do mundo \/ Ningu\u00e9m mais quer o sal quando ele perde o seu<br \/>\nsabor \/ Ningu\u00e9m acende a luz para escond\u00ea-la logo ap\u00f3s.<br \/>\n<strong>O sal e a luz sou eu, eu sou do povo do Senhor \/ O sal e a luz sou eu, eu sou do povo de Senhor<\/strong><br \/>\n2. V\u00f3s sois o sal da terra \/ V\u00f3s sois a luz do mundo \/ Eu quero que esta vida tenha muito mais valor<br \/>\nEu quero que meu povo tenha muito mais amor<br \/>\n<strong>O sal e a luz sou eu, eu sou do povo do senhor \/ O sal e a luz sou eu, eu sou do povo de senhor<\/strong><\/p>\n<p><strong>Comentarista: Rezando com a Igreja:<\/strong><br \/>\n<strong>Leitor 1:<\/strong> No Evangelho de Jo\u00e3o 19,26-27, vemos que \u201cJesus, ao ver sua m\u00e3e e, ao lado dela, o<br \/>\ndisc\u00edpulo que ele amava, disse a ela: \u2018Mulher, eis o teu filho!\u2019. Depois, disse ao disc\u00edpulo: \u2018Eis a tua<br \/>\nm\u00e3e!\u2019. A partir daquela hora, o disc\u00edpulo a acolheu no que era seu\u2019\u201d. Papa Francisco, ao meditar essa<br \/>\nleitura, fala-nos: \u201cTemos uma M\u00e3e que est\u00e1 conosco, que nos protege, acompanha e ajuda tamb\u00e9m nos<br \/>\ntempos dif\u00edceis, nos maus momentos\u201d.<br \/>\n<strong>Todos cantam:<\/strong> <em>Maria M\u00e3e da Igreja, Rainha universal \/ Modelo de virtude liberta-nos do mal. \/<\/em><br \/>\n<em>Ensina ser fiel o povo do Senhor \/ Que o mundo se transforme no reino de amor.<\/em><\/p>\n<p><strong>Leitor 2.<\/strong> Maria, M\u00e3e do Salvador, n\u00e3o somente quer nos acolher como filhos, como deseja nos<br \/>\nacompanhar por toda nossa peregrina\u00e7\u00e3o aqui na terra rumo \u00e0 morada eterna.<br \/>\n<strong>Todos cantam:<\/strong> Maria M\u00e3e da Igreja, Rainha universal \/ Modelo de virtude liberta-nos do mal. \/<br \/>\nEnsina ser fiel o povo do Senhor \/ Que o mundo se transforme no reino de amor.<\/p>\n<p><strong>Leitor 3:<\/strong> Nos acontecimentos duros da vida, nos momentos de solid\u00e3o e dor, alegria e realiza\u00e7\u00e3o,<br \/>\nclamemos essa simples ora\u00e7\u00e3o que nos ensina o Santo Padre: \u201cMostra-te, M\u00e3e!\u201d. Confiemos: aquela<br \/>\nque acompanhou Jesus at\u00e9 o Calv\u00e1rio tamb\u00e9m nos acompanhar\u00e1 por todos os caminhos.<br \/>\nTodos cantam: Maria M\u00e3e da Igreja, Rainha universal \/ Modelo de virtude liberta-nos do mal. \/ Ensina ser<br \/>\nfiel o povo do Senhor \/ Que o mundo se transforme no reino de amor.<\/p>\n<p><strong>Leitor 4:<\/strong> A devo\u00e7\u00e3o \u00e0 Nossa Senhora nos ajuda a compreender que ela est\u00e1 conosco sempre. \u201cSe Ela<br \/>\nte sustenta, n\u00e3o cair\u00e1s; se Ela te protege, nada ter\u00e1s a temer; se Ela te conduz, n\u00e3o te cansar\u00e1s, se Ela<br \/>\nte \u00e9 favor\u00e1vel, alcan\u00e7ar\u00e1s o fim\u201d. (S\u00e3o Bernardo)<br \/>\n<strong>Todos cantam:<\/strong> Maria M\u00e3e da Igreja, Rainha universal \/ Modelo de virtude liberta-nos do mal. \/ Ensina ser<br \/>\nfiel o povo do Senhor \/ Que o mundo se transforme no reino de amor.<\/p>\n<p><strong>Leitor 5:<\/strong> Rezem, rezem o Ter\u00e7o! Rezem-no sempre e em toda a parte, at\u00e9 o fim da vida. (Pe. Jordan)<br \/>\n<strong>Todos cantam:<\/strong> Maria M\u00e3e da Igreja, Rainha universal \/ Modelo de virtude liberta-nos do mal. \/ Ensina ser<br \/>\nfiel o povo do Senhor \/ Que o mundo se transforme no reino de amor.<\/p>\n<p><strong>Tempo de contempla\u00e7\u00e3o da Palavra.<\/strong> (Instantes de Sil\u00eancio)<\/p>\n<p><strong>Comentador:<\/strong> Nosso vener\u00e1vel fundador \u2013 Padre Jordan \u2013 era particularmente devoto \u00e0 Virgem Sant\u00edssima. Ele<br \/>\nera um verdadeiro e fiel filho de Maria. Era extraordinariamente grande a sua confian\u00e7a em Maria. Com grande<br \/>\ninsist\u00eancia ele implorava o aux\u00edlio e a prote\u00e7\u00e3o da bondosa M\u00e3e de Deus. Com gratid\u00e3o, cantemos:<\/p>\n<p><strong>Canto: Hino Salvatoriano<\/strong><br \/>\n<strong>Que todos possam ver\/ e Cristo conhecer, \/ saber de Cristo \u00e9 conhecer o amor!<\/strong><br \/>\n1. Com alegria e muita gratid\u00e3o, \/ a Deus erguemos hinos de louvor.<br \/>\nCom toda Igreja e com cada irm\u00e3o, \/ n\u00f3s proclamamos o Divino Salvador.<br \/>\n2. Tornar o Cristo amado e conhecido, \/ nos foi deixado como testamento.<br \/>\nO mundo inteiro ser\u00e1 mais unido \/ se o Evangelho for da vida o fundamento.<br \/>\n3. Filhos e filhas pelo mundo afora \/ De Padre Jordan seguem a miss\u00e3o<br \/>\nE n\u00e3o se cansam de esperar a hora \/ De ver chegar a todo o povo a salva\u00e7\u00e3o.<\/p>\n<p><strong>ORA\u00c7\u00c3O FINAL \u2013 CONSAGRA\u00c7\u00c3O A MARIA<\/strong> (livro preces salvatorianas, ora\u00e7\u00e3o 38 p\u00e1gina 42)<br \/>\n\u00d3 Virgem Imaculada, M\u00e3e do Salvador e Rainha dos Ap\u00f3stolos, nossa m\u00e3e e padroeira, na presen\u00e7a da<br \/>\nSant\u00edssima Trindade e de toda a corte celestial, n\u00f3s nos confiamos e consagramos inteiramente e para sempre a<br \/>\nti, como teus filhos e filhas. N\u00e3o nos desampares, mas volve para n\u00f3s teu olhar misericordioso. Protege e defende<br \/>\ncontra todo o mal, a n\u00f3s e a toda a Fam\u00edlia Salvatoriana.<br \/>\nQueremo-nos empenhar firmemente para que todas as gera\u00e7\u00f5es te proclamem bem-aventurada. M\u00e3e<br \/>\nclement\u00edssima, faze de n\u00f3s fi\u00e9is seguidores\/as de teu divino Filho, Salvador do mundo, e dos santos Ap\u00f3stolos,<br \/>\na fim de seguirmos seus passos, fi\u00e9is at\u00e9 a morte. Am\u00e9m.<\/p>\n<p><strong>B\u00ean\u00e7\u00e3o de Padre Jordan :<\/strong><br \/>\nAben\u00e7oe-vos Deus todo poderoso: Pai, Filho e Esp\u00edrito Santo.<br \/>\nEle vos santifique, confirme e multiplique como a areia do mar e como as estrelas do c\u00e9u, at\u00e9 o fim dos<br \/>\ntempos. Am\u00e9m!<br \/>\n<strong>Pai Nosso &#8230; Ave Maria&#8230; Gl\u00f3ria ao Pai&#8230;<\/strong><\/p>\n<p><strong>Ave Maria, M\u00e3e do Salvador<\/strong><br \/>\n1. Ave Maria M\u00e3e do Salvador, \/ viva esperan\u00e7a do povo sofredor.<br \/>\nFaz-se na terra sinal do nosso Deus, vem orientar os homens filhos teus.<br \/>\n<strong>Refr\u00e3o: Maria M\u00e3e da Igreja, \/ Rainha universal. Modelo de virtude liberta-nos do mal.<\/strong><br \/>\n<strong>Ensina ser fiel o povo do Senhor. Que o mundo se transforme no reino de amor.<\/strong><br \/>\n2. Humilde serva vem nos orientar,\/ por onde ir e como caminhar.<br \/>\nServindo a Deus e tamb\u00e9m ao nosso irm\u00e3o. Como resposta \u00e0 nossa voca\u00e7\u00e3o.<br \/>\n3. \u00c9s bem feliz porque soubeste crer,\/ dizendo sim, sem nada em Ti reter.<br \/>\nSer\u00e1s bendita em todas as na\u00e7\u00f5es.\/ Em Ti sentimos a paz nos cora\u00e7\u00f5es.<\/p>\n<p>&nbsp;<\/p>\n<p><strong>Voc\u00ea tamb\u00e9m pode baixar a Novena em PDF<\/strong> &#8211;\u00a0<a href=\"https:\/\/www.salvatorianas.org.br\/blog\/08-de-maio-pdf\/\">https:\/\/www.salvatorianas.org.br\/blog\/08-de-maio-pdf\/<\/a><\/p>\n","protected":false},"excerpt":{"rendered":"<p>A Fam\u00edlia Salvatoriana todo dia 08 de cada m\u00eas est\u00e1 rezando a Novena de Padre Jordan como itiner\u00e1rio para vivenciar o Ano Centen\u00e1rio da Morte\/Ressurrei\u00e7\u00e3o do Vener\u00e1vel Servo de Deus Pe. Francisco Maria&#8230;<\/p>\n","protected":false},"author":2,"featured_media":6030,"comment_status":"open","ping_status":"open","sticky":false,"template":"","format":"standard","meta":[],"categories":[27,1],"tags":[],"_links":{"self":[{"href":"https:\/\/www.salvatorianas.org.br\/blog\/wp-json\/wp\/v2\/posts\/6029"}],"collection":[{"href":"https:\/\/www.salvatorianas.org.br\/blog\/wp-json\/wp\/v2\/posts"}],"about":[{"href":"https:\/\/www.salvatorianas.org.br\/blog\/wp-json\/wp\/v2\/types\/post"}],"author":[{"embeddable":true,"href":"https:\/\/www.salvatorianas.org.br\/blog\/wp-json\/wp\/v2\/users\/2"}],"replies":[{"embeddable":true,"href":"https:\/\/www.salvatorianas.org.br\/blog\/wp-json\/wp\/v2\/comments?post=6029"}],"version-history":[{"count":6,"href":"https:\/\/www.salvatorianas.org.br\/blog\/wp-json\/wp\/v2\/posts\/6029\/revisions"}],"predecessor-version":[{"id":6038,"href":"https:\/\/www.salvatorianas.org.br\/blog\/wp-json\/wp\/v2\/posts\/6029\/revisions\/6038"}],"wp:featuredmedia":[{"embeddable":true,"href":"https:\/\/www.salvatorianas.org.br\/blog\/wp-json\/wp\/v2\/media\/6030"}],"wp:attachment":[{"href":"https:\/\/www.salvatorianas.org.br\/blog\/wp-json\/wp\/v2\/media?parent=6029"}],"wp:term":[{"taxonomy":"category","embeddable":true,"href":"https:\/\/www.salvatorianas.org.br\/blog\/wp-json\/wp\/v2\/categories?post=6029"},{"taxonomy":"post_tag","embeddable":true,"href":"https:\/\/www.salvatorianas.org.br\/blog\/wp-json\/wp\/v2\/tags?post=6029"}],"curies":[{"name":"wp","href":"https:\/\/api.w.org\/{rel}","templated":true}]}}