{"id":6020,"date":"2018-04-26T11:30:20","date_gmt":"2018-04-26T11:30:20","guid":{"rendered":"https:\/\/www.salvatorianas.org.br\/blog\/?p=6020"},"modified":"2018-05-27T15:35:04","modified_gmt":"2018-05-27T15:35:04","slug":"colegio-salvatoriano-imaculada-conceicao-acolhe-reliquia-de-madre-maria-dos-apostolos","status":"publish","type":"post","link":"https:\/\/www.salvatorianas.org.br\/blog\/colegio-salvatoriano-imaculada-conceicao-acolhe-reliquia-de-madre-maria-dos-apostolos\/","title":{"rendered":"Col\u00e9gio Salvatoriano Imaculada Concei\u00e7\u00e3o acolhe rel\u00edquia de Madre Maria dos Ap\u00f3stolos"},"content":{"rendered":"<p>Em comemora\u00e7\u00e3o ao Cinquenten\u00e1rio da Beatifica\u00e7\u00e3o da Bem-aventurada Maria dos Ap\u00f3stolos, est\u00e1 peregrinando pelas Comunidades Salvatorianas do Brasil e espa\u00e7os de miss\u00e3o a rel\u00edquia de Madre Maria \u00a0dos Ap\u00f3stolos.<\/p>\n<p>Entre os dias 09 e 13 de abril, o Col\u00e9gio Salvatoriano Imaculada Concei\u00e7\u00e3o teve a honra de receber a rel\u00edquia de Madre Maria dos Ap\u00f3stolos e fazer mem\u00f3ria do caminho de santidade percorrido por essa serva do Senhor.<\/p>\n<p>Os estudantes puderam conhecer de perto a hist\u00f3ria da \u00a0Cofundadora das Irm\u00e3s Salvatorianas, o seu caminho de buscas, a sua voca\u00e7\u00e3o e seu dinamismo apost\u00f3lico mission\u00e1rio.<\/p>\n<p>Acesse o \u00e1lbum de fotos em:\u00a0<a href=\"https:\/\/goo.gl\/QPRbdS\">https:\/\/goo.gl\/QPRbdS<\/a><\/p>\n<p>&nbsp;<\/p>\n<p>&nbsp;<\/p>\n","protected":false},"excerpt":{"rendered":"<p>Em comemora\u00e7\u00e3o ao Cinquenten\u00e1rio da Beatifica\u00e7\u00e3o da Bem-aventurada Maria dos Ap\u00f3stolos, est\u00e1 peregrinando pelas Comunidades Salvatorianas do Brasil e espa\u00e7os de miss\u00e3o a rel\u00edquia de Madre Maria \u00a0dos Ap\u00f3stolos. Entre os dias 09&#8230;<\/p>\n","protected":false},"author":2,"featured_media":6021,"comment_status":"open","ping_status":"open","sticky":false,"template":"","format":"standard","meta":[],"categories":[26],"tags":[33],"_links":{"self":[{"href":"https:\/\/www.salvatorianas.org.br\/blog\/wp-json\/wp\/v2\/posts\/6020"}],"collection":[{"href":"https:\/\/www.salvatorianas.org.br\/blog\/wp-json\/wp\/v2\/posts"}],"about":[{"href":"https:\/\/www.salvatorianas.org.br\/blog\/wp-json\/wp\/v2\/types\/post"}],"author":[{"embeddable":true,"href":"https:\/\/www.salvatorianas.org.br\/blog\/wp-json\/wp\/v2\/users\/2"}],"replies":[{"embeddable":true,"href":"https:\/\/www.salvatorianas.org.br\/blog\/wp-json\/wp\/v2\/comments?post=6020"}],"version-history":[{"count":4,"href":"https:\/\/www.salvatorianas.org.br\/blog\/wp-json\/wp\/v2\/posts\/6020\/revisions"}],"predecessor-version":[{"id":6025,"href":"https:\/\/www.salvatorianas.org.br\/blog\/wp-json\/wp\/v2\/posts\/6020\/revisions\/6025"}],"wp:featuredmedia":[{"embeddable":true,"href":"https:\/\/www.salvatorianas.org.br\/blog\/wp-json\/wp\/v2\/media\/6021"}],"wp:attachment":[{"href":"https:\/\/www.salvatorianas.org.br\/blog\/wp-json\/wp\/v2\/media?parent=6020"}],"wp:term":[{"taxonomy":"category","embeddable":true,"href":"https:\/\/www.salvatorianas.org.br\/blog\/wp-json\/wp\/v2\/categories?post=6020"},{"taxonomy":"post_tag","embeddable":true,"href":"https:\/\/www.salvatorianas.org.br\/blog\/wp-json\/wp\/v2\/tags?post=6020"}],"curies":[{"name":"wp","href":"https:\/\/api.w.org\/{rel}","templated":true}]}}